{"id":46306,"date":"2019-03-19T10:15:37","date_gmt":"2019-03-19T07:15:37","guid":{"rendered":"http:\/\/arantv.az\/?p=46306"},"modified":"2019-03-19T10:15:37","modified_gmt":"2019-03-19T07:15:37","slug":"nazir-ziya-m%c9%99mm%c9%99dovun-kadrina-v%c9%99zif%c9%99-verdi","status":"publish","type":"post","link":"https:\/\/arantv.az\/?p=46306","title":{"rendered":"Nazir Ziya M\u0259mm\u0259dovun kadr\u0131na v\u0259zif\u0259 verdi"},"content":{"rendered":"<p>\u018fm\u0259k v\u0259 \u018fhalinin Sosial M\u00fcdafi\u0259si Nazirliyind\u0259 (\u018f\u018fSNM) daha bir d\u0259yi\u015fiklik ba\u015f verib.<\/p>\n<p><b>ARANTV.AZ\u00a0<\/b>\u00a0mia.az-a istinad\u0259n x\u0259b\u0259r verir ki, N\u0259rimanov rayon m\u0259\u015f\u011fulluq m\u0259rk\u0259zinin direktoru Qurban N\u0259z\u0259rov tutdu\u011fu v\u0259zif\u0259d\u0259n k\u0259narla\u015fd\u0131r\u0131l\u0131b. Dig\u0259r \u0259mrl\u0259 Q.N\u0259z\u0259rov Bak\u0131 \u015e\u0259h\u0259r M\u0259\u015f\u011fulluq \u0130dar\u0259sinin direktor m\u00fcavini t\u0259yin olunub.<\/p>\n<div id=\"AdributorNativeVideo0\" class=\"AdributorNativeVideo\"><\/div>\n<p><ins><\/ins><\/p>\n<div id=\"beacon_fc8aae8aad\"><img loading=\"lazy\" src=\"https:\/\/ads2.newmedia.az\/www\/delivery\/lg.php?bannerid=0&amp;campaignid=0&amp;zoneid=975&amp;loc=https%3A%2F%2Fbig.az%2F348174-nazir_ziya_memmedovun_kadrina_vezife_verdi.html&amp;referer=https%3A%2F%2Fbig.az%2F&amp;cb=fc8aae8aad\" alt=\"\" width=\"0\" height=\"0\" \/><\/div>\n<p>N\u0259rimanov rayon m\u0259\u015f\u011fulluq m\u0259rk\u0259zinin direktoru v\u0259zif\u0259si is\u0259 m\u00fcv\u0259qq\u0259ti olaraq m\u00fcavini R\u00f6v\u015f\u0259n M\u0259mm\u0259dova h\u0259val\u0259 olunub.<\/p>\n<p>X\u0259b\u0259ri N\u0259rimanov rayon M\u0259\u015f\u011fulluq M\u0259rk\u0259zind\u0259n t\u0259sdiql\u0259yibl\u0259r.<\/p>\n<p>Onu da n\u0259z\u0259r\u0259 \u00e7atd\u0131raq ki, Qurban N\u0259z\u0259rov sabiq N\u0259qliyy\u0259t naziri Ziya M\u0259mm\u0259dovun kadr\u0131 kimi tan\u0131n\u0131r. O, uzun ill\u0259r &#8220;Az\u0259rbaycan D\u0259mir Yollar\u0131\u201d QSC-d\u0259 y\u00fcks\u0259k v\u0259zif\u0259l\u0259rd\u0259 \u00e7al\u0131\u015f\u0131b. N\u0259rimanov rayon m\u0259\u015f\u011fulluq m\u0259rk\u0259zinin direktoru v\u0259zif\u0259sin\u0259 t\u0259yin olunanad\u0259k &#8220;Az\u0259rbaycan D\u0259mir Yollar\u0131\u201d QSC-nin s\u0259dr m\u00fcavini olub.<\/p>\n<p>&nbsp;<\/p>\n","protected":false},"excerpt":{"rendered":"<p>\u018fm\u0259k v\u0259 \u018fhalinin Sosial M\u00fcdafi\u0259si Nazirliyind\u0259 (\u018f\u018fSNM) daha bir d\u0259yi\u015fiklik ba\u015f verib. ARANTV.AZ\u00a0\u00a0mia.az-a istinad\u0259n x\u0259b\u0259r verir ki, N\u0259rimanov rayon m\u0259\u015f\u011fulluq m\u0259rk\u0259zinin direktoru Qurban N\u0259z\u0259rov tutdu\u011fu v\u0259zif\u0259d\u0259n k\u0259narla\u015fd\u0131r\u0131l\u0131b. Dig\u0259r \u0259mrl\u0259 Q.N\u0259z\u0259rov Bak\u0131 \u015e\u0259h\u0259r M\u0259\u015f\u011fulluq \u0130dar\u0259sinin direktor m\u00fcavini t\u0259yin olunub. N\u0259rimanov rayon m\u0259\u015f\u011fulluq m\u0259rk\u0259zinin direktoru v\u0259zif\u0259si is\u0259 m\u00fcv\u0259qq\u0259ti olaraq m\u00fcavini R\u00f6v\u015f\u0259n M\u0259mm\u0259dova h\u0259val\u0259 olunub. X\u0259b\u0259ri N\u0259rimanov rayon M\u0259\u015f\u011fulluq M\u0259rk\u0259zind\u0259n t\u0259sdiql\u0259yibl\u0259r. Onu da n\u0259z\u0259r\u0259 \u00e7atd\u0131raq ki, Qurban N\u0259z\u0259rov sabiq N\u0259qliyy\u0259t naziri Ziya M\u0259mm\u0259dovun kadr\u0131 kimi tan\u0131n\u0131r. O, uzun ill\u0259r &#8220;Az\u0259rbaycan D\u0259mir Yollar\u0131\u201d QSC-d\u0259 y\u00fcks\u0259k v\u0259zif\u0259l\u0259rd\u0259 \u00e7al\u0131\u015f\u0131b. N\u0259rimanov rayon m\u0259\u015f\u011fulluq m\u0259rk\u0259zinin direktoru v\u0259zif\u0259sin\u0259 t\u0259yin&hellip;<\/p>\n","protected":false},"author":2,"featured_media":46307,"comment_status":"closed","ping_status":"closed","sticky":false,"template":"","format":"standard","meta":{"om_disable_all_campaigns":false,"_monsterinsights_skip_tracking":false,"_monsterinsights_sitenote_active":false,"_monsterinsights_sitenote_note":"","_monsterinsights_sitenote_category":0},"categories":[1],"tags":[],"aioseo_notices":[],"gutentor_comment":0,"rttpg_featured_image_url":{"full":["https:\/\/arantv.az\/wp-content\/uploads\/2019\/03\/1_41552978168.jpg",600,400,false],"landscape":["https:\/\/arantv.az\/wp-content\/uploads\/2019\/03\/1_41552978168.jpg",600,400,false],"portraits":["https:\/\/arantv.az\/wp-content\/uploads\/2019\/03\/1_41552978168.jpg",600,400,false],"thumbnail":["https:\/\/arantv.az\/wp-content\/uploads\/2019\/03\/1_41552978168-150x150.jpg",150,150,true],"medium":["https:\/\/arantv.az\/wp-content\/uploads\/2019\/03\/1_41552978168-300x200.jpg",300,200,true],"large":["https:\/\/arantv.az\/wp-content\/uploads\/2019\/03\/1_41552978168.jpg",600,400,false],"1536x1536":["https:\/\/arantv.az\/wp-content\/uploads\/2019\/03\/1_41552978168.jpg",600,400,false],"2048x2048":["https:\/\/arantv.az\/wp-content\/uploads\/2019\/03\/1_41552978168.jpg",600,400,false],"post-thumbnail":["https:\/\/arantv.az\/wp-content\/uploads\/2019\/03\/1_41552978168-240x172.jpg",240,172,true],"advps-thumb-one":["https:\/\/arantv.az\/wp-content\/uploads\/2019\/03\/1_41552978168.jpg",600,400,false]},"rttpg_author":{"display_name":"V\u00fcsal Rafiqo\u011flu","author_link":"https:\/\/arantv.az\/?author=2"},"rttpg_comment":0,"rttpg_category":"<a href=\"https:\/\/arantv.az\/?cat=1\" rel=\"category\">C\u0259miyy\u0259t<\/a>","rttpg_excerpt":"\u018fm\u0259k v\u0259 \u018fhalinin Sosial M\u00fcdafi\u0259si Nazirliyind\u0259 (\u018f\u018fSNM) daha bir d\u0259yi\u015fiklik ba\u015f verib. ARANTV.AZ\u00a0\u00a0mia.az-a istinad\u0259n x\u0259b\u0259r verir ki, N\u0259rimanov rayon m\u0259\u015f\u011fulluq m\u0259rk\u0259zinin direktoru Qurban N\u0259z\u0259rov tutdu\u011fu v\u0259zif\u0259d\u0259n k\u0259narla\u015fd\u0131r\u0131l\u0131b. Dig\u0259r \u0259mrl\u0259 Q.N\u0259z\u0259rov Bak\u0131 \u015e\u0259h\u0259r M\u0259\u015f\u011fulluq \u0130dar\u0259sinin direktor m\u00fcavini t\u0259yin olunub. N\u0259rimanov rayon m\u0259\u015f\u011fulluq m\u0259rk\u0259zinin direktoru v\u0259zif\u0259si is\u0259 m\u00fcv\u0259qq\u0259ti olaraq m\u00fcavini R\u00f6v\u015f\u0259n M\u0259mm\u0259dova h\u0259val\u0259 olunub. X\u0259b\u0259ri N\u0259rimanov rayon&hellip;","_links":{"self":[{"href":"https:\/\/arantv.az\/index.php?rest_route=\/wp\/v2\/posts\/46306"}],"collection":[{"href":"https:\/\/arantv.az\/index.php?rest_route=\/wp\/v2\/posts"}],"about":[{"href":"https:\/\/arantv.az\/index.php?rest_route=\/wp\/v2\/types\/post"}],"author":[{"embeddable":true,"href":"https:\/\/arantv.az\/index.php?rest_route=\/wp\/v2\/users\/2"}],"replies":[{"embeddable":true,"href":"https:\/\/arantv.az\/index.php?rest_route=%2Fwp%2Fv2%2Fcomments&post=46306"}],"version-history":[{"count":0,"href":"https:\/\/arantv.az\/index.php?rest_route=\/wp\/v2\/posts\/46306\/revisions"}],"wp:featuredmedia":[{"embeddable":true,"href":"https:\/\/arantv.az\/index.php?rest_route=\/wp\/v2\/media\/46307"}],"wp:attachment":[{"href":"https:\/\/arantv.az\/index.php?rest_route=%2Fwp%2Fv2%2Fmedia&parent=46306"}],"wp:term":[{"taxonomy":"category","embeddable":true,"href":"https:\/\/arantv.az\/index.php?rest_route=%2Fwp%2Fv2%2Fcategories&post=46306"},{"taxonomy":"post_tag","embeddable":true,"href":"https:\/\/arantv.az\/index.php?rest_route=%2Fwp%2Fv2%2Ftags&post=46306"}],"curies":[{"name":"wp","href":"https:\/\/api.w.org\/{rel}","templated":true}]}}