{"id":464974,"date":"2022-04-18T18:40:28","date_gmt":"2022-04-18T15:40:28","guid":{"rendered":"https:\/\/arantv.az\/?p=464974"},"modified":"2022-04-18T18:40:28","modified_gmt":"2022-04-18T15:40:28","slug":"heyk%c9%99ll%c9%99r-niy%c9%99-vaxtinda-yuyulmur-video","status":"publish","type":"post","link":"https:\/\/arantv.az\/?p=464974","title":{"rendered":"Heyk\u0259ll\u0259r niy\u0259 vaxt\u0131nda yuyulmur? \u2013 V\u0130DEO"},"content":{"rendered":"<article class=\"news\">\n<div class=\"news-inner\">\n<p>18 aprel Beyn\u0259lxalq abid\u0259l\u0259r v\u0259 tarixi yerl\u0259r g\u00fcn\u00fcd\u00fcr. El\u0259 bu m\u00fcnasib\u0259tl\u0259 M\u0259d\u0259niyy\u0259t Nazirliyinin t\u0259\u015fkilat\u00e7\u0131l\u0131\u011f\u0131 il\u0259 paytaxtdak\u0131 heyk\u0259ll\u0259r t\u0259mizl\u0259nir v\u0259 yuyulur.<\/p>\n<div class=\"AdviadNativeVideo\"><\/div>\n<p>Maraql\u0131d\u0131r, heyk\u0259ll\u0259rin t\u0259mizl\u0259nm\u0259si \u00fc\u00e7\u00fcn niy\u0259 m\u0259hz ild\u0259 bir d\u0259f\u0259 qeyd olunan bu g\u00fcn\u00fc g\u00f6zl\u0259m\u0259k laz\u0131md\u0131r?<\/p>\n<p>M\u0259d\u0259niyy\u0259t Nazirliyinin sektor m\u00fcdiri Aq\u015fin Mirfeyzullazad\u0259 bildirib ki, Bak\u0131 Abadl\u0131q Xidm\u0259tinin n\u0259zdind\u0259 olan heyk\u0259ll\u0259r daim yuyulur.<\/p>\n<p>Daha \u0259trafl\u0131 Baku TV-nin s\u00fcjetind\u0259:<\/p>\n<div><iframe loading=\"lazy\" title=\"YouTube video player\" src=\"https:\/\/www.youtube.com\/embed\/46ki37-SAKQ\" width=\"560\" height=\"315\" frameborder=\"0\" allowfullscreen=\"allowfullscreen\" data-mce-fragment=\"1\"><\/iframe><\/div>\n<\/div>\n<\/article>\n","protected":false},"excerpt":{"rendered":"<p>18 aprel Beyn\u0259lxalq abid\u0259l\u0259r v\u0259 tarixi yerl\u0259r g\u00fcn\u00fcd\u00fcr. El\u0259 bu m\u00fcnasib\u0259tl\u0259 M\u0259d\u0259niyy\u0259t Nazirliyinin t\u0259\u015fkilat\u00e7\u0131l\u0131\u011f\u0131 il\u0259 paytaxtdak\u0131 heyk\u0259ll\u0259r t\u0259mizl\u0259nir v\u0259 yuyulur. Maraql\u0131d\u0131r, heyk\u0259ll\u0259rin t\u0259mizl\u0259nm\u0259si \u00fc\u00e7\u00fcn niy\u0259 m\u0259hz ild\u0259 bir d\u0259f\u0259 qeyd olunan bu g\u00fcn\u00fc g\u00f6zl\u0259m\u0259k laz\u0131md\u0131r? M\u0259d\u0259niyy\u0259t Nazirliyinin sektor m\u00fcdiri Aq\u015fin Mirfeyzullazad\u0259 bildirib ki, Bak\u0131 Abadl\u0131q Xidm\u0259tinin n\u0259zdind\u0259 olan heyk\u0259ll\u0259r daim yuyulur. Daha \u0259trafl\u0131 Baku TV-nin s\u00fcjetind\u0259:<\/p>\n","protected":false},"author":2,"featured_media":464975,"comment_status":"closed","ping_status":"closed","sticky":false,"template":"","format":"standard","meta":{"om_disable_all_campaigns":false,"_monsterinsights_skip_tracking":false,"_monsterinsights_sitenote_active":false,"_monsterinsights_sitenote_note":"","_monsterinsights_sitenote_category":0},"categories":[1],"tags":[],"aioseo_notices":[],"gutentor_comment":0,"rttpg_featured_image_url":{"full":["https:\/\/arantv.az\/wp-content\/uploads\/2022\/04\/FotoJet-2022-04-18T190529.604.jpg",620,413,false],"landscape":["https:\/\/arantv.az\/wp-content\/uploads\/2022\/04\/FotoJet-2022-04-18T190529.604.jpg",620,413,false],"portraits":["https:\/\/arantv.az\/wp-content\/uploads\/2022\/04\/FotoJet-2022-04-18T190529.604.jpg",620,413,false],"thumbnail":["https:\/\/arantv.az\/wp-content\/uploads\/2022\/04\/FotoJet-2022-04-18T190529.604-500x280.jpg",500,280,true],"medium":["https:\/\/arantv.az\/wp-content\/uploads\/2022\/04\/FotoJet-2022-04-18T190529.604-548x365.jpg",548,365,true],"large":["https:\/\/arantv.az\/wp-content\/uploads\/2022\/04\/FotoJet-2022-04-18T190529.604.jpg",620,413,false],"1536x1536":["https:\/\/arantv.az\/wp-content\/uploads\/2022\/04\/FotoJet-2022-04-18T190529.604.jpg",620,413,false],"2048x2048":["https:\/\/arantv.az\/wp-content\/uploads\/2022\/04\/FotoJet-2022-04-18T190529.604.jpg",620,413,false],"post-thumbnail":["https:\/\/arantv.az\/wp-content\/uploads\/2022\/04\/FotoJet-2022-04-18T190529.604-240x172.jpg",240,172,true],"advps-thumb-one":["https:\/\/arantv.az\/wp-content\/uploads\/2022\/04\/FotoJet-2022-04-18T190529.604.jpg",620,413,false]},"rttpg_author":{"display_name":"V\u00fcsal Rafiqo\u011flu","author_link":"https:\/\/arantv.az\/?author=2"},"rttpg_comment":0,"rttpg_category":"<a href=\"https:\/\/arantv.az\/?cat=1\" rel=\"category\">C\u0259miyy\u0259t<\/a>","rttpg_excerpt":"18 aprel Beyn\u0259lxalq abid\u0259l\u0259r v\u0259 tarixi yerl\u0259r g\u00fcn\u00fcd\u00fcr. El\u0259 bu m\u00fcnasib\u0259tl\u0259 M\u0259d\u0259niyy\u0259t Nazirliyinin t\u0259\u015fkilat\u00e7\u0131l\u0131\u011f\u0131 il\u0259 paytaxtdak\u0131 heyk\u0259ll\u0259r t\u0259mizl\u0259nir v\u0259 yuyulur. Maraql\u0131d\u0131r, heyk\u0259ll\u0259rin t\u0259mizl\u0259nm\u0259si \u00fc\u00e7\u00fcn niy\u0259 m\u0259hz ild\u0259 bir d\u0259f\u0259 qeyd olunan bu g\u00fcn\u00fc g\u00f6zl\u0259m\u0259k laz\u0131md\u0131r? M\u0259d\u0259niyy\u0259t Nazirliyinin sektor m\u00fcdiri Aq\u015fin Mirfeyzullazad\u0259 bildirib ki, Bak\u0131 Abadl\u0131q Xidm\u0259tinin n\u0259zdind\u0259 olan heyk\u0259ll\u0259r daim yuyulur. Daha \u0259trafl\u0131 Baku TV-nin&hellip;","_links":{"self":[{"href":"https:\/\/arantv.az\/index.php?rest_route=\/wp\/v2\/posts\/464974"}],"collection":[{"href":"https:\/\/arantv.az\/index.php?rest_route=\/wp\/v2\/posts"}],"about":[{"href":"https:\/\/arantv.az\/index.php?rest_route=\/wp\/v2\/types\/post"}],"author":[{"embeddable":true,"href":"https:\/\/arantv.az\/index.php?rest_route=\/wp\/v2\/users\/2"}],"replies":[{"embeddable":true,"href":"https:\/\/arantv.az\/index.php?rest_route=%2Fwp%2Fv2%2Fcomments&post=464974"}],"version-history":[{"count":0,"href":"https:\/\/arantv.az\/index.php?rest_route=\/wp\/v2\/posts\/464974\/revisions"}],"wp:featuredmedia":[{"embeddable":true,"href":"https:\/\/arantv.az\/index.php?rest_route=\/wp\/v2\/media\/464975"}],"wp:attachment":[{"href":"https:\/\/arantv.az\/index.php?rest_route=%2Fwp%2Fv2%2Fmedia&parent=464974"}],"wp:term":[{"taxonomy":"category","embeddable":true,"href":"https:\/\/arantv.az\/index.php?rest_route=%2Fwp%2Fv2%2Fcategories&post=464974"},{"taxonomy":"post_tag","embeddable":true,"href":"https:\/\/arantv.az\/index.php?rest_route=%2Fwp%2Fv2%2Ftags&post=464974"}],"curies":[{"name":"wp","href":"https:\/\/api.w.org\/{rel}","templated":true}]}}