{"id":46621,"date":"2019-03-22T09:43:08","date_gmt":"2019-03-22T06:43:08","guid":{"rendered":"http:\/\/arantv.az\/?p=46621"},"modified":"2019-03-22T09:43:08","modified_gmt":"2019-03-22T06:43:08","slug":"paytaxtin-bu-rayonuna-elektrik-enerjisi-fasil%c9%99l%c9%99rl%c9%99-veril%c9%99c%c9%99k","status":"publish","type":"post","link":"https:\/\/arantv.az\/?p=46621","title":{"rendered":"Paytaxt\u0131n bu rayonuna elektrik enerjisi fasil\u0259l\u0259rl\u0259 veril\u0259c\u0259k"},"content":{"rendered":"<p><strong>&#8220;Bu g\u00fcn saat 10:30-dan 14:30-a q\u0259d\u0259r X\u0259z\u0259r rayonunun Buzovna, Nardaran v\u0259 Bilg\u0259h q\u0259s\u0259b\u0259l\u0259rinin bir hiss\u0259sin\u0259 elektrik enerjisinin verili\u015find\u0259 q\u0131sam\u00fcdd\u0259tli fasil\u0259l\u0259r yaranacaq&#8221;.<\/strong><\/p>\n<p><b>ARANTV.AZ\u00a0<\/b>x\u0259b\u0259r verir ki, bunu &#8220;Report&#8221;a a\u00e7\u0131qlamas\u0131nda &#8220;Az\u0259ri\u015f\u0131q&#8221; ASC-nin m\u0259tbuat xidm\u0259tinin r\u0259hb\u0259ri Tanr\u0131verdi Mustafayev deyib.<\/p>\n<p>T.Mustafayevin s\u00f6zl\u0259rin\u0259 g\u00f6r\u0259, fasil\u0259 X\u0259z\u0259r rayonu \u0259razisind\u0259ki elektrik verili\u015f x\u0259tl\u0259rind\u0259 apar\u0131lan t\u0259mir-b\u0259rpa v\u0259 yenid\u0259nqurma i\u015fl\u0259ri il\u0259 \u0259laq\u0259dard\u0131r.<\/p>\n<p>Yaranacaq narahatl\u0131\u011fa g\u00f6r\u0259 &#8220;Az\u0259ri\u015f\u0131q&#8221; abun\u0259\u00e7il\u0259rd\u0259n \u00fczr ist\u0259yib.<\/p>\n<p>Xat\u0131rladaq ki, 2019-cu ilin \u0259vv\u0259lind\u0259 Bak\u0131n\u0131n Bin\u0259q\u0259di, X\u0259z\u0259r rayonlar\u0131 da daxil olmaqla, \u00f6lk\u0259nin 10-dan art\u0131q regionuna &#8220;Az\u0259ri\u015f\u0131\u011f&#8221;\u0131n texnika il\u0259 y\u00fckl\u0259nmi\u015f ma\u015f\u0131n karvan\u0131 g\u00f6nd\u0259rilib.<\/p>\n","protected":false},"excerpt":{"rendered":"<p>&#8220;Bu g\u00fcn saat 10:30-dan 14:30-a q\u0259d\u0259r X\u0259z\u0259r rayonunun Buzovna, Nardaran v\u0259 Bilg\u0259h q\u0259s\u0259b\u0259l\u0259rinin bir hiss\u0259sin\u0259 elektrik enerjisinin verili\u015find\u0259 q\u0131sam\u00fcdd\u0259tli fasil\u0259l\u0259r yaranacaq&#8221;. ARANTV.AZ\u00a0x\u0259b\u0259r verir ki, bunu &#8220;Report&#8221;a a\u00e7\u0131qlamas\u0131nda &#8220;Az\u0259ri\u015f\u0131q&#8221; ASC-nin m\u0259tbuat xidm\u0259tinin r\u0259hb\u0259ri Tanr\u0131verdi Mustafayev deyib. T.Mustafayevin s\u00f6zl\u0259rin\u0259 g\u00f6r\u0259, fasil\u0259 X\u0259z\u0259r rayonu \u0259razisind\u0259ki elektrik verili\u015f x\u0259tl\u0259rind\u0259 apar\u0131lan t\u0259mir-b\u0259rpa v\u0259 yenid\u0259nqurma i\u015fl\u0259ri il\u0259 \u0259laq\u0259dard\u0131r. Yaranacaq narahatl\u0131\u011fa g\u00f6r\u0259 &#8220;Az\u0259ri\u015f\u0131q&#8221; abun\u0259\u00e7il\u0259rd\u0259n \u00fczr ist\u0259yib. Xat\u0131rladaq ki, 2019-cu ilin \u0259vv\u0259lind\u0259 Bak\u0131n\u0131n Bin\u0259q\u0259di, X\u0259z\u0259r rayonlar\u0131 da daxil olmaqla, \u00f6lk\u0259nin 10-dan art\u0131q regionuna &#8220;Az\u0259ri\u015f\u0131\u011f&#8221;\u0131n texnika il\u0259 y\u00fckl\u0259nmi\u015f ma\u015f\u0131n karvan\u0131 g\u00f6nd\u0259rilib.<\/p>\n","protected":false},"author":2,"featured_media":46622,"comment_status":"closed","ping_status":"closed","sticky":false,"template":"","format":"standard","meta":{"om_disable_all_campaigns":false,"_monsterinsights_skip_tracking":false,"_monsterinsights_sitenote_active":false,"_monsterinsights_sitenote_note":"","_monsterinsights_sitenote_category":0},"categories":[1],"tags":[],"aioseo_notices":[],"gutentor_comment":0,"rttpg_featured_image_url":{"full":["https:\/\/arantv.az\/wp-content\/uploads\/2019\/03\/elektrik5.jpg",800,450,false],"landscape":["https:\/\/arantv.az\/wp-content\/uploads\/2019\/03\/elektrik5.jpg",800,450,false],"portraits":["https:\/\/arantv.az\/wp-content\/uploads\/2019\/03\/elektrik5.jpg",800,450,false],"thumbnail":["https:\/\/arantv.az\/wp-content\/uploads\/2019\/03\/elektrik5-150x150.jpg",150,150,true],"medium":["https:\/\/arantv.az\/wp-content\/uploads\/2019\/03\/elektrik5-300x169.jpg",300,169,true],"large":["https:\/\/arantv.az\/wp-content\/uploads\/2019\/03\/elektrik5.jpg",640,360,false],"1536x1536":["https:\/\/arantv.az\/wp-content\/uploads\/2019\/03\/elektrik5.jpg",800,450,false],"2048x2048":["https:\/\/arantv.az\/wp-content\/uploads\/2019\/03\/elektrik5.jpg",800,450,false],"post-thumbnail":["https:\/\/arantv.az\/wp-content\/uploads\/2019\/03\/elektrik5-240x172.jpg",240,172,true],"advps-thumb-one":["https:\/\/arantv.az\/wp-content\/uploads\/2019\/03\/elektrik5.jpg",800,450,false]},"rttpg_author":{"display_name":"V\u00fcsal Rafiqo\u011flu","author_link":"https:\/\/arantv.az\/?author=2"},"rttpg_comment":0,"rttpg_category":"<a href=\"https:\/\/arantv.az\/?cat=1\" rel=\"category\">C\u0259miyy\u0259t<\/a>","rttpg_excerpt":"&#8220;Bu g\u00fcn saat 10:30-dan 14:30-a q\u0259d\u0259r X\u0259z\u0259r rayonunun Buzovna, Nardaran v\u0259 Bilg\u0259h q\u0259s\u0259b\u0259l\u0259rinin bir hiss\u0259sin\u0259 elektrik enerjisinin verili\u015find\u0259 q\u0131sam\u00fcdd\u0259tli fasil\u0259l\u0259r yaranacaq&#8221;. ARANTV.AZ\u00a0x\u0259b\u0259r verir ki, bunu &#8220;Report&#8221;a a\u00e7\u0131qlamas\u0131nda &#8220;Az\u0259ri\u015f\u0131q&#8221; ASC-nin m\u0259tbuat xidm\u0259tinin r\u0259hb\u0259ri Tanr\u0131verdi Mustafayev deyib. T.Mustafayevin s\u00f6zl\u0259rin\u0259 g\u00f6r\u0259, fasil\u0259 X\u0259z\u0259r rayonu \u0259razisind\u0259ki elektrik verili\u015f x\u0259tl\u0259rind\u0259 apar\u0131lan t\u0259mir-b\u0259rpa v\u0259 yenid\u0259nqurma i\u015fl\u0259ri il\u0259 \u0259laq\u0259dard\u0131r. Yaranacaq narahatl\u0131\u011fa g\u00f6r\u0259&hellip;","_links":{"self":[{"href":"https:\/\/arantv.az\/index.php?rest_route=\/wp\/v2\/posts\/46621"}],"collection":[{"href":"https:\/\/arantv.az\/index.php?rest_route=\/wp\/v2\/posts"}],"about":[{"href":"https:\/\/arantv.az\/index.php?rest_route=\/wp\/v2\/types\/post"}],"author":[{"embeddable":true,"href":"https:\/\/arantv.az\/index.php?rest_route=\/wp\/v2\/users\/2"}],"replies":[{"embeddable":true,"href":"https:\/\/arantv.az\/index.php?rest_route=%2Fwp%2Fv2%2Fcomments&post=46621"}],"version-history":[{"count":0,"href":"https:\/\/arantv.az\/index.php?rest_route=\/wp\/v2\/posts\/46621\/revisions"}],"wp:featuredmedia":[{"embeddable":true,"href":"https:\/\/arantv.az\/index.php?rest_route=\/wp\/v2\/media\/46622"}],"wp:attachment":[{"href":"https:\/\/arantv.az\/index.php?rest_route=%2Fwp%2Fv2%2Fmedia&parent=46621"}],"wp:term":[{"taxonomy":"category","embeddable":true,"href":"https:\/\/arantv.az\/index.php?rest_route=%2Fwp%2Fv2%2Fcategories&post=46621"},{"taxonomy":"post_tag","embeddable":true,"href":"https:\/\/arantv.az\/index.php?rest_route=%2Fwp%2Fv2%2Ftags&post=46621"}],"curies":[{"name":"wp","href":"https:\/\/api.w.org\/{rel}","templated":true}]}}