{"id":46624,"date":"2019-03-22T09:46:33","date_gmt":"2019-03-22T06:46:33","guid":{"rendered":"http:\/\/arantv.az\/?p=46624"},"modified":"2019-03-22T09:46:33","modified_gmt":"2019-03-22T06:46:33","slug":"opec-razilasmasi-az%c9%99rbaycana-n%c9%99-ver%c9%99-bil%c9%99r-socar-in-vitse-prezidenti-izah-edir","status":"publish","type":"post","link":"https:\/\/arantv.az\/?p=46624","title":{"rendered":"OPEC+ raz\u0131la\u015fmas\u0131 Az\u0259rbaycana n\u0259 ver\u0259 bil\u0259r? &#8211; SOCAR-\u0131n vitse-prezidenti izah edir"},"content":{"rendered":"<p>&#8220;Az\u0259rbaycan\u0131n OPEC v\u0259 t\u0259\u015fkilata daxil olmayan \u00f6lk\u0259l\u0259rin raz\u0131la\u015fmas\u0131nda i\u015ftirak\u0131 t\u0259kc\u0259 neft qiym\u0259tl\u0259rinin sabitl\u0259\u015fm\u0259sin\u0259 deyil, h\u0259m d\u0259 SOCAR d\u00f6vl\u0259t \u015firk\u0259tin\u0259 koalisiyan\u0131n dig\u0259r \u00fczvl\u0259ri il\u0259 ticari \u0259m\u0259kda\u015fl\u0131\u011f\u0131 geni\u015fl\u0259ndirm\u0259y\u0259 t\u00f6hf\u0259 ver\u0259c\u0259k&#8221;.<\/p>\n<p><strong>ARANTV.AZ\u00a0<\/strong>\u00a0<a href=\"https:\/\/az.trend.az\/\" target=\"_blank\" rel=\"noopener\"><span style=\"color: #000000;\">Trend<\/span><\/a>-\u0259 istinad\u0259n x\u0259b\u0259r verir ki, bunu &#8220;S&amp;P Global Platts&#8221;a m\u00fcsahib\u0259sind\u0259 SOCAR-\u0131n s\u0259rmay\u0259l\u0259r v\u0259 marketinq \u00fczr\u0259 vitse-prezidenti El\u015fad N\u0259sirov deyib.<\/p>\n<p>E.N\u0259sirov bildirib: &#8220;\u018flb\u0259tt\u0259, \u0259sas risk qiym\u0259tin d\u0259yi\u015fk\u0259nliyidir, ancaq biz \u0259minik ki, cari v\u0259 n\u00f6vb\u0259ti ild\u0259 qiym\u0259tl\u0259r stabil olacaq, bir barel\u0259 g\u00f6r\u0259 60 dollar s\u0259viyy\u0259sind\u0259n a\u015fa\u011f\u0131 d\u00fc\u015fm\u0259y\u0259c\u0259k&#8221;.<\/p>\n<p>O qeyd edib ki, SOCAR Az\u0259rbaycan\u0131n raz\u0131la\u015fmada i\u015ftirak\u0131n\u0131 d\u0259st\u0259kl\u0259m\u0259y\u0259 davam ed\u0259c\u0259k. Neft hasilat\u0131n\u0131n azald\u0131lmas\u0131 haqq\u0131nda raz\u0131la\u015fma d\u00f6vl\u0259t \u015firk\u0259tin\u0259 m\u0259nfi t\u0259sir g\u00f6st\u0259rm\u0259y\u0259c\u0259k:<\/p>\n<p>&#8220;Raz\u0131la\u015fma Az\u0259rbaycan v\u0259 OPEC-\u0259 \u00fczv \u00f6lk\u0259l\u0259rin n\u00fcmay\u0259nd\u0259l\u0259ri aras\u0131nda \u0259laq\u0259l\u0259rin f\u0259alla\u015fmas\u0131na imkan yarad\u0131b, bu da daha b\u00f6y\u00fck ticari \u0259m\u0259kda\u015fl\u0131\u011fa g\u0259tirib \u00e7\u0131xara bil\u0259r. X\u00fcsusil\u0259 d\u0259 Az\u0259rbaycan v\u0259 S\u0259udiy\u0259 \u018fr\u0259bistan\u0131 n\u00fcmay\u0259nd\u0259l\u0259ri bir s\u0131ra g\u00f6r\u00fc\u015fl\u0259r ke\u00e7irib v\u0259 energetika \u0259m\u0259kda\u015fl\u0131\u011f\u0131n\u0131n geni\u015fl\u0259ndirilm\u0259sini m\u00fczakir\u0259 edibl\u0259r, \u00f6t\u0259n il is\u0259 &#8220;Saudi Aramco&#8221; Bak\u0131da ofis a\u00e7\u0131b&#8221;.<\/p>\n<p>Az\u0259rbaycan D\u00f6vl\u0259t Neft \u015eirk\u0259tinin vitse-prezidentinin s\u00f6zl\u0259rin\u0259 g\u00f6r\u0259, &#8220;Saudi Aramco&#8221;nun Bak\u0131da b\u00f6y\u00fck ofis a\u00e7mas\u0131 \u015firk\u0259tin X\u0259z\u0259r regionunda i\u015fl\u0259m\u0259y\u0259 maraql\u0131 olmas\u0131ndan x\u0259b\u0259r verir v\u0259 t\u0259bii ki, X\u0259z\u0259rd\u0259 \u0259m\u0259kda\u015fl\u0131q v\u0259 s\u0259rmay\u0259l\u0259r t\u0259kc\u0259 Az\u0259rbaycan sektoru il\u0259 m\u0259hdudla\u015fm\u0131r.<\/p>\n<p>Xat\u0131rladaq ki, bu g\u00fcn Bak\u0131da OPEC v\u0259 qeyri-OPEC \u00f6lk\u0259l\u0259rinin Nazirl\u0259rinin Birg\u0259 Monitorinq Komit\u0259sinin 13-c\u00fc iclas\u0131 ke\u00e7irilib. Toplant\u0131da 14 neft istehsal\u00e7\u0131s\u0131 olan \u00f6lk\u0259 v\u0259 OPEC Katibliyi y\u00fcks\u0259k s\u0259viyy\u0259d\u0259 t\u0259msil olunub.<\/p>\n<p>\u0130clasda OPEC-in bazar\u0131n inki\u015faf tempinin t\u0259hlili \u0259sas\u0131nda haz\u0131rlanm\u0131\u015f t\u0259qdimat\u0131 v\u0259 M\u00fc\u015ft\u0259r\u0259k Texniki Komissiyan\u0131n (JTC) fevral ay\u0131 \u00fczr\u0259 hasilat g\u00f6st\u0259ricil\u0259rind\u0259n b\u0259hs ed\u0259n hesabat\u0131 m\u00fczakir\u0259 edilib, h\u0259m\u00e7inin JTC-nin bazar\u0131n balansla\u015fd\u0131r\u0131lmas\u0131 \u00fczr\u0259 t\u00f6vsiy\u0259l\u0259ri v\u0259 neft istehsal\u0131n\u0131n azald\u0131lmas\u0131na dair \u00f6hd\u0259likl\u0259r\u0259 \u0259m\u0259letm\u0259 s\u0259viyy\u0259si n\u0259z\u0259rd\u0259n ke\u00e7irilib.<\/p>\n","protected":false},"excerpt":{"rendered":"<p>&#8220;Az\u0259rbaycan\u0131n OPEC v\u0259 t\u0259\u015fkilata daxil olmayan \u00f6lk\u0259l\u0259rin raz\u0131la\u015fmas\u0131nda i\u015ftirak\u0131 t\u0259kc\u0259 neft qiym\u0259tl\u0259rinin sabitl\u0259\u015fm\u0259sin\u0259 deyil, h\u0259m d\u0259 SOCAR d\u00f6vl\u0259t \u015firk\u0259tin\u0259 koalisiyan\u0131n dig\u0259r \u00fczvl\u0259ri il\u0259 ticari \u0259m\u0259kda\u015fl\u0131\u011f\u0131 geni\u015fl\u0259ndirm\u0259y\u0259 t\u00f6hf\u0259 ver\u0259c\u0259k&#8221;. ARANTV.AZ\u00a0\u00a0Trend-\u0259 istinad\u0259n x\u0259b\u0259r verir ki, bunu &#8220;S&amp;P Global Platts&#8221;a m\u00fcsahib\u0259sind\u0259 SOCAR-\u0131n s\u0259rmay\u0259l\u0259r v\u0259 marketinq \u00fczr\u0259 vitse-prezidenti El\u015fad N\u0259sirov deyib. E.N\u0259sirov bildirib: &#8220;\u018flb\u0259tt\u0259, \u0259sas risk qiym\u0259tin d\u0259yi\u015fk\u0259nliyidir, ancaq biz \u0259minik ki, cari v\u0259 n\u00f6vb\u0259ti ild\u0259 qiym\u0259tl\u0259r stabil olacaq, bir barel\u0259 g\u00f6r\u0259 60 dollar s\u0259viyy\u0259sind\u0259n a\u015fa\u011f\u0131 d\u00fc\u015fm\u0259y\u0259c\u0259k&#8221;. O qeyd edib ki, SOCAR Az\u0259rbaycan\u0131n raz\u0131la\u015fmada i\u015ftirak\u0131n\u0131 d\u0259st\u0259kl\u0259m\u0259y\u0259 davam ed\u0259c\u0259k. Neft hasilat\u0131n\u0131n azald\u0131lmas\u0131 haqq\u0131nda raz\u0131la\u015fma d\u00f6vl\u0259t&hellip;<\/p>\n","protected":false},"author":2,"featured_media":46625,"comment_status":"closed","ping_status":"closed","sticky":false,"template":"","format":"standard","meta":{"om_disable_all_campaigns":false,"_monsterinsights_skip_tracking":false,"_monsterinsights_sitenote_active":false,"_monsterinsights_sitenote_note":"","_monsterinsights_sitenote_category":0},"categories":[19],"tags":[],"aioseo_notices":[],"gutentor_comment":0,"rttpg_featured_image_url":{"full":["https:\/\/arantv.az\/wp-content\/uploads\/2019\/03\/opec_00.jpg",482,361,false],"landscape":["https:\/\/arantv.az\/wp-content\/uploads\/2019\/03\/opec_00.jpg",482,361,false],"portraits":["https:\/\/arantv.az\/wp-content\/uploads\/2019\/03\/opec_00.jpg",482,361,false],"thumbnail":["https:\/\/arantv.az\/wp-content\/uploads\/2019\/03\/opec_00-150x150.jpg",150,150,true],"medium":["https:\/\/arantv.az\/wp-content\/uploads\/2019\/03\/opec_00-300x225.jpg",300,225,true],"large":["https:\/\/arantv.az\/wp-content\/uploads\/2019\/03\/opec_00.jpg",482,361,false],"1536x1536":["https:\/\/arantv.az\/wp-content\/uploads\/2019\/03\/opec_00.jpg",482,361,false],"2048x2048":["https:\/\/arantv.az\/wp-content\/uploads\/2019\/03\/opec_00.jpg",482,361,false],"post-thumbnail":["https:\/\/arantv.az\/wp-content\/uploads\/2019\/03\/opec_00-240x172.jpg",240,172,true],"advps-thumb-one":["https:\/\/arantv.az\/wp-content\/uploads\/2019\/03\/opec_00.jpg",482,361,false]},"rttpg_author":{"display_name":"V\u00fcsal Rafiqo\u011flu","author_link":"https:\/\/arantv.az\/?author=2"},"rttpg_comment":0,"rttpg_category":"<a href=\"https:\/\/arantv.az\/?cat=19\" rel=\"category\">G\u00fcnd\u0259m<\/a>","rttpg_excerpt":"&#8220;Az\u0259rbaycan\u0131n OPEC v\u0259 t\u0259\u015fkilata daxil olmayan \u00f6lk\u0259l\u0259rin raz\u0131la\u015fmas\u0131nda i\u015ftirak\u0131 t\u0259kc\u0259 neft qiym\u0259tl\u0259rinin sabitl\u0259\u015fm\u0259sin\u0259 deyil, h\u0259m d\u0259 SOCAR d\u00f6vl\u0259t \u015firk\u0259tin\u0259 koalisiyan\u0131n dig\u0259r \u00fczvl\u0259ri il\u0259 ticari \u0259m\u0259kda\u015fl\u0131\u011f\u0131 geni\u015fl\u0259ndirm\u0259y\u0259 t\u00f6hf\u0259 ver\u0259c\u0259k&#8221;. ARANTV.AZ\u00a0\u00a0Trend-\u0259 istinad\u0259n x\u0259b\u0259r verir ki, bunu &#8220;S&amp;P Global Platts&#8221;a m\u00fcsahib\u0259sind\u0259 SOCAR-\u0131n s\u0259rmay\u0259l\u0259r v\u0259 marketinq \u00fczr\u0259 vitse-prezidenti El\u015fad N\u0259sirov deyib. E.N\u0259sirov bildirib: &#8220;\u018flb\u0259tt\u0259, \u0259sas risk qiym\u0259tin d\u0259yi\u015fk\u0259nliyidir, ancaq&hellip;","_links":{"self":[{"href":"https:\/\/arantv.az\/index.php?rest_route=\/wp\/v2\/posts\/46624"}],"collection":[{"href":"https:\/\/arantv.az\/index.php?rest_route=\/wp\/v2\/posts"}],"about":[{"href":"https:\/\/arantv.az\/index.php?rest_route=\/wp\/v2\/types\/post"}],"author":[{"embeddable":true,"href":"https:\/\/arantv.az\/index.php?rest_route=\/wp\/v2\/users\/2"}],"replies":[{"embeddable":true,"href":"https:\/\/arantv.az\/index.php?rest_route=%2Fwp%2Fv2%2Fcomments&post=46624"}],"version-history":[{"count":0,"href":"https:\/\/arantv.az\/index.php?rest_route=\/wp\/v2\/posts\/46624\/revisions"}],"wp:featuredmedia":[{"embeddable":true,"href":"https:\/\/arantv.az\/index.php?rest_route=\/wp\/v2\/media\/46625"}],"wp:attachment":[{"href":"https:\/\/arantv.az\/index.php?rest_route=%2Fwp%2Fv2%2Fmedia&parent=46624"}],"wp:term":[{"taxonomy":"category","embeddable":true,"href":"https:\/\/arantv.az\/index.php?rest_route=%2Fwp%2Fv2%2Fcategories&post=46624"},{"taxonomy":"post_tag","embeddable":true,"href":"https:\/\/arantv.az\/index.php?rest_route=%2Fwp%2Fv2%2Ftags&post=46624"}],"curies":[{"name":"wp","href":"https:\/\/api.w.org\/{rel}","templated":true}]}}