{"id":46633,"date":"2019-03-22T09:54:47","date_gmt":"2019-03-22T06:54:47","guid":{"rendered":"http:\/\/arantv.az\/?p=46633"},"modified":"2019-03-22T09:54:47","modified_gmt":"2019-03-22T06:54:47","slug":"samuxda-%c9%99r-arvadinin-qanini-tokdu","status":"publish","type":"post","link":"https:\/\/arantv.az\/?p=46633","title":{"rendered":"Samuxda \u0259r arvad\u0131n\u0131n qan\u0131n\u0131 t\u00f6kd\u00fc"},"content":{"rendered":"<p>Samux rayonunun Karayeri q\u0259s\u0259b\u0259sind\u0259 b\u0131\u00e7aqlanma hadis\u0259si ba\u015f verib.<\/p>\n<p>Bu bar\u0259d\u0259 oxu.az-\u0131n regional m\u00fcxbiri m\u0259lumat verib.<\/p>\n<p>Q\u0259s\u0259b\u0259 sakini 1964-c\u00fc il t\u0259v\u0259ll\u00fcdl\u00fc Dilb\u0259r M\u0259h\u0259rr\u0259mova ya\u015fad\u0131\u011f\u0131 evd\u0259 h\u0259yat yolda\u015f\u0131 t\u0259r\u0259find\u0259n b\u0131\u00e7aqlan\u0131b.<\/p>\n<div id=\"AdributorNativeVideo0\" class=\"AdributorNativeVideo\"><\/div>\n<p><ins><\/ins><\/p>\n<div id=\"beacon_02b3aa5625\"><img loading=\"lazy\" src=\"https:\/\/ads2.newmedia.az\/www\/delivery\/lg.php?bannerid=0&amp;campaignid=0&amp;zoneid=975&amp;loc=https%3A%2F%2Fbig.az%2F348338-samuxda_er_arvadinin_qanini_tokdu.html&amp;referer=https%3A%2F%2Fbig.az%2F&amp;cb=02b3aa5625\" alt=\"\" width=\"0\" height=\"0\" \/><\/div>\n<p>Yaral\u0131 d\u0259rhal x\u0259st\u0259xanaya yerl\u0259\u015fdirilib, \u0259m\u0259liyyat olunub, v\u0259ziyy\u0259ti orta a\u011f\u0131rd\u0131r.<\/p>\n<p>Qad\u0131n\u0131n yax\u0131nlar\u0131n\u0131n bildirdiyin\u0259 g\u00f6r\u0259, Dilb\u0259rl\u0259 \u0259ri aras\u0131nda m\u00fcbahis\u0259 ya\u015fan\u0131b. N\u0259tic\u0259d\u0259 h\u0259yat yolda\u015f\u0131 qad\u0131na bir ne\u00e7\u0259 d\u0259f\u0259 b\u0131\u00e7aqla z\u0259rb\u0259 endirib.<\/p>\n<p>Faktla ba\u011fl\u0131 Samux rayon Polis \u015e\u00f6b\u0259sind\u0259 ara\u015fd\u0131rma apar\u0131l\u0131r.<\/p>\n<p>&nbsp;<\/p>\n","protected":false},"excerpt":{"rendered":"<p>Samux rayonunun Karayeri q\u0259s\u0259b\u0259sind\u0259 b\u0131\u00e7aqlanma hadis\u0259si ba\u015f verib. Bu bar\u0259d\u0259 oxu.az-\u0131n regional m\u00fcxbiri m\u0259lumat verib. Q\u0259s\u0259b\u0259 sakini 1964-c\u00fc il t\u0259v\u0259ll\u00fcdl\u00fc Dilb\u0259r M\u0259h\u0259rr\u0259mova ya\u015fad\u0131\u011f\u0131 evd\u0259 h\u0259yat yolda\u015f\u0131 t\u0259r\u0259find\u0259n b\u0131\u00e7aqlan\u0131b. Yaral\u0131 d\u0259rhal x\u0259st\u0259xanaya yerl\u0259\u015fdirilib, \u0259m\u0259liyyat olunub, v\u0259ziyy\u0259ti orta a\u011f\u0131rd\u0131r. Qad\u0131n\u0131n yax\u0131nlar\u0131n\u0131n bildirdiyin\u0259 g\u00f6r\u0259, Dilb\u0259rl\u0259 \u0259ri aras\u0131nda m\u00fcbahis\u0259 ya\u015fan\u0131b. N\u0259tic\u0259d\u0259 h\u0259yat yolda\u015f\u0131 qad\u0131na bir ne\u00e7\u0259 d\u0259f\u0259 b\u0131\u00e7aqla z\u0259rb\u0259 endirib. Faktla ba\u011fl\u0131 Samux rayon Polis \u015e\u00f6b\u0259sind\u0259 ara\u015fd\u0131rma apar\u0131l\u0131r. &nbsp;<\/p>\n","protected":false},"author":2,"featured_media":46634,"comment_status":"closed","ping_status":"closed","sticky":false,"template":"","format":"standard","meta":{"om_disable_all_campaigns":false,"_monsterinsights_skip_tracking":false,"_monsterinsights_sitenote_active":false,"_monsterinsights_sitenote_note":"","_monsterinsights_sitenote_category":0},"categories":[3],"tags":[],"aioseo_notices":[],"gutentor_comment":0,"rttpg_featured_image_url":{"full":["https:\/\/arantv.az\/wp-content\/uploads\/2019\/03\/3E46C9C5-FAEC-4E17-8201-92D3D0AE31A0.jpe.jpg",620,413,false],"landscape":["https:\/\/arantv.az\/wp-content\/uploads\/2019\/03\/3E46C9C5-FAEC-4E17-8201-92D3D0AE31A0.jpe.jpg",620,413,false],"portraits":["https:\/\/arantv.az\/wp-content\/uploads\/2019\/03\/3E46C9C5-FAEC-4E17-8201-92D3D0AE31A0.jpe.jpg",620,413,false],"thumbnail":["https:\/\/arantv.az\/wp-content\/uploads\/2019\/03\/3E46C9C5-FAEC-4E17-8201-92D3D0AE31A0.jpe-150x150.jpg",150,150,true],"medium":["https:\/\/arantv.az\/wp-content\/uploads\/2019\/03\/3E46C9C5-FAEC-4E17-8201-92D3D0AE31A0.jpe-300x200.jpg",300,200,true],"large":["https:\/\/arantv.az\/wp-content\/uploads\/2019\/03\/3E46C9C5-FAEC-4E17-8201-92D3D0AE31A0.jpe.jpg",620,413,false],"1536x1536":["https:\/\/arantv.az\/wp-content\/uploads\/2019\/03\/3E46C9C5-FAEC-4E17-8201-92D3D0AE31A0.jpe.jpg",620,413,false],"2048x2048":["https:\/\/arantv.az\/wp-content\/uploads\/2019\/03\/3E46C9C5-FAEC-4E17-8201-92D3D0AE31A0.jpe.jpg",620,413,false],"post-thumbnail":["https:\/\/arantv.az\/wp-content\/uploads\/2019\/03\/3E46C9C5-FAEC-4E17-8201-92D3D0AE31A0.jpe-240x172.jpg",240,172,true],"advps-thumb-one":["https:\/\/arantv.az\/wp-content\/uploads\/2019\/03\/3E46C9C5-FAEC-4E17-8201-92D3D0AE31A0.jpe.jpg",620,413,false]},"rttpg_author":{"display_name":"V\u00fcsal Rafiqo\u011flu","author_link":"https:\/\/arantv.az\/?author=2"},"rttpg_comment":0,"rttpg_category":"<a href=\"https:\/\/arantv.az\/?cat=3\" rel=\"category\">Kriminal<\/a>","rttpg_excerpt":"Samux rayonunun Karayeri q\u0259s\u0259b\u0259sind\u0259 b\u0131\u00e7aqlanma hadis\u0259si ba\u015f verib. Bu bar\u0259d\u0259 oxu.az-\u0131n regional m\u00fcxbiri m\u0259lumat verib. Q\u0259s\u0259b\u0259 sakini 1964-c\u00fc il t\u0259v\u0259ll\u00fcdl\u00fc Dilb\u0259r M\u0259h\u0259rr\u0259mova ya\u015fad\u0131\u011f\u0131 evd\u0259 h\u0259yat yolda\u015f\u0131 t\u0259r\u0259find\u0259n b\u0131\u00e7aqlan\u0131b. Yaral\u0131 d\u0259rhal x\u0259st\u0259xanaya yerl\u0259\u015fdirilib, \u0259m\u0259liyyat olunub, v\u0259ziyy\u0259ti orta a\u011f\u0131rd\u0131r. Qad\u0131n\u0131n yax\u0131nlar\u0131n\u0131n bildirdiyin\u0259 g\u00f6r\u0259, Dilb\u0259rl\u0259 \u0259ri aras\u0131nda m\u00fcbahis\u0259 ya\u015fan\u0131b. N\u0259tic\u0259d\u0259 h\u0259yat yolda\u015f\u0131 qad\u0131na bir ne\u00e7\u0259 d\u0259f\u0259 b\u0131\u00e7aqla z\u0259rb\u0259&hellip;","_links":{"self":[{"href":"https:\/\/arantv.az\/index.php?rest_route=\/wp\/v2\/posts\/46633"}],"collection":[{"href":"https:\/\/arantv.az\/index.php?rest_route=\/wp\/v2\/posts"}],"about":[{"href":"https:\/\/arantv.az\/index.php?rest_route=\/wp\/v2\/types\/post"}],"author":[{"embeddable":true,"href":"https:\/\/arantv.az\/index.php?rest_route=\/wp\/v2\/users\/2"}],"replies":[{"embeddable":true,"href":"https:\/\/arantv.az\/index.php?rest_route=%2Fwp%2Fv2%2Fcomments&post=46633"}],"version-history":[{"count":0,"href":"https:\/\/arantv.az\/index.php?rest_route=\/wp\/v2\/posts\/46633\/revisions"}],"wp:featuredmedia":[{"embeddable":true,"href":"https:\/\/arantv.az\/index.php?rest_route=\/wp\/v2\/media\/46634"}],"wp:attachment":[{"href":"https:\/\/arantv.az\/index.php?rest_route=%2Fwp%2Fv2%2Fmedia&parent=46633"}],"wp:term":[{"taxonomy":"category","embeddable":true,"href":"https:\/\/arantv.az\/index.php?rest_route=%2Fwp%2Fv2%2Fcategories&post=46633"},{"taxonomy":"post_tag","embeddable":true,"href":"https:\/\/arantv.az\/index.php?rest_route=%2Fwp%2Fv2%2Ftags&post=46633"}],"curies":[{"name":"wp","href":"https:\/\/api.w.org\/{rel}","templated":true}]}}