{"id":46642,"date":"2019-03-22T10:07:59","date_gmt":"2019-03-22T07:07:59","guid":{"rendered":"http:\/\/arantv.az\/?p=46642"},"modified":"2019-03-22T10:07:59","modified_gmt":"2019-03-22T07:07:59","slug":"rusiya-s%c9%99firliyinin-qarsisindaki-polisl%c9%99r%c9%99-qumbara-atildi-afinada","status":"publish","type":"post","link":"https:\/\/arantv.az\/?p=46642","title":{"rendered":"Rusiya s\u0259firliyinin qar\u015f\u0131s\u0131ndak\u0131 polisl\u0259r\u0259 qumbara at\u0131ld\u0131 &#8211; Afinada"},"content":{"rendered":"<p><strong>Nam\u0259lum \u015f\u0259xsl\u0259r Rusiyan\u0131n Yunan\u0131standak\u0131 s\u0259firliyinin qar\u015f\u0131s\u0131nda dayanan polisl\u0259r\u0259 qumbara at\u0131blar.<\/strong><\/p>\n<p><a href=\"https:\/\/az.trend.az\/\" target=\"_blank\" rel=\"noopener\"><span style=\"color: #000000;\"><strong>ARANTV.AZ<\/strong> Trend<\/span><\/a>-\u0259 istinad\u0259n x\u0259b\u0259r verir ki, bu bar\u0259d\u0259 TASS-a s\u0259firliyin m\u0259tbuat atta\u015fesi Vasili Qavrilov deyib.<\/p>\n<p>O bildirib ki, nam\u0259lum \u015f\u0259xsl\u0259r Afinada yerli vaxtla gec\u0259 saat 03:30-da motosikletl\u0259 s\u0259firliyin konsulluq b\u00f6lm\u0259sin\u0259 t\u0259r\u0259f g\u0259l\u0259r\u0259k polis m\u0259nt\u0259q\u0259sin\u0259 qumbara at\u0131blar. Partlay\u0131\u015f ba\u015f verib, lakin x\u0259sar\u0259t alan olmay\u0131b.<\/p>\n<p>Haz\u0131rda \u0259razi polis t\u0259r\u0259find\u0259n \u00e7\u0259p\u0259rl\u0259nib. Ara\u015fd\u0131rma apar\u0131l\u0131r.<\/p>\n","protected":false},"excerpt":{"rendered":"<p>Nam\u0259lum \u015f\u0259xsl\u0259r Rusiyan\u0131n Yunan\u0131standak\u0131 s\u0259firliyinin qar\u015f\u0131s\u0131nda dayanan polisl\u0259r\u0259 qumbara at\u0131blar. ARANTV.AZ Trend-\u0259 istinad\u0259n x\u0259b\u0259r verir ki, bu bar\u0259d\u0259 TASS-a s\u0259firliyin m\u0259tbuat atta\u015fesi Vasili Qavrilov deyib. O bildirib ki, nam\u0259lum \u015f\u0259xsl\u0259r Afinada yerli vaxtla gec\u0259 saat 03:30-da motosikletl\u0259 s\u0259firliyin konsulluq b\u00f6lm\u0259sin\u0259 t\u0259r\u0259f g\u0259l\u0259r\u0259k polis m\u0259nt\u0259q\u0259sin\u0259 qumbara at\u0131blar. Partlay\u0131\u015f ba\u015f verib, lakin x\u0259sar\u0259t alan olmay\u0131b. Haz\u0131rda \u0259razi polis t\u0259r\u0259find\u0259n \u00e7\u0259p\u0259rl\u0259nib. Ara\u015fd\u0131rma apar\u0131l\u0131r.<\/p>\n","protected":false},"author":2,"featured_media":46643,"comment_status":"closed","ping_status":"closed","sticky":false,"template":"","format":"standard","meta":{"om_disable_all_campaigns":false,"_monsterinsights_skip_tracking":false,"_monsterinsights_sitenote_active":false,"_monsterinsights_sitenote_note":"","_monsterinsights_sitenote_category":0},"categories":[7],"tags":[],"aioseo_notices":[],"gutentor_comment":0,"rttpg_featured_image_url":{"full":["https:\/\/arantv.az\/wp-content\/uploads\/2019\/03\/740857.jpg",500,401,false],"landscape":["https:\/\/arantv.az\/wp-content\/uploads\/2019\/03\/740857.jpg",500,401,false],"portraits":["https:\/\/arantv.az\/wp-content\/uploads\/2019\/03\/740857.jpg",500,401,false],"thumbnail":["https:\/\/arantv.az\/wp-content\/uploads\/2019\/03\/740857-150x150.jpg",150,150,true],"medium":["https:\/\/arantv.az\/wp-content\/uploads\/2019\/03\/740857-300x241.jpg",300,241,true],"large":["https:\/\/arantv.az\/wp-content\/uploads\/2019\/03\/740857.jpg",500,401,false],"1536x1536":["https:\/\/arantv.az\/wp-content\/uploads\/2019\/03\/740857.jpg",500,401,false],"2048x2048":["https:\/\/arantv.az\/wp-content\/uploads\/2019\/03\/740857.jpg",500,401,false],"post-thumbnail":["https:\/\/arantv.az\/wp-content\/uploads\/2019\/03\/740857-240x172.jpg",240,172,true],"advps-thumb-one":["https:\/\/arantv.az\/wp-content\/uploads\/2019\/03\/740857.jpg",500,401,false]},"rttpg_author":{"display_name":"V\u00fcsal Rafiqo\u011flu","author_link":"https:\/\/arantv.az\/?author=2"},"rttpg_comment":0,"rttpg_category":"<a href=\"https:\/\/arantv.az\/?cat=7\" rel=\"category\">D\u00fcnya<\/a>","rttpg_excerpt":"Nam\u0259lum \u015f\u0259xsl\u0259r Rusiyan\u0131n Yunan\u0131standak\u0131 s\u0259firliyinin qar\u015f\u0131s\u0131nda dayanan polisl\u0259r\u0259 qumbara at\u0131blar. ARANTV.AZ Trend-\u0259 istinad\u0259n x\u0259b\u0259r verir ki, bu bar\u0259d\u0259 TASS-a s\u0259firliyin m\u0259tbuat atta\u015fesi Vasili Qavrilov deyib. O bildirib ki, nam\u0259lum \u015f\u0259xsl\u0259r Afinada yerli vaxtla gec\u0259 saat 03:30-da motosikletl\u0259 s\u0259firliyin konsulluq b\u00f6lm\u0259sin\u0259 t\u0259r\u0259f g\u0259l\u0259r\u0259k polis m\u0259nt\u0259q\u0259sin\u0259 qumbara at\u0131blar. Partlay\u0131\u015f ba\u015f verib, lakin x\u0259sar\u0259t alan olmay\u0131b. Haz\u0131rda \u0259razi&hellip;","_links":{"self":[{"href":"https:\/\/arantv.az\/index.php?rest_route=\/wp\/v2\/posts\/46642"}],"collection":[{"href":"https:\/\/arantv.az\/index.php?rest_route=\/wp\/v2\/posts"}],"about":[{"href":"https:\/\/arantv.az\/index.php?rest_route=\/wp\/v2\/types\/post"}],"author":[{"embeddable":true,"href":"https:\/\/arantv.az\/index.php?rest_route=\/wp\/v2\/users\/2"}],"replies":[{"embeddable":true,"href":"https:\/\/arantv.az\/index.php?rest_route=%2Fwp%2Fv2%2Fcomments&post=46642"}],"version-history":[{"count":0,"href":"https:\/\/arantv.az\/index.php?rest_route=\/wp\/v2\/posts\/46642\/revisions"}],"wp:featuredmedia":[{"embeddable":true,"href":"https:\/\/arantv.az\/index.php?rest_route=\/wp\/v2\/media\/46643"}],"wp:attachment":[{"href":"https:\/\/arantv.az\/index.php?rest_route=%2Fwp%2Fv2%2Fmedia&parent=46642"}],"wp:term":[{"taxonomy":"category","embeddable":true,"href":"https:\/\/arantv.az\/index.php?rest_route=%2Fwp%2Fv2%2Fcategories&post=46642"},{"taxonomy":"post_tag","embeddable":true,"href":"https:\/\/arantv.az\/index.php?rest_route=%2Fwp%2Fv2%2Ftags&post=46642"}],"curies":[{"name":"wp","href":"https:\/\/api.w.org\/{rel}","templated":true}]}}