{"id":46732,"date":"2019-03-22T13:24:02","date_gmt":"2019-03-22T10:24:02","guid":{"rendered":"http:\/\/arantv.az\/?p=46732"},"modified":"2019-03-22T13:24:02","modified_gmt":"2019-03-22T10:24:02","slug":"50-n%c9%99f%c9%99rin-olumun%c9%99-s%c9%99b%c9%99b-olan-terrorcu-il%c9%99-bagli-q%c9%99rar-q%c9%99bul-olunub","status":"publish","type":"post","link":"https:\/\/arantv.az\/?p=46732","title":{"rendered":"50 n\u0259f\u0259rin \u00f6l\u00fcm\u00fcn\u0259 s\u0259b\u0259b olan terror\u00e7u il\u0259 ba\u011fl\u0131 Q\u018fRAR Q\u018fBUL OLUNUB"},"content":{"rendered":"<p><strong>&#8220;Yeni Zelandiyan\u0131n Krayst\u00e7er\u00e7 \u015f\u0259h\u0259rind\u0259ki iki m\u0259scid\u0259 silahl\u0131 h\u00fccum ed\u0259n terror\u00e7u \u00f6m\u00fcrl\u00fck h\u0259bs c\u0259zas\u0131 alacaq&#8221;.<\/strong><\/p>\n<p><strong>ARANTV.AZ<\/strong>\u00a0\u00a0<a href=\"https:\/\/az.trend.az\/\" target=\"_blank\" rel=\"noopener\"><span style=\"color: #000000;\">Trend<\/span><\/a>-\u0259 istinad\u0259n x\u0259b\u0259r verir ki, bunu Yeni Zelandiya Ba\u015f nazirinin m\u00fcavini Uinston Piters \u0130stanbulda \u0130slam \u018fm\u0259kda\u015fl\u0131q T\u0259\u015fkilat\u0131n\u0131n hadis\u0259 il\u0259 \u0259laq\u0259dar t\u0259cili iclas\u0131nda \u00e7\u0131x\u0131\u015f ed\u0259rk\u0259n deyib.<\/p>\n<p>O b\u0259yan edib: &#8220;Bu, ham\u0131m\u0131za h\u00fccum dem\u0259kdir. Bununla \u0259laq\u0259dar olaraq \u00f6lk\u0259 tarixind\u0259 \u0259n b\u00f6y\u00fck polis ara\u015fd\u0131rmas\u0131 apar\u0131l\u0131r. Terror\u00e7u \u00f6mr\u00fcn\u00fcn qalan hiss\u0259sini biradaml\u0131q kamerada ke\u00e7ir\u0259c\u0259k&#8221;.<\/p>\n<div id=\"AdributorNativeVideo0\" class=\"AdributorNativeVideo\"><\/div>\n<p>Xat\u0131rladaq ki, mart\u0131n 15-d\u0259 avstraliyal\u0131 Brenton Tarant Yeni Zelandiyan\u0131n Krayst\u00e7er\u00e7 \u015f\u0259h\u0259rind\u0259ki iki m\u0259scidd\u0259 insanlara at\u0259\u015f\u0259 a\u00e7\u0131b. Hadis\u0259 n\u0259tic\u0259sind\u0259 50 n\u0259f\u0259r \u00f6l\u00fcb, 50 n\u0259f\u0259r x\u0259sar\u0259t al\u0131b.<\/p>\n","protected":false},"excerpt":{"rendered":"<p>&#8220;Yeni Zelandiyan\u0131n Krayst\u00e7er\u00e7 \u015f\u0259h\u0259rind\u0259ki iki m\u0259scid\u0259 silahl\u0131 h\u00fccum ed\u0259n terror\u00e7u \u00f6m\u00fcrl\u00fck h\u0259bs c\u0259zas\u0131 alacaq&#8221;. ARANTV.AZ\u00a0\u00a0Trend-\u0259 istinad\u0259n x\u0259b\u0259r verir ki, bunu Yeni Zelandiya Ba\u015f nazirinin m\u00fcavini Uinston Piters \u0130stanbulda \u0130slam \u018fm\u0259kda\u015fl\u0131q T\u0259\u015fkilat\u0131n\u0131n hadis\u0259 il\u0259 \u0259laq\u0259dar t\u0259cili iclas\u0131nda \u00e7\u0131x\u0131\u015f ed\u0259rk\u0259n deyib. O b\u0259yan edib: &#8220;Bu, ham\u0131m\u0131za h\u00fccum dem\u0259kdir. Bununla \u0259laq\u0259dar olaraq \u00f6lk\u0259 tarixind\u0259 \u0259n b\u00f6y\u00fck polis ara\u015fd\u0131rmas\u0131 apar\u0131l\u0131r. Terror\u00e7u \u00f6mr\u00fcn\u00fcn qalan hiss\u0259sini biradaml\u0131q kamerada ke\u00e7ir\u0259c\u0259k&#8221;. Xat\u0131rladaq ki, mart\u0131n 15-d\u0259 avstraliyal\u0131 Brenton Tarant Yeni Zelandiyan\u0131n Krayst\u00e7er\u00e7 \u015f\u0259h\u0259rind\u0259ki iki m\u0259scidd\u0259 insanlara at\u0259\u015f\u0259 a\u00e7\u0131b. Hadis\u0259 n\u0259tic\u0259sind\u0259 50 n\u0259f\u0259r \u00f6l\u00fcb, 50 n\u0259f\u0259r x\u0259sar\u0259t al\u0131b.<\/p>\n","protected":false},"author":2,"featured_media":46733,"comment_status":"closed","ping_status":"closed","sticky":false,"template":"","format":"standard","meta":{"om_disable_all_campaigns":false,"_monsterinsights_skip_tracking":false,"_monsterinsights_sitenote_active":false,"_monsterinsights_sitenote_note":"","_monsterinsights_sitenote_category":0},"categories":[7],"tags":[],"aioseo_notices":[],"gutentor_comment":0,"rttpg_featured_image_url":{"full":["https:\/\/arantv.az\/wp-content\/uploads\/2019\/03\/terrorcu.png",332,277,false],"landscape":["https:\/\/arantv.az\/wp-content\/uploads\/2019\/03\/terrorcu.png",332,277,false],"portraits":["https:\/\/arantv.az\/wp-content\/uploads\/2019\/03\/terrorcu.png",332,277,false],"thumbnail":["https:\/\/arantv.az\/wp-content\/uploads\/2019\/03\/terrorcu-150x150.png",150,150,true],"medium":["https:\/\/arantv.az\/wp-content\/uploads\/2019\/03\/terrorcu-300x250.png",300,250,true],"large":["https:\/\/arantv.az\/wp-content\/uploads\/2019\/03\/terrorcu.png",332,277,false],"1536x1536":["https:\/\/arantv.az\/wp-content\/uploads\/2019\/03\/terrorcu.png",332,277,false],"2048x2048":["https:\/\/arantv.az\/wp-content\/uploads\/2019\/03\/terrorcu.png",332,277,false],"post-thumbnail":["https:\/\/arantv.az\/wp-content\/uploads\/2019\/03\/terrorcu-240x172.png",240,172,true],"advps-thumb-one":["https:\/\/arantv.az\/wp-content\/uploads\/2019\/03\/terrorcu.png",332,277,false]},"rttpg_author":{"display_name":"V\u00fcsal Rafiqo\u011flu","author_link":"https:\/\/arantv.az\/?author=2"},"rttpg_comment":0,"rttpg_category":"<a href=\"https:\/\/arantv.az\/?cat=7\" rel=\"category\">D\u00fcnya<\/a>","rttpg_excerpt":"&#8220;Yeni Zelandiyan\u0131n Krayst\u00e7er\u00e7 \u015f\u0259h\u0259rind\u0259ki iki m\u0259scid\u0259 silahl\u0131 h\u00fccum ed\u0259n terror\u00e7u \u00f6m\u00fcrl\u00fck h\u0259bs c\u0259zas\u0131 alacaq&#8221;. ARANTV.AZ\u00a0\u00a0Trend-\u0259 istinad\u0259n x\u0259b\u0259r verir ki, bunu Yeni Zelandiya Ba\u015f nazirinin m\u00fcavini Uinston Piters \u0130stanbulda \u0130slam \u018fm\u0259kda\u015fl\u0131q T\u0259\u015fkilat\u0131n\u0131n hadis\u0259 il\u0259 \u0259laq\u0259dar t\u0259cili iclas\u0131nda \u00e7\u0131x\u0131\u015f ed\u0259rk\u0259n deyib. O b\u0259yan edib: &#8220;Bu, ham\u0131m\u0131za h\u00fccum dem\u0259kdir. Bununla \u0259laq\u0259dar olaraq \u00f6lk\u0259 tarixind\u0259 \u0259n b\u00f6y\u00fck polis ara\u015fd\u0131rmas\u0131&hellip;","_links":{"self":[{"href":"https:\/\/arantv.az\/index.php?rest_route=\/wp\/v2\/posts\/46732"}],"collection":[{"href":"https:\/\/arantv.az\/index.php?rest_route=\/wp\/v2\/posts"}],"about":[{"href":"https:\/\/arantv.az\/index.php?rest_route=\/wp\/v2\/types\/post"}],"author":[{"embeddable":true,"href":"https:\/\/arantv.az\/index.php?rest_route=\/wp\/v2\/users\/2"}],"replies":[{"embeddable":true,"href":"https:\/\/arantv.az\/index.php?rest_route=%2Fwp%2Fv2%2Fcomments&post=46732"}],"version-history":[{"count":0,"href":"https:\/\/arantv.az\/index.php?rest_route=\/wp\/v2\/posts\/46732\/revisions"}],"wp:featuredmedia":[{"embeddable":true,"href":"https:\/\/arantv.az\/index.php?rest_route=\/wp\/v2\/media\/46733"}],"wp:attachment":[{"href":"https:\/\/arantv.az\/index.php?rest_route=%2Fwp%2Fv2%2Fmedia&parent=46732"}],"wp:term":[{"taxonomy":"category","embeddable":true,"href":"https:\/\/arantv.az\/index.php?rest_route=%2Fwp%2Fv2%2Fcategories&post=46732"},{"taxonomy":"post_tag","embeddable":true,"href":"https:\/\/arantv.az\/index.php?rest_route=%2Fwp%2Fv2%2Ftags&post=46732"}],"curies":[{"name":"wp","href":"https:\/\/api.w.org\/{rel}","templated":true}]}}