{"id":46735,"date":"2019-03-22T13:27:51","date_gmt":"2019-03-22T10:27:51","guid":{"rendered":"http:\/\/arantv.az\/?p=46735"},"modified":"2019-03-22T13:27:51","modified_gmt":"2019-03-22T10:27:51","slug":"bakida-metronun-cixisinda-vurulan-x%c9%99b%c9%99rdarliq-diqq%c9%99ti-c%c9%99kdi-s%c9%99bin%c9%99-evli-kisinin-h%c9%99yatini","status":"publish","type":"post","link":"https:\/\/arantv.az\/?p=46735","title":{"rendered":"Bak\u0131da metronun \u00e7\u0131x\u0131\u015f\u0131nda vurulan x\u0259b\u0259rdarl\u0131q diqq\u0259ti \u00e7\u0259kdi: &#8220;S\u0259bin\u0259! Evli ki\u015finin h\u0259yat\u0131n\u0131&#8230;"},"content":{"rendered":"<p>Bak\u0131da &#8220;\u0130n\u015faat\u00e7\u0131lar&#8221; metrosunun \u00e7\u0131x\u0131\u015f\u0131nda vurulan x\u0259b\u0259rdarl\u0131q ham\u0131n\u0131n mara\u011f\u0131na s\u0259b\u0259b olub.<\/p>\n<div id=\"AdributorNativeVideo0\" class=\"AdributorNativeVideo\"><\/div>\n<p><b>ARANTV.AZ\u00a0<\/b>\u00a0bizimyol.info-ya istinad\u0259n x\u0259b\u0259r verir ki, metronun &#8220;\u0130n\u015faat\u00e7\u0131lar&#8221; stansiyas\u0131n\u0131n \u00e7\u0131x\u0131\u015f\u0131na vurulan x\u0259b\u0259rdarl\u0131qda S\u0259bin\u0259 adl\u0131 qad\u0131na m\u00fcraci\u0259t edilir. Kimins\u0259 ail\u0259sini da\u011f\u0131tmaq \u00fczr\u0259 olan S\u0259bin\u0259 adl\u0131 xan\u0131ma x\u0259b\u0259rdarl\u0131q edil\u0259r\u0259k, m\u0259qs\u0259dind\u0259n \u0259l \u00e7\u0259km\u0259y\u0259c\u0259yi t\u0259qdird\u0259 onlar\u0131n ikisinin d\u0259 (q\u0131z\u0131n v\u0259 o\u011flan\u0131n) \u015f\u0259klini Xo\u015fq\u0259d\u0259m Hiday\u0259tq\u0131z\u0131n\u0131n apar\u0131c\u0131l\u0131\u011f\u0131n\u0131 etdiyi &#8220;S\u0259ni axtar\u0131ram&#8221; verili\u015fin\u0259 ver\u0259c\u0259yini bildirib.<br \/>\n<ins><\/ins><\/p>\n<div id=\"beacon_3376092074\"><img loading=\"lazy\" src=\"https:\/\/ads2.newmedia.az\/www\/delivery\/lg.php?bannerid=0&amp;campaignid=0&amp;zoneid=975&amp;loc=https%3A%2F%2Fbig.az%2F348369-bakida_metronun_cixisinda_vurulan_xeberdarliq_diqqeti_cekdi_sebine_evli_kisinin_heyatini.html&amp;referer=https%3A%2F%2Fbig.az%2F&amp;cb=3376092074\" alt=\"\" width=\"0\" height=\"0\" \/><\/div>\n<p><img class=\"imgbcodecent\" src=\"https:\/\/upload.az\/foto\/arxiv\/2_71553245896.png\" alt=\"Bak\u0131da metronun \u00e7\u0131x\u0131\u015f\u0131nda vurulan x\u0259b\u0259rdarl\u0131q diqq\u0259ti \u00e7\u0259kdi: &quot;S\u0259bin\u0259! Evli ki\u015finin h\u0259yat\u0131n\u0131...\" \/><\/p>\n<p>&nbsp;<\/p>\n","protected":false},"excerpt":{"rendered":"<p>Bak\u0131da &#8220;\u0130n\u015faat\u00e7\u0131lar&#8221; metrosunun \u00e7\u0131x\u0131\u015f\u0131nda vurulan x\u0259b\u0259rdarl\u0131q ham\u0131n\u0131n mara\u011f\u0131na s\u0259b\u0259b olub. ARANTV.AZ\u00a0\u00a0bizimyol.info-ya istinad\u0259n x\u0259b\u0259r verir ki, metronun &#8220;\u0130n\u015faat\u00e7\u0131lar&#8221; stansiyas\u0131n\u0131n \u00e7\u0131x\u0131\u015f\u0131na vurulan x\u0259b\u0259rdarl\u0131qda S\u0259bin\u0259 adl\u0131 qad\u0131na m\u00fcraci\u0259t edilir. Kimins\u0259 ail\u0259sini da\u011f\u0131tmaq \u00fczr\u0259 olan S\u0259bin\u0259 adl\u0131 xan\u0131ma x\u0259b\u0259rdarl\u0131q edil\u0259r\u0259k, m\u0259qs\u0259dind\u0259n \u0259l \u00e7\u0259km\u0259y\u0259c\u0259yi t\u0259qdird\u0259 onlar\u0131n ikisinin d\u0259 (q\u0131z\u0131n v\u0259 o\u011flan\u0131n) \u015f\u0259klini Xo\u015fq\u0259d\u0259m Hiday\u0259tq\u0131z\u0131n\u0131n apar\u0131c\u0131l\u0131\u011f\u0131n\u0131 etdiyi &#8220;S\u0259ni axtar\u0131ram&#8221; verili\u015fin\u0259 ver\u0259c\u0259yini bildirib. &nbsp;<\/p>\n","protected":false},"author":2,"featured_media":46736,"comment_status":"closed","ping_status":"closed","sticky":false,"template":"","format":"standard","meta":{"om_disable_all_campaigns":false,"_monsterinsights_skip_tracking":false,"_monsterinsights_sitenote_active":false,"_monsterinsights_sitenote_note":"","_monsterinsights_sitenote_category":0},"categories":[1],"tags":[],"aioseo_notices":[],"gutentor_comment":0,"rttpg_featured_image_url":{"full":["https:\/\/arantv.az\/wp-content\/uploads\/2019\/03\/1_91553240827.jpg",620,350,false],"landscape":["https:\/\/arantv.az\/wp-content\/uploads\/2019\/03\/1_91553240827.jpg",620,350,false],"portraits":["https:\/\/arantv.az\/wp-content\/uploads\/2019\/03\/1_91553240827.jpg",620,350,false],"thumbnail":["https:\/\/arantv.az\/wp-content\/uploads\/2019\/03\/1_91553240827-150x150.jpg",150,150,true],"medium":["https:\/\/arantv.az\/wp-content\/uploads\/2019\/03\/1_91553240827-300x169.jpg",300,169,true],"large":["https:\/\/arantv.az\/wp-content\/uploads\/2019\/03\/1_91553240827.jpg",620,350,false],"1536x1536":["https:\/\/arantv.az\/wp-content\/uploads\/2019\/03\/1_91553240827.jpg",620,350,false],"2048x2048":["https:\/\/arantv.az\/wp-content\/uploads\/2019\/03\/1_91553240827.jpg",620,350,false],"post-thumbnail":["https:\/\/arantv.az\/wp-content\/uploads\/2019\/03\/1_91553240827-240x172.jpg",240,172,true],"advps-thumb-one":["https:\/\/arantv.az\/wp-content\/uploads\/2019\/03\/1_91553240827.jpg",620,350,false]},"rttpg_author":{"display_name":"V\u00fcsal Rafiqo\u011flu","author_link":"https:\/\/arantv.az\/?author=2"},"rttpg_comment":0,"rttpg_category":"<a href=\"https:\/\/arantv.az\/?cat=1\" rel=\"category\">C\u0259miyy\u0259t<\/a>","rttpg_excerpt":"Bak\u0131da &#8220;\u0130n\u015faat\u00e7\u0131lar&#8221; metrosunun \u00e7\u0131x\u0131\u015f\u0131nda vurulan x\u0259b\u0259rdarl\u0131q ham\u0131n\u0131n mara\u011f\u0131na s\u0259b\u0259b olub. ARANTV.AZ\u00a0\u00a0bizimyol.info-ya istinad\u0259n x\u0259b\u0259r verir ki, metronun &#8220;\u0130n\u015faat\u00e7\u0131lar&#8221; stansiyas\u0131n\u0131n \u00e7\u0131x\u0131\u015f\u0131na vurulan x\u0259b\u0259rdarl\u0131qda S\u0259bin\u0259 adl\u0131 qad\u0131na m\u00fcraci\u0259t edilir. Kimins\u0259 ail\u0259sini da\u011f\u0131tmaq \u00fczr\u0259 olan S\u0259bin\u0259 adl\u0131 xan\u0131ma x\u0259b\u0259rdarl\u0131q edil\u0259r\u0259k, m\u0259qs\u0259dind\u0259n \u0259l \u00e7\u0259km\u0259y\u0259c\u0259yi t\u0259qdird\u0259 onlar\u0131n ikisinin d\u0259 (q\u0131z\u0131n v\u0259 o\u011flan\u0131n) \u015f\u0259klini Xo\u015fq\u0259d\u0259m Hiday\u0259tq\u0131z\u0131n\u0131n apar\u0131c\u0131l\u0131\u011f\u0131n\u0131 etdiyi &#8220;S\u0259ni axtar\u0131ram&#8221; verili\u015fin\u0259 ver\u0259c\u0259yini&hellip;","_links":{"self":[{"href":"https:\/\/arantv.az\/index.php?rest_route=\/wp\/v2\/posts\/46735"}],"collection":[{"href":"https:\/\/arantv.az\/index.php?rest_route=\/wp\/v2\/posts"}],"about":[{"href":"https:\/\/arantv.az\/index.php?rest_route=\/wp\/v2\/types\/post"}],"author":[{"embeddable":true,"href":"https:\/\/arantv.az\/index.php?rest_route=\/wp\/v2\/users\/2"}],"replies":[{"embeddable":true,"href":"https:\/\/arantv.az\/index.php?rest_route=%2Fwp%2Fv2%2Fcomments&post=46735"}],"version-history":[{"count":0,"href":"https:\/\/arantv.az\/index.php?rest_route=\/wp\/v2\/posts\/46735\/revisions"}],"wp:featuredmedia":[{"embeddable":true,"href":"https:\/\/arantv.az\/index.php?rest_route=\/wp\/v2\/media\/46736"}],"wp:attachment":[{"href":"https:\/\/arantv.az\/index.php?rest_route=%2Fwp%2Fv2%2Fmedia&parent=46735"}],"wp:term":[{"taxonomy":"category","embeddable":true,"href":"https:\/\/arantv.az\/index.php?rest_route=%2Fwp%2Fv2%2Fcategories&post=46735"},{"taxonomy":"post_tag","embeddable":true,"href":"https:\/\/arantv.az\/index.php?rest_route=%2Fwp%2Fv2%2Ftags&post=46735"}],"curies":[{"name":"wp","href":"https:\/\/api.w.org\/{rel}","templated":true}]}}