{"id":46738,"date":"2019-03-22T13:34:10","date_gmt":"2019-03-22T10:34:10","guid":{"rendered":"http:\/\/arantv.az\/?p=46738"},"modified":"2019-03-22T13:34:10","modified_gmt":"2019-03-22T10:34:10","slug":"bulent-ersoy-carsaba-burundu-umit-hirsizi-video","status":"publish","type":"post","link":"https:\/\/arantv.az\/?p=46738","title":{"rendered":"B\u00fclent Ersoy \u00e7ar\u015faba b\u00fcr\u00fcnd\u00fc: &#8220;\u00dcmit H\u0131rs\u0131z\u0131&#8221; &#8211; V\u0130DEO"},"content":{"rendered":"<p>T\u00fcrkiy\u0259nin 2 m\u0259\u015fhur s\u0259n\u0259t\u00e7isi B\u00fclent Ersoyla Tarkan n\u00f6vb\u0259ti duetini t\u0259qdim edib. <strong>ARANTV.AZ<\/strong>-\u0131n m\u0259lumat\u0131na g\u00f6r\u0259, ifa\u00e7\u0131lar &#8220;\u00dcmit H\u0131rs\u0131z\u0131&#8221; adl\u0131 duet\u0259 klip d\u0259 \u00e7\u0259kdiribl\u0259r. Ekran i\u015find\u0259 \u0259sas q\u0259hr\u0259man obraz\u0131n\u0131 qarda\u015f \u00f6lk\u0259nin n\u00fcfuzlu &#8220;DMC&#8221; \u015firk\u0259ti il\u0259 u\u011furlu \u0259m\u0259kda\u015fl\u0131\u011f\u0131n\u0131 davam etdir\u0259n B\u00fclent Ersoyun \u00f6z\u00fc canland\u0131r\u0131b. S\u00f6z v\u0259 musiqisi Tarkana, aranjman\u0131 Ta\u015fk\u0131n Sabaha m\u0259xsus olan klipin rejissoru, T\u00fcrkiy\u0259nin bir \u00e7ox m\u0259\u015fhur s\u0259n\u0259t\u00e7il\u0259ri il\u0259 \u00e7al\u0131\u015fan Nihat Odaba\u015f\u0131d\u0131r. \u0130fa\u00e7\u0131n\u0131n geyimi \u00fcz\u0259rind\u0259 t\u00fcrkiy\u0259li modelyer Tanju Babacan m\u0259\u015f\u011ful olub. Qeyd ed\u0259k ki, bu B\u00fclent Ersoyun Tarkanla ikinci i\u015fbirliyidir. Onlar daha \u00f6nc\u0259 d\u0259 &#8220;Kor&#8221; \u00fcz\u0259rind\u0259 birlikd\u0259 \u00e7al\u0131\u015f\u0131b.<\/p>\n<p><iframe loading=\"lazy\" width=\"640\" height=\"360\" src=\"https:\/\/www.youtube.com\/embed\/Hg0RPrLQGQk?feature=oembed\" frameborder=\"0\" allow=\"accelerometer; autoplay; encrypted-media; gyroscope; picture-in-picture\" allowfullscreen><\/iframe><\/p>\n","protected":false},"excerpt":{"rendered":"<p>T\u00fcrkiy\u0259nin 2 m\u0259\u015fhur s\u0259n\u0259t\u00e7isi B\u00fclent Ersoyla Tarkan n\u00f6vb\u0259ti duetini t\u0259qdim edib. ARANTV.AZ-\u0131n m\u0259lumat\u0131na g\u00f6r\u0259, ifa\u00e7\u0131lar &#8220;\u00dcmit H\u0131rs\u0131z\u0131&#8221; adl\u0131 duet\u0259 klip d\u0259 \u00e7\u0259kdiribl\u0259r. Ekran i\u015find\u0259 \u0259sas q\u0259hr\u0259man obraz\u0131n\u0131 qarda\u015f \u00f6lk\u0259nin n\u00fcfuzlu &#8220;DMC&#8221; \u015firk\u0259ti il\u0259 u\u011furlu \u0259m\u0259kda\u015fl\u0131\u011f\u0131n\u0131 davam etdir\u0259n B\u00fclent Ersoyun \u00f6z\u00fc canland\u0131r\u0131b. S\u00f6z v\u0259 musiqisi Tarkana, aranjman\u0131 Ta\u015fk\u0131n Sabaha m\u0259xsus olan klipin rejissoru, T\u00fcrkiy\u0259nin bir \u00e7ox m\u0259\u015fhur s\u0259n\u0259t\u00e7il\u0259ri il\u0259 \u00e7al\u0131\u015fan Nihat Odaba\u015f\u0131d\u0131r. \u0130fa\u00e7\u0131n\u0131n geyimi \u00fcz\u0259rind\u0259 t\u00fcrkiy\u0259li modelyer Tanju Babacan m\u0259\u015f\u011ful olub. Qeyd ed\u0259k ki, bu B\u00fclent Ersoyun Tarkanla ikinci i\u015fbirliyidir. Onlar daha \u00f6nc\u0259 d\u0259 &#8220;Kor&#8221; \u00fcz\u0259rind\u0259 birlikd\u0259 \u00e7al\u0131\u015f\u0131b.<\/p>\n","protected":false},"author":2,"featured_media":46739,"comment_status":"closed","ping_status":"closed","sticky":false,"template":"","format":"standard","meta":{"om_disable_all_campaigns":false,"_monsterinsights_skip_tracking":false,"_monsterinsights_sitenote_active":false,"_monsterinsights_sitenote_note":"","_monsterinsights_sitenote_category":0},"categories":[20],"tags":[],"aioseo_notices":[],"gutentor_comment":0,"rttpg_featured_image_url":{"full":["https:\/\/arantv.az\/wp-content\/uploads\/2019\/03\/53695324_297774857549994_5744323204244045824_n.jpg",540,541,false],"landscape":["https:\/\/arantv.az\/wp-content\/uploads\/2019\/03\/53695324_297774857549994_5744323204244045824_n.jpg",540,541,false],"portraits":["https:\/\/arantv.az\/wp-content\/uploads\/2019\/03\/53695324_297774857549994_5744323204244045824_n.jpg",540,541,false],"thumbnail":["https:\/\/arantv.az\/wp-content\/uploads\/2019\/03\/53695324_297774857549994_5744323204244045824_n-150x150.jpg",150,150,true],"medium":["https:\/\/arantv.az\/wp-content\/uploads\/2019\/03\/53695324_297774857549994_5744323204244045824_n-300x300.jpg",300,300,true],"large":["https:\/\/arantv.az\/wp-content\/uploads\/2019\/03\/53695324_297774857549994_5744323204244045824_n.jpg",540,541,false],"1536x1536":["https:\/\/arantv.az\/wp-content\/uploads\/2019\/03\/53695324_297774857549994_5744323204244045824_n.jpg",540,541,false],"2048x2048":["https:\/\/arantv.az\/wp-content\/uploads\/2019\/03\/53695324_297774857549994_5744323204244045824_n.jpg",540,541,false],"post-thumbnail":["https:\/\/arantv.az\/wp-content\/uploads\/2019\/03\/53695324_297774857549994_5744323204244045824_n-240x172.jpg",240,172,true],"advps-thumb-one":["https:\/\/arantv.az\/wp-content\/uploads\/2019\/03\/53695324_297774857549994_5744323204244045824_n.jpg",540,541,false]},"rttpg_author":{"display_name":"V\u00fcsal Rafiqo\u011flu","author_link":"https:\/\/arantv.az\/?author=2"},"rttpg_comment":0,"rttpg_category":"<a href=\"https:\/\/arantv.az\/?cat=20\" rel=\"category\">\u015eou biznes<\/a>","rttpg_excerpt":"T\u00fcrkiy\u0259nin 2 m\u0259\u015fhur s\u0259n\u0259t\u00e7isi B\u00fclent Ersoyla Tarkan n\u00f6vb\u0259ti duetini t\u0259qdim edib. ARANTV.AZ-\u0131n m\u0259lumat\u0131na g\u00f6r\u0259, ifa\u00e7\u0131lar &#8220;\u00dcmit H\u0131rs\u0131z\u0131&#8221; adl\u0131 duet\u0259 klip d\u0259 \u00e7\u0259kdiribl\u0259r. Ekran i\u015find\u0259 \u0259sas q\u0259hr\u0259man obraz\u0131n\u0131 qarda\u015f \u00f6lk\u0259nin n\u00fcfuzlu &#8220;DMC&#8221; \u015firk\u0259ti il\u0259 u\u011furlu \u0259m\u0259kda\u015fl\u0131\u011f\u0131n\u0131 davam etdir\u0259n B\u00fclent Ersoyun \u00f6z\u00fc canland\u0131r\u0131b. S\u00f6z v\u0259 musiqisi Tarkana, aranjman\u0131 Ta\u015fk\u0131n Sabaha m\u0259xsus olan klipin rejissoru, T\u00fcrkiy\u0259nin bir \u00e7ox&hellip;","_links":{"self":[{"href":"https:\/\/arantv.az\/index.php?rest_route=\/wp\/v2\/posts\/46738"}],"collection":[{"href":"https:\/\/arantv.az\/index.php?rest_route=\/wp\/v2\/posts"}],"about":[{"href":"https:\/\/arantv.az\/index.php?rest_route=\/wp\/v2\/types\/post"}],"author":[{"embeddable":true,"href":"https:\/\/arantv.az\/index.php?rest_route=\/wp\/v2\/users\/2"}],"replies":[{"embeddable":true,"href":"https:\/\/arantv.az\/index.php?rest_route=%2Fwp%2Fv2%2Fcomments&post=46738"}],"version-history":[{"count":0,"href":"https:\/\/arantv.az\/index.php?rest_route=\/wp\/v2\/posts\/46738\/revisions"}],"wp:featuredmedia":[{"embeddable":true,"href":"https:\/\/arantv.az\/index.php?rest_route=\/wp\/v2\/media\/46739"}],"wp:attachment":[{"href":"https:\/\/arantv.az\/index.php?rest_route=%2Fwp%2Fv2%2Fmedia&parent=46738"}],"wp:term":[{"taxonomy":"category","embeddable":true,"href":"https:\/\/arantv.az\/index.php?rest_route=%2Fwp%2Fv2%2Fcategories&post=46738"},{"taxonomy":"post_tag","embeddable":true,"href":"https:\/\/arantv.az\/index.php?rest_route=%2Fwp%2Fv2%2Ftags&post=46738"}],"curies":[{"name":"wp","href":"https:\/\/api.w.org\/{rel}","templated":true}]}}