{"id":46755,"date":"2019-03-22T14:14:21","date_gmt":"2019-03-22T11:14:21","guid":{"rendered":"http:\/\/arantv.az\/?p=46755"},"modified":"2019-03-22T14:14:21","modified_gmt":"2019-03-22T11:14:21","slug":"uzun-ill%c9%99rdir-bel%c9%99-bayram-kecirm%c9%99misdim-foto","status":"publish","type":"post","link":"https:\/\/arantv.az\/?p=46755","title":{"rendered":"\u201cUzun ill\u0259rdir bel\u0259 bayram ke\u00e7irm\u0259mi\u015fdim&#8230;\u201d &#8211; Foto"},"content":{"rendered":"<p><strong>Qarda\u015f T\u00fcrkiy\u0259 v\u0259 C\u0259nubi Az\u0259rbaycan\u0131m\u0131zdan olan d\u0259y\u0259rli dostlarla, tan\u0131nm\u0131\u015f yazar v\u0259 jurnalist M\u0259ry\u0259m Aybik\u0259 Sinan, t\u0259\u015fkilat r\u0259hb\u0259ri, Az\u0259rbaycan sevdal\u0131 Fatma S\u00f6nm\u0259z v\u0259 Qaraba\u011f h\u0259qiq\u0259tl\u0259rini d\u00fcnyada t\u0259bli\u011f ed\u0259n Norve\u00e7d\u0259 ya\u015fayan h\u0259myerlimiz \u015eervin N\u0259c\u0259fpurla Cocuq M\u0259rcanl\u0131day\u0131q, C\u0259bray\u0131lda. D\u00f6vl\u0259t Televiziyas\u0131 m\u00fcvafiq qurumlarla birlikd\u0259 Novruz bayram\u0131n\u0131 m\u0259hz Cocuq M\u0259rcanl\u0131da t\u0259\u015fkil etdi v\u0259 canl\u0131 yay\u0131mlad\u0131. Bu, dosta da, d\u00fc\u015fm\u0259n\u0259 d\u0259 \u00f6n\u0259mli mesaj idi. D\u00fcnyan\u0131n h\u0259r yerind\u0259 ya\u015fayan az\u0259rbaycanl\u0131lar da bu canl\u0131 yay\u0131mla Novruzu Cocuq M\u0259rcanl\u0131da qar\u015f\u0131lad\u0131lar.<\/strong><\/p>\n<p><strong>ARANTV.AZ<\/strong> x\u0259b\u0259r verir ki, bu s\u00f6zl\u0259ri mill\u0259t v\u0259kili Q\u0259nir\u0259 Pa\u015fayeva yaz\u0131b. O qeyd edib ki, dayanmadan ya\u011fan ya\u011f\u0131\u015fa baxmayaraq, sad\u0259c\u0259, Cocuq M\u0259rcanl\u0131da 26 ild\u0259n sonra \u00f6z evind\u0259 bayram\u0131 qeyd ed\u0259n k\u0259nd sakinl\u0259ri deyil, C\u0259bray\u0131l\u0131n m\u00fcxt\u0259lif k\u0259ndl\u0259rind\u0259n k\u00f6\u00e7k\u00fcn d\u00fc\u015fm\u00fc\u015f bir \u00e7ox insanlar, \u00f6lk\u0259mizin f\u0259rqli b\u00f6lg\u0259l\u0259rind\u0259n g\u0259lmi\u015f sad\u0259 insanlar\u0131m\u0131z, ziyal\u0131lar\u0131m\u0131z, s\u0259n\u0259t adamlar\u0131m\u0131z bayram\u0131 Cocuq M\u0259rcanl\u0131da birg\u0259 qar\u015f\u0131lad\u0131, ya\u011f\u0131\u015f bir ne\u00e7\u0259 saat dayanmasa da, he\u00e7 bir yer\u0259 getm\u0259dil\u0259r, bayram\u0131 sevincl\u0259, birlikd\u0259 qeyd etdik:<\/p>\n<p>\u201cAprel z\u0259f\u0259rind\u0259n bir ne\u00e7\u0259 g\u00fcn \u00f6nc\u0259 Novruz bayram\u0131nda bu k\u0259ndin \u00e7\u0131xaca\u011f\u0131nda ya\u015fayan Oqtay b\u0259yin ail\u0259sini qarda\u015f T\u00fcrkiy\u0259d\u0259n g\u0259lmi\u015f ziyal\u0131larla, jurnalistl\u0259rl\u0259 ziyar\u0259t ed\u0259nd\u0259 biz\u0259 tonqal yand\u0131rm\u0131\u015fd\u0131. Amma bayram sevincimiz yox idi. \u00c7\u00fcnki i\u015f\u011fal\u00e7\u0131 Erm\u0259nistan t\u0259r\u0259find\u0259n tamamil\u0259 da\u011f\u0131d\u0131lm\u0131\u015f Cocuq M\u0259rcanl\u0131ya baxanda \u00fcr\u0259yimiz g\u00f6yn\u0259yirdi v\u0259 o zaman \u201cin\u015fallah bu bayram tonqal\u0131n\u0131 Cocuq M\u0259rcanl\u0131n\u0131n b\u00fct\u00fcn sakinl\u0259ri il\u0259 birlikd\u0259 yenid\u0259n abadla\u015facaq bu k\u0259ndimizd\u0259 v\u0259 b\u00fct\u00fcn i\u015f\u011faldan azad ed\u0259c\u0259yimiz torpaqlar\u0131m\u0131zda yand\u0131raq v\u0259 bayram\u0131 qeyd ed\u0259k\u201d demi\u015fdik. Ali Ba\u015f Komandan\u0131m\u0131z\u0131n r\u0259hb\u0259rliyi alt\u0131nda qazand\u0131\u011f\u0131m\u0131z Aprel z\u0259f\u0259ri, y\u0259ni L\u0259l\u0259t\u0259p\u0259 d\u0259 daxil olmaqla, torpaqlar\u0131m\u0131z\u0131n bir hiss\u0259sinin i\u015f\u011faldan azad edilm\u0259sind\u0259n sonra q\u0131sa zamanda Cocuq M\u0259rcanl\u0131 yenid\u0259n daha da g\u00f6z\u0259l \u015f\u0259kild\u0259 yenid\u0259n quruldu v\u0259 bu k\u0259ndd\u0259n olan k\u00f6\u00e7k\u00fcnl\u0259rimiz \u00f6z evl\u0259rin\u0259 qay\u0131da bildi. Ali Ba\u015f Komadan\u0131m\u0131za, q\u0259hr\u0259man \u015f\u0259hidl\u0259rimiz\u0259 v\u0259 qazil\u0259rimiz\u0259 t\u0259\u015f\u0259kk\u00fcrl\u0259r!\u201d<\/p>\n<p>Q.Pa\u015fayeva vur\u011fulay\u0131b ki, uzun ill\u0259rdir bel\u0259 bayram ya\u015famay\u0131b:<\/p>\n<p>\u201c\u00c7ox duy\u011fulu anlar ya\u015fad\u0131m. Q\u0259hr\u0259man \u015f\u0259hidl\u0259rimiz nur i\u00e7ind\u0259 yats\u0131n. \u0130n\u015fallah, inan\u0131ram ki, o g\u00fcn uzaqda deyil. D\u00fcn\u0259n Cocuq M\u0259rcanl\u0131da bayram tonqal\u0131 \u0259traf\u0131nda dediyimiz kimi, g\u0259l\u0259n Novruzu Ali Ba\u015f Komandan\u0131m\u0131z\u0131n r\u0259hb\u0259rliyi alt\u0131nda i\u015f\u011faldan azad ed\u0259c\u0259yimiz g\u00f6z\u0259l torpaqlar\u0131m\u0131zda qeyd ed\u0259c\u0259yik. Buna inan\u0131r\u0131q v\u0259 bunun \u00fc\u00e7\u00fcn ham\u0131m\u0131z birlik olub, daha \u00e7ox \u00e7al\u0131\u015fmal\u0131y\u0131q\u201d.<\/p>\n<p>Mill\u0259t v\u0259kili sonda Novruz bayram\u0131n\u0131 m\u0259hz Cocuq M\u0259rcanl\u0131dan canl\u0131 yay\u0131mla qeyd etm\u0259k t\u0259\u015f\u0259bb\u00fcs\u00fc v\u0259 y\u00fcks\u0259k s\u0259viyy\u0259d\u0259 t\u0259\u015fkilat\u00e7\u0131l\u0131q \u00fc\u00e7\u00fcn AzTV-y\u0259 t\u0259\u015f\u0259kk\u00fcr edib.<\/p>\n<div id=\"gallery\" class=\"ad-gallery\">\n<div class=\"ad-image-wrapper\">\n<div class=\"ad-image\"><\/div>\n<div class=\"ad-next\"><\/div>\n<div class=\"ad-prev\"><\/div>\n<\/div>\n<div class=\"ad-controls\"><\/div>\n<div class=\"ad-nav\">\n<div class=\"ad-back\"><\/div>\n<div class=\"ad-thumbs\">\n<ul class=\"ad-thumb-list\">\n<li><a class=\"ad-thumb0 ad-active\" href=\"https:\/\/cdn.axar.az\/2019\/03\/22\/qenire-novruz.jpg\"><img src=\"https:\/\/cdn.axar.az\/2019\/03\/22\/qenire-novruz.jpg\" alt=\"\" height=\"60\" \/><\/a><\/li>\n<li><a class=\"ad-thumb1\" href=\"https:\/\/cdn.axar.az\/2019\/03\/22\/novruz-tonqal.jpg\"><img src=\"https:\/\/cdn.axar.az\/2019\/03\/22\/novruz-tonqal.jpg\" alt=\"\" height=\"60\" \/><\/a><\/li>\n<li>kult.az<\/li>\n<\/ul>\n<\/div>\n<\/div>\n<\/div>\n","protected":false},"excerpt":{"rendered":"<p>Qarda\u015f T\u00fcrkiy\u0259 v\u0259 C\u0259nubi Az\u0259rbaycan\u0131m\u0131zdan olan d\u0259y\u0259rli dostlarla, tan\u0131nm\u0131\u015f yazar v\u0259 jurnalist M\u0259ry\u0259m Aybik\u0259 Sinan, t\u0259\u015fkilat r\u0259hb\u0259ri, Az\u0259rbaycan sevdal\u0131 Fatma S\u00f6nm\u0259z v\u0259 Qaraba\u011f h\u0259qiq\u0259tl\u0259rini d\u00fcnyada t\u0259bli\u011f ed\u0259n Norve\u00e7d\u0259 ya\u015fayan h\u0259myerlimiz \u015eervin N\u0259c\u0259fpurla Cocuq M\u0259rcanl\u0131day\u0131q, C\u0259bray\u0131lda. D\u00f6vl\u0259t Televiziyas\u0131 m\u00fcvafiq qurumlarla birlikd\u0259 Novruz bayram\u0131n\u0131 m\u0259hz Cocuq M\u0259rcanl\u0131da t\u0259\u015fkil etdi v\u0259 canl\u0131 yay\u0131mlad\u0131. Bu, dosta da, d\u00fc\u015fm\u0259n\u0259 d\u0259 \u00f6n\u0259mli mesaj idi. D\u00fcnyan\u0131n h\u0259r yerind\u0259 ya\u015fayan az\u0259rbaycanl\u0131lar da bu canl\u0131 yay\u0131mla Novruzu Cocuq M\u0259rcanl\u0131da qar\u015f\u0131lad\u0131lar. ARANTV.AZ x\u0259b\u0259r verir ki, bu s\u00f6zl\u0259ri mill\u0259t v\u0259kili Q\u0259nir\u0259 Pa\u015fayeva yaz\u0131b. O qeyd edib ki, dayanmadan ya\u011fan ya\u011f\u0131\u015fa baxmayaraq,&hellip;<\/p>\n","protected":false},"author":2,"featured_media":46756,"comment_status":"closed","ping_status":"closed","sticky":false,"template":"","format":"standard","meta":{"om_disable_all_campaigns":false,"_monsterinsights_skip_tracking":false,"_monsterinsights_sitenote_active":false,"_monsterinsights_sitenote_note":"","_monsterinsights_sitenote_category":0},"categories":[1],"tags":[],"aioseo_notices":[],"gutentor_comment":0,"rttpg_featured_image_url":{"full":["https:\/\/arantv.az\/wp-content\/uploads\/2019\/03\/novruz-bayram.jpg",500,333,false],"landscape":["https:\/\/arantv.az\/wp-content\/uploads\/2019\/03\/novruz-bayram.jpg",500,333,false],"portraits":["https:\/\/arantv.az\/wp-content\/uploads\/2019\/03\/novruz-bayram.jpg",500,333,false],"thumbnail":["https:\/\/arantv.az\/wp-content\/uploads\/2019\/03\/novruz-bayram-150x150.jpg",150,150,true],"medium":["https:\/\/arantv.az\/wp-content\/uploads\/2019\/03\/novruz-bayram-300x200.jpg",300,200,true],"large":["https:\/\/arantv.az\/wp-content\/uploads\/2019\/03\/novruz-bayram.jpg",500,333,false],"1536x1536":["https:\/\/arantv.az\/wp-content\/uploads\/2019\/03\/novruz-bayram.jpg",500,333,false],"2048x2048":["https:\/\/arantv.az\/wp-content\/uploads\/2019\/03\/novruz-bayram.jpg",500,333,false],"post-thumbnail":["https:\/\/arantv.az\/wp-content\/uploads\/2019\/03\/novruz-bayram-240x172.jpg",240,172,true],"advps-thumb-one":["https:\/\/arantv.az\/wp-content\/uploads\/2019\/03\/novruz-bayram.jpg",500,333,false]},"rttpg_author":{"display_name":"V\u00fcsal Rafiqo\u011flu","author_link":"https:\/\/arantv.az\/?author=2"},"rttpg_comment":0,"rttpg_category":"<a href=\"https:\/\/arantv.az\/?cat=1\" rel=\"category\">C\u0259miyy\u0259t<\/a>","rttpg_excerpt":"Qarda\u015f T\u00fcrkiy\u0259 v\u0259 C\u0259nubi Az\u0259rbaycan\u0131m\u0131zdan olan d\u0259y\u0259rli dostlarla, tan\u0131nm\u0131\u015f yazar v\u0259 jurnalist M\u0259ry\u0259m Aybik\u0259 Sinan, t\u0259\u015fkilat r\u0259hb\u0259ri, Az\u0259rbaycan sevdal\u0131 Fatma S\u00f6nm\u0259z v\u0259 Qaraba\u011f h\u0259qiq\u0259tl\u0259rini d\u00fcnyada t\u0259bli\u011f ed\u0259n Norve\u00e7d\u0259 ya\u015fayan h\u0259myerlimiz \u015eervin N\u0259c\u0259fpurla Cocuq M\u0259rcanl\u0131day\u0131q, C\u0259bray\u0131lda. D\u00f6vl\u0259t Televiziyas\u0131 m\u00fcvafiq qurumlarla birlikd\u0259 Novruz bayram\u0131n\u0131 m\u0259hz Cocuq M\u0259rcanl\u0131da t\u0259\u015fkil etdi v\u0259 canl\u0131 yay\u0131mlad\u0131. Bu, dosta da, d\u00fc\u015fm\u0259n\u0259 d\u0259&hellip;","_links":{"self":[{"href":"https:\/\/arantv.az\/index.php?rest_route=\/wp\/v2\/posts\/46755"}],"collection":[{"href":"https:\/\/arantv.az\/index.php?rest_route=\/wp\/v2\/posts"}],"about":[{"href":"https:\/\/arantv.az\/index.php?rest_route=\/wp\/v2\/types\/post"}],"author":[{"embeddable":true,"href":"https:\/\/arantv.az\/index.php?rest_route=\/wp\/v2\/users\/2"}],"replies":[{"embeddable":true,"href":"https:\/\/arantv.az\/index.php?rest_route=%2Fwp%2Fv2%2Fcomments&post=46755"}],"version-history":[{"count":0,"href":"https:\/\/arantv.az\/index.php?rest_route=\/wp\/v2\/posts\/46755\/revisions"}],"wp:featuredmedia":[{"embeddable":true,"href":"https:\/\/arantv.az\/index.php?rest_route=\/wp\/v2\/media\/46756"}],"wp:attachment":[{"href":"https:\/\/arantv.az\/index.php?rest_route=%2Fwp%2Fv2%2Fmedia&parent=46755"}],"wp:term":[{"taxonomy":"category","embeddable":true,"href":"https:\/\/arantv.az\/index.php?rest_route=%2Fwp%2Fv2%2Fcategories&post=46755"},{"taxonomy":"post_tag","embeddable":true,"href":"https:\/\/arantv.az\/index.php?rest_route=%2Fwp%2Fv2%2Ftags&post=46755"}],"curies":[{"name":"wp","href":"https:\/\/api.w.org\/{rel}","templated":true}]}}