{"id":46770,"date":"2019-03-22T14:27:39","date_gmt":"2019-03-22T11:27:39","guid":{"rendered":"http:\/\/arantv.az\/?p=46770"},"modified":"2019-03-22T14:27:39","modified_gmt":"2019-03-22T11:27:39","slug":"umumdunya-su-gunu-nazirlikd%c9%99n-%c9%99haliy%c9%99-cagiris","status":"publish","type":"post","link":"https:\/\/arantv.az\/?p=46770","title":{"rendered":"\u00dcmumd\u00fcnya Su G\u00fcn\u00fc &#8211; Nazirlikd\u0259n \u0259haliy\u0259 \u00e7a\u011f\u0131r\u0131\u015f"},"content":{"rendered":"<p>H\u0259r il mart\u0131n 22-d\u0259 \u00dcmumd\u00fcnya Su G\u00fcn\u00fc (World Day of Water) qeyd olunur. Bu g\u00fcn BMT Ba\u015f Assambleyas\u0131n\u0131n 1993-c\u00fc il 22 fevral tarixli q\u0259rar\u0131na \u0259sas\u0259n qeyd olunma\u011fa ba\u015flan\u0131b. \u00dcmumd\u00fcnya su ehtiyatlar\u0131 g\u00fcn\u00fc haqq\u0131nda ilk t\u0259klif 1992-ci il iyunun 3-14 tarixl\u0259ri aras\u0131nda Rio-de-Janeyroda ba\u015f tutmu\u015f BMT-nin \u018ftraf M\u00fchitin M\u00fchafiz\u0259si v\u0259 \u0130nki\u015faf\u0131 Konfrans\u0131nda (UNCED) s\u0259sl\u0259ndirilib.<\/p>\n<p>Bu g\u00fcn\u00fcn ke\u00e7irilm\u0259sind\u0259 m\u0259qs\u0259d h\u0259r bir k\u0259sin vaxtl\u0131 vaxt\u0131nda v\u0259 laz\u0131mi miqdarda t\u0259miz su il\u0259 t\u0259min edilm\u0259si v\u0259 su ekosisteml\u0259rinin m\u00fchafiz\u0259sind\u0259 ham\u0131n\u0131 f\u0259al olma\u011fa \u00e7a\u011f\u0131rmaqd\u0131r. Bu m\u0259qs\u0259dl\u0259 d\u00fcnyan\u0131n m\u00fcxt\u0259lif yerl\u0259rind\u0259 beyn\u0259lxalq, milli v\u0259 yerli s\u0259viyy\u0259l\u0259rd\u0259 su resurslar\u0131ndan s\u0259m\u0259r\u0259li istifad\u0259\u00a0 sah\u0259sind\u0259 m\u00fcxt\u0259lif\u00a0 proqramlar h\u0259yata ke\u00e7irilir.<\/p>\n<p>Ekologiya v\u0259 T\u0259bii S\u0259rv\u0259tl\u0259r Nazirliyinin m\u0259tbuat xidm\u0259tind\u0259n <strong>ARANTV.AZ<\/strong>-a veril\u0259n m\u0259lumata g\u00f6r\u0259, su resurslar\u0131m\u0131z o q\u0259d\u0259r d\u0259 \u00e7ox olmad\u0131\u011f\u0131ndan sudan q\u0259na\u0259tl\u0259 istifad\u0259 v\u0259 su m\u0259nb\u0259l\u0259rimizin m\u00fchafiz\u0259si \u00f6lk\u0259mizd\u0259 \u0259n prioritet sah\u0259l\u0259rd\u0259ndir. Respublikan\u0131n s\u0259th su ehtiyatlar\u0131 \u0259sas\u0259n K\u00fcr v\u0259 onun qollar\u0131 v\u0259 eyni zamanda birba\u015fa X\u0259z\u0259r\u0259 t\u00f6k\u00fcl\u0259n L\u0259nk\u0259ran t\u0259bii zonas\u0131 v\u0259 Quba-Xa\u00e7maz zonas\u0131 \u00e7aylar\u0131n\u0131n ax\u0131m\u0131ndan ibar\u0259t olamqla\u00a0 30 kub.km t\u0259\u015fkil edir ki, bunun da yaln\u0131z \u00fc\u00e7d\u0259 biri yerli sular\u0131m\u0131zd\u0131r.<\/p>\n<p>Az\u0259rbaycan\u0131n su ehtiyatlar\u0131 \u00f6lk\u0259nin iqtisadiyyat\u0131nda b\u00f6y\u00fck rol oynay\u0131r. \u0130ld\u0259 12 kub.km-d\u0259n \u00e7ox su\u00a0\u00a0 \u0259halini,\u00a0 s\u0259nayeni, k\u0259nd t\u0259s\u0259rr\u00fcfat\u0131 v\u0259 iqtisadiyyat\u0131n bir \u00e7ox sah\u0259l\u0259rini su il\u0259 t\u0259min etm\u0259k m\u0259qs\u0259dil\u0259 \u00e7aylardan istifad\u0259 \u00fc\u00e7\u00fcn g\u00f6t\u00fcr\u00fcl\u00fcr.\u00a0 K\u0259nd t\u0259s\u0259rr\u00fcfat\u0131 m\u0259hsulllar\u0131 \u0259sas\u0259n suvar\u0131lan sah\u0259l\u0259rd\u0259 yeti\u015fdiyind\u0259n\u00a0 g\u00f6t\u00fcr\u00fcrl\u0259n suyun \u00fc\u00e7d\u0259 ikisi suvarmada istifad\u0259 olunur.<\/p>\n<div id=\"AdributorNativeVideo0\" class=\"AdributorNativeVideo\"><\/div>\n<p>Ekologiya v\u0259 T\u0259bii S\u0259rv\u0259tl\u0259r Nazirliyi (ETSN) su resurslar\u0131m\u0131z\u0131n m\u00fct\u0259madi olaraq monitorinqini apar\u0131r. H\u0259m yerli, h\u0259m d\u0259 transs\u0259rh\u0259d \u00e7aylardan istifad\u0259 Az\u0259rbaycan Respublikas\u0131n\u0131n Su M\u0259c\u0259ll\u0259sin\u0259, \u018ftraf M\u00fchitin M\u00fchafiz\u0259si v\u0259 dig\u0259r qanunlara v\u0259 qanunvericilik aktlar\u0131na, o c\u00fcml\u0259d\u0259n \u00fczv oldu\u011fumuz beym\u0259lxalq konvensiyalara\u00a0 v\u0259 raz\u0131la\u015fmalara \u0259saslanmal\u0131d\u0131r. Bu zaman\u00a0 \u00e7aylarda\u00a0 t\u0259l\u0259b olunan ekoloji ax\u0131m\u0131 t\u0259min edilm\u0259li v\u0259 su ehtiyatlar\u0131 inteqrasiyal\u0131 yana\u015fma v\u0259 h\u00f6vz\u0259 prinsipin\u0259 uy\u011fun idar\u0259 edilm\u0259lidir.<\/p>\n<p>G\u0259l\u0259c\u0259kd\u0259 ciddi su q\u0131tl\u0131\u011f\u0131 problemi il\u0259 \u00fczl\u0259\u015fm\u0259m\u0259k \u00fc\u00e7\u00fcn \u0259hali d\u0259 daxil olmaqla b\u00fct\u00fcn su istifad\u0259\u00e7il\u0259ri sudan s\u0259m\u0259r\u0259li istifad\u0259 etm\u0259li, su t\u0259chizat\u0131 qur\u011fular\u0131nda v\u0259 m\u0259i\u015f\u0259td\u0259 su itkil\u0259rinin qar\u015f\u0131s\u0131n\u0131 almal\u0131, m\u00fcasir texnologiya v\u0259 suya q\u0259na\u0259t ed\u0259n avadanl\u0131qdan istifad\u0259 etm\u0259li, i\u00e7m\u0259li sudan texniki m\u0259qs\u0259dl\u0259r \u00fc\u00e7\u00fcn istifad\u0259ni m\u0259hdudla\u015fd\u0131rmal\u0131 v\u0259 s. add\u0131mlar atmal\u0131d\u0131rlar.<\/p>\n<p>Ekologiya v\u0259 T\u0259bii S\u0259rv\u0259tl\u0259r Nazirliyi ham\u0131n\u0131 Beyn\u0259lxalq Su G\u00fcn\u00fc m\u00fcnasib\u0259til\u0259 t\u0259brik edir v\u0259 su resurslar\u0131mm\u0131z\u0131n birg\u0259 m\u00fchafiz\u0259si sah\u0259sind\u0259 s\u0131x \u0259m\u0259kda\u015fl\u0131\u011fa \u00e7a\u011f\u0131r\u0131r!<\/p>\n","protected":false},"excerpt":{"rendered":"<p>H\u0259r il mart\u0131n 22-d\u0259 \u00dcmumd\u00fcnya Su G\u00fcn\u00fc (World Day of Water) qeyd olunur. Bu g\u00fcn BMT Ba\u015f Assambleyas\u0131n\u0131n 1993-c\u00fc il 22 fevral tarixli q\u0259rar\u0131na \u0259sas\u0259n qeyd olunma\u011fa ba\u015flan\u0131b. \u00dcmumd\u00fcnya su ehtiyatlar\u0131 g\u00fcn\u00fc haqq\u0131nda ilk t\u0259klif 1992-ci il iyunun 3-14 tarixl\u0259ri aras\u0131nda Rio-de-Janeyroda ba\u015f tutmu\u015f BMT-nin \u018ftraf M\u00fchitin M\u00fchafiz\u0259si v\u0259 \u0130nki\u015faf\u0131 Konfrans\u0131nda (UNCED) s\u0259sl\u0259ndirilib. Bu g\u00fcn\u00fcn ke\u00e7irilm\u0259sind\u0259 m\u0259qs\u0259d h\u0259r bir k\u0259sin vaxtl\u0131 vaxt\u0131nda v\u0259 laz\u0131mi miqdarda t\u0259miz su il\u0259 t\u0259min edilm\u0259si v\u0259 su ekosisteml\u0259rinin m\u00fchafiz\u0259sind\u0259 ham\u0131n\u0131 f\u0259al olma\u011fa \u00e7a\u011f\u0131rmaqd\u0131r. Bu m\u0259qs\u0259dl\u0259 d\u00fcnyan\u0131n m\u00fcxt\u0259lif yerl\u0259rind\u0259 beyn\u0259lxalq, milli v\u0259 yerli s\u0259viyy\u0259l\u0259rd\u0259 su resurslar\u0131ndan&hellip;<\/p>\n","protected":false},"author":2,"featured_media":46771,"comment_status":"closed","ping_status":"closed","sticky":false,"template":"","format":"standard","meta":{"om_disable_all_campaigns":false,"_monsterinsights_skip_tracking":false,"_monsterinsights_sitenote_active":false,"_monsterinsights_sitenote_note":"","_monsterinsights_sitenote_category":0},"categories":[1],"tags":[],"aioseo_notices":[],"gutentor_comment":0,"rttpg_featured_image_url":{"full":["https:\/\/arantv.az\/wp-content\/uploads\/2019\/03\/su_2834767.jpg",917,669,false],"landscape":["https:\/\/arantv.az\/wp-content\/uploads\/2019\/03\/su_2834767.jpg",917,669,false],"portraits":["https:\/\/arantv.az\/wp-content\/uploads\/2019\/03\/su_2834767.jpg",917,669,false],"thumbnail":["https:\/\/arantv.az\/wp-content\/uploads\/2019\/03\/su_2834767-150x150.jpg",150,150,true],"medium":["https:\/\/arantv.az\/wp-content\/uploads\/2019\/03\/su_2834767-300x219.jpg",300,219,true],"large":["https:\/\/arantv.az\/wp-content\/uploads\/2019\/03\/su_2834767.jpg",640,467,false],"1536x1536":["https:\/\/arantv.az\/wp-content\/uploads\/2019\/03\/su_2834767.jpg",917,669,false],"2048x2048":["https:\/\/arantv.az\/wp-content\/uploads\/2019\/03\/su_2834767.jpg",917,669,false],"post-thumbnail":["https:\/\/arantv.az\/wp-content\/uploads\/2019\/03\/su_2834767-240x172.jpg",240,172,true],"advps-thumb-one":["https:\/\/arantv.az\/wp-content\/uploads\/2019\/03\/su_2834767-917x620.jpg",917,620,true]},"rttpg_author":{"display_name":"V\u00fcsal Rafiqo\u011flu","author_link":"https:\/\/arantv.az\/?author=2"},"rttpg_comment":0,"rttpg_category":"<a href=\"https:\/\/arantv.az\/?cat=1\" rel=\"category\">C\u0259miyy\u0259t<\/a>","rttpg_excerpt":"H\u0259r il mart\u0131n 22-d\u0259 \u00dcmumd\u00fcnya Su G\u00fcn\u00fc (World Day of Water) qeyd olunur. Bu g\u00fcn BMT Ba\u015f Assambleyas\u0131n\u0131n 1993-c\u00fc il 22 fevral tarixli q\u0259rar\u0131na \u0259sas\u0259n qeyd olunma\u011fa ba\u015flan\u0131b. \u00dcmumd\u00fcnya su ehtiyatlar\u0131 g\u00fcn\u00fc haqq\u0131nda ilk t\u0259klif 1992-ci il iyunun 3-14 tarixl\u0259ri aras\u0131nda Rio-de-Janeyroda ba\u015f tutmu\u015f BMT-nin \u018ftraf M\u00fchitin M\u00fchafiz\u0259si v\u0259 \u0130nki\u015faf\u0131 Konfrans\u0131nda (UNCED) s\u0259sl\u0259ndirilib. Bu g\u00fcn\u00fcn&hellip;","_links":{"self":[{"href":"https:\/\/arantv.az\/index.php?rest_route=\/wp\/v2\/posts\/46770"}],"collection":[{"href":"https:\/\/arantv.az\/index.php?rest_route=\/wp\/v2\/posts"}],"about":[{"href":"https:\/\/arantv.az\/index.php?rest_route=\/wp\/v2\/types\/post"}],"author":[{"embeddable":true,"href":"https:\/\/arantv.az\/index.php?rest_route=\/wp\/v2\/users\/2"}],"replies":[{"embeddable":true,"href":"https:\/\/arantv.az\/index.php?rest_route=%2Fwp%2Fv2%2Fcomments&post=46770"}],"version-history":[{"count":0,"href":"https:\/\/arantv.az\/index.php?rest_route=\/wp\/v2\/posts\/46770\/revisions"}],"wp:featuredmedia":[{"embeddable":true,"href":"https:\/\/arantv.az\/index.php?rest_route=\/wp\/v2\/media\/46771"}],"wp:attachment":[{"href":"https:\/\/arantv.az\/index.php?rest_route=%2Fwp%2Fv2%2Fmedia&parent=46770"}],"wp:term":[{"taxonomy":"category","embeddable":true,"href":"https:\/\/arantv.az\/index.php?rest_route=%2Fwp%2Fv2%2Fcategories&post=46770"},{"taxonomy":"post_tag","embeddable":true,"href":"https:\/\/arantv.az\/index.php?rest_route=%2Fwp%2Fv2%2Ftags&post=46770"}],"curies":[{"name":"wp","href":"https:\/\/api.w.org\/{rel}","templated":true}]}}