{"id":46773,"date":"2019-03-22T14:32:16","date_gmt":"2019-03-22T11:32:16","guid":{"rendered":"http:\/\/arantv.az\/?p=46773"},"modified":"2019-03-22T14:32:16","modified_gmt":"2019-03-22T11:32:16","slug":"qarabag-munaqis%c9%99sind%c9%99-az%c9%99rbaycanin-haqq-movqeyini-d%c9%99st%c9%99kl%c9%99yirik-pakistan-prezidenti","status":"publish","type":"post","link":"https:\/\/arantv.az\/?p=46773","title":{"rendered":"&#8220;Qaraba\u011f m\u00fcnaqi\u015f\u0259sind\u0259 Az\u0259rbaycan\u0131n haqq m\u00f6vqeyini d\u0259st\u0259kl\u0259yirik\u201d &#8211; Pakistan prezidenti"},"content":{"rendered":"<p><a class=\"kw-link\" title=\"Pakistan x\u0259b\u0259rl\u0259ri\" href=\"https:\/\/metbuat.az\/news\/search?q=pakistan\" target=\"_blank\" rel=\"noopener\">Pakistan<\/a>\u00a0\u0130slam Respublikas\u0131nda s\u0259f\u0259rd\u0259 olan\u00a0<a class=\"kw-link\" title=\"Az\u0259rbaycan x\u0259b\u0259rl\u0259ri\" href=\"https:\/\/metbuat.az\/news\/search?q=az%C9%99rbaycan\" target=\"_blank\" rel=\"noopener\">Az\u0259rbaycan<\/a>\u00a0Respublikas\u0131 M\u00fcdafi\u0259 Nazirliyinin n\u00fcmay\u0259nd\u0259 hey\u0259tini mart\u0131n 22-d\u0259 bu \u00f6lk\u0259nin Prezidenti Arif Alvi q\u0259bul edib.<\/p>\n<p><strong>ARANTV.AZ<\/strong> bildirir ki, bu bar\u0259d\u0259 Azvision.az -a M\u00fcdafi\u0259 Nazirliyi m\u0259lumat verib.<\/p>\n<p>Q\u0259bula g\u00f6r\u0259 t\u0259\u015f\u0259kk\u00fcr ed\u0259n m\u00fcdafi\u0259 naziri general-polkovnik Zakir H\u0259s\u0259nov Az\u0259rbaycan Respublikas\u0131 Prezidentinin xo\u015f salamlar\u0131n\u0131 Arif Alviy\u0259 \u00e7atd\u0131r\u0131b. \u00d6lk\u0259mizin Pakistanla \u0259laq\u0259l\u0259r\u0259, x\u00fcsusil\u0259 h\u0259rbi sah\u0259d\u0259 \u0259m\u0259kda\u015fl\u0131\u011fa \u00f6n\u0259m verdiyini qeyd ed\u0259n m\u00fcdafi\u0259 naziri t\u0259hl\u00fck\u0259sizlik, h\u0259rbi-texniki, h\u0259rbi t\u0259hsil v\u0259 bir s\u0131ra dig\u0259r istiqam\u0259tl\u0259rd\u0259 \u0259m\u0259kda\u015fl\u0131\u011f\u0131n geni\u015fl\u0259ndirilm\u0259sinin vacibliyini vur\u011fulay\u0131b.<\/p>\n<p>Pakistan Prezidenti Arif Alvi \u00f6z n\u00f6vb\u0259sind\u0259 salamlar\u0131n\u0131 v\u0259 d\u0259rin ehtiram\u0131n\u0131 Az\u0259rbaycan Respublikas\u0131n\u0131n Prezidentin\u0259 \u00e7atd\u0131r\u0131lmas\u0131n\u0131 xahi\u015f edib. Pakistan Prezidenti d\u00f6vl\u0259tl\u0259raras\u0131 \u0259laq\u0259l\u0259rin, h\u0259m\u00e7inin iki xalq aras\u0131nda m\u00f6vcud olan qarda\u015fl\u0131q m\u00fcnasib\u0259tl\u0259rinin y\u00fcks\u0259k s\u0259viyy\u0259d\u0259 oldu\u011funu qeyd ed\u0259r\u0259k h\u0259rbi-texniki, m\u00fcdafi\u0259 v\u0259 dig\u0259r \u0259laq\u0259l\u0259rin daha da inki\u015faf\u0131n\u0131n z\u0259ruriliyini bildirib.<\/p>\n<p>Prezident A.Alvi Pakistan\u0131n Da\u011fl\u0131q Qaraba\u011f m\u00fcnaqi\u015f\u0259sind\u0259 \u00f6lk\u0259mizi d\u0259st\u0259kl\u0259m\u0259sind\u0259n \u015fad oldu\u011funu v\u0259 bunun davam ed\u0259c\u0259yini, Az\u0259rbaycan torpaqlar\u0131n\u0131 i\u015f\u011fal etdiyi \u00fc\u00e7\u00fcn Pakistan\u0131n\u00a0<a class=\"kw-link\" title=\"Erm\u0259nistan x\u0259b\u0259rl\u0259ri\" href=\"https:\/\/metbuat.az\/news\/search?q=erm%C9%99nistan\" target=\"_blank\" rel=\"noopener\">Erm\u0259nistan<\/a>\u0131 bir d\u00f6vl\u0259t kimi tan\u0131mad\u0131\u011f\u0131n\u0131 v\u0259 m\u0259s\u0259l\u0259nin tezlikl\u0259 Az\u0259rbaycan\u0131n \u0259razi b\u00fct\u00f6vl\u00fcy\u00fc \u00e7\u0259r\u00e7iv\u0259sind\u0259 h\u0259ll olunmas\u0131n\u0131n z\u0259ruriliyini vur\u011fulay\u0131b.<\/p>\n<p>G\u00f6r\u00fc\u015fd\u0259 t\u0259r\u0259fl\u0259r maraq do\u011furan dig\u0259r m\u0259s\u0259l\u0259l\u0259r \u0259traf\u0131nda da fikir m\u00fcbadil\u0259si apar\u0131blar.<\/p>\n","protected":false},"excerpt":{"rendered":"<p>Pakistan\u00a0\u0130slam Respublikas\u0131nda s\u0259f\u0259rd\u0259 olan\u00a0Az\u0259rbaycan\u00a0Respublikas\u0131 M\u00fcdafi\u0259 Nazirliyinin n\u00fcmay\u0259nd\u0259 hey\u0259tini mart\u0131n 22-d\u0259 bu \u00f6lk\u0259nin Prezidenti Arif Alvi q\u0259bul edib. ARANTV.AZ bildirir ki, bu bar\u0259d\u0259 Azvision.az -a M\u00fcdafi\u0259 Nazirliyi m\u0259lumat verib. Q\u0259bula g\u00f6r\u0259 t\u0259\u015f\u0259kk\u00fcr ed\u0259n m\u00fcdafi\u0259 naziri general-polkovnik Zakir H\u0259s\u0259nov Az\u0259rbaycan Respublikas\u0131 Prezidentinin xo\u015f salamlar\u0131n\u0131 Arif Alviy\u0259 \u00e7atd\u0131r\u0131b. \u00d6lk\u0259mizin Pakistanla \u0259laq\u0259l\u0259r\u0259, x\u00fcsusil\u0259 h\u0259rbi sah\u0259d\u0259 \u0259m\u0259kda\u015fl\u0131\u011fa \u00f6n\u0259m verdiyini qeyd ed\u0259n m\u00fcdafi\u0259 naziri t\u0259hl\u00fck\u0259sizlik, h\u0259rbi-texniki, h\u0259rbi t\u0259hsil v\u0259 bir s\u0131ra dig\u0259r istiqam\u0259tl\u0259rd\u0259 \u0259m\u0259kda\u015fl\u0131\u011f\u0131n geni\u015fl\u0259ndirilm\u0259sinin vacibliyini vur\u011fulay\u0131b. Pakistan Prezidenti Arif Alvi \u00f6z n\u00f6vb\u0259sind\u0259 salamlar\u0131n\u0131 v\u0259 d\u0259rin ehtiram\u0131n\u0131 Az\u0259rbaycan Respublikas\u0131n\u0131n Prezidentin\u0259 \u00e7atd\u0131r\u0131lmas\u0131n\u0131 xahi\u015f edib. Pakistan Prezidenti d\u00f6vl\u0259tl\u0259raras\u0131&hellip;<\/p>\n","protected":false},"author":2,"featured_media":46774,"comment_status":"closed","ping_status":"closed","sticky":false,"template":"","format":"standard","meta":{"om_disable_all_campaigns":false,"_monsterinsights_skip_tracking":false,"_monsterinsights_sitenote_active":false,"_monsterinsights_sitenote_note":"","_monsterinsights_sitenote_category":0},"categories":[4],"tags":[],"aioseo_notices":[],"gutentor_comment":0,"rttpg_featured_image_url":{"full":["https:\/\/arantv.az\/wp-content\/uploads\/2019\/03\/1151487.jpg",734,550,false],"landscape":["https:\/\/arantv.az\/wp-content\/uploads\/2019\/03\/1151487.jpg",734,550,false],"portraits":["https:\/\/arantv.az\/wp-content\/uploads\/2019\/03\/1151487.jpg",734,550,false],"thumbnail":["https:\/\/arantv.az\/wp-content\/uploads\/2019\/03\/1151487-150x150.jpg",150,150,true],"medium":["https:\/\/arantv.az\/wp-content\/uploads\/2019\/03\/1151487-300x225.jpg",300,225,true],"large":["https:\/\/arantv.az\/wp-content\/uploads\/2019\/03\/1151487.jpg",640,480,false],"1536x1536":["https:\/\/arantv.az\/wp-content\/uploads\/2019\/03\/1151487.jpg",734,550,false],"2048x2048":["https:\/\/arantv.az\/wp-content\/uploads\/2019\/03\/1151487.jpg",734,550,false],"post-thumbnail":["https:\/\/arantv.az\/wp-content\/uploads\/2019\/03\/1151487-240x172.jpg",240,172,true],"advps-thumb-one":["https:\/\/arantv.az\/wp-content\/uploads\/2019\/03\/1151487.jpg",734,550,false]},"rttpg_author":{"display_name":"V\u00fcsal Rafiqo\u011flu","author_link":"https:\/\/arantv.az\/?author=2"},"rttpg_comment":0,"rttpg_category":"<a href=\"https:\/\/arantv.az\/?cat=4\" rel=\"category\">Siyas\u0259t<\/a>","rttpg_excerpt":"Pakistan\u00a0\u0130slam Respublikas\u0131nda s\u0259f\u0259rd\u0259 olan\u00a0Az\u0259rbaycan\u00a0Respublikas\u0131 M\u00fcdafi\u0259 Nazirliyinin n\u00fcmay\u0259nd\u0259 hey\u0259tini mart\u0131n 22-d\u0259 bu \u00f6lk\u0259nin Prezidenti Arif Alvi q\u0259bul edib. ARANTV.AZ bildirir ki, bu bar\u0259d\u0259 Azvision.az -a M\u00fcdafi\u0259 Nazirliyi m\u0259lumat verib. Q\u0259bula g\u00f6r\u0259 t\u0259\u015f\u0259kk\u00fcr ed\u0259n m\u00fcdafi\u0259 naziri general-polkovnik Zakir H\u0259s\u0259nov Az\u0259rbaycan Respublikas\u0131 Prezidentinin xo\u015f salamlar\u0131n\u0131 Arif Alviy\u0259 \u00e7atd\u0131r\u0131b. \u00d6lk\u0259mizin Pakistanla \u0259laq\u0259l\u0259r\u0259, x\u00fcsusil\u0259 h\u0259rbi sah\u0259d\u0259 \u0259m\u0259kda\u015fl\u0131\u011fa \u00f6n\u0259m verdiyini qeyd&hellip;","_links":{"self":[{"href":"https:\/\/arantv.az\/index.php?rest_route=\/wp\/v2\/posts\/46773"}],"collection":[{"href":"https:\/\/arantv.az\/index.php?rest_route=\/wp\/v2\/posts"}],"about":[{"href":"https:\/\/arantv.az\/index.php?rest_route=\/wp\/v2\/types\/post"}],"author":[{"embeddable":true,"href":"https:\/\/arantv.az\/index.php?rest_route=\/wp\/v2\/users\/2"}],"replies":[{"embeddable":true,"href":"https:\/\/arantv.az\/index.php?rest_route=%2Fwp%2Fv2%2Fcomments&post=46773"}],"version-history":[{"count":0,"href":"https:\/\/arantv.az\/index.php?rest_route=\/wp\/v2\/posts\/46773\/revisions"}],"wp:featuredmedia":[{"embeddable":true,"href":"https:\/\/arantv.az\/index.php?rest_route=\/wp\/v2\/media\/46774"}],"wp:attachment":[{"href":"https:\/\/arantv.az\/index.php?rest_route=%2Fwp%2Fv2%2Fmedia&parent=46773"}],"wp:term":[{"taxonomy":"category","embeddable":true,"href":"https:\/\/arantv.az\/index.php?rest_route=%2Fwp%2Fv2%2Fcategories&post=46773"},{"taxonomy":"post_tag","embeddable":true,"href":"https:\/\/arantv.az\/index.php?rest_route=%2Fwp%2Fv2%2Ftags&post=46773"}],"curies":[{"name":"wp","href":"https:\/\/api.w.org\/{rel}","templated":true}]}}