{"id":46776,"date":"2019-03-22T14:41:09","date_gmt":"2019-03-22T11:41:09","guid":{"rendered":"http:\/\/arantv.az\/?p=46776"},"modified":"2019-03-22T14:41:09","modified_gmt":"2019-03-22T11:41:09","slug":"ukraynada-secki-g%c9%99rginliyi-timosenko-qacmaga-hazirlasir","status":"publish","type":"post","link":"https:\/\/arantv.az\/?p=46776","title":{"rendered":"Ukraynada se\u00e7ki g\u0259rginliyi: Timo\u015fenko qa\u00e7ma\u011fa haz\u0131rla\u015f\u0131r?"},"content":{"rendered":"<p><strong>Prezident se\u00e7kil\u0259rind\u0259 uduzsam da Ukraynadan qa\u00e7maq fikrim yoxdur.<\/strong><\/p>\n<p><strong>ARANTV.AZ<\/strong> Teleqraf.com-a istinad\u0259n x\u0259b\u0259r verir ki, bu s\u00f6zl\u0259ri prezidentliy\u0259 namiz\u0259d, &#8220;Batkiv\u015fina&#8221; partiyas\u0131n\u0131n lideri Yuliya Timo\u015fenko deyib.<\/p>\n<p>O, prezident se\u00e7kil\u0259rind\u0259n sonra \u00f6lk\u0259d\u0259 qal\u0131b-qalmayaca\u011f\u0131 sual\u0131n\u0131 birba\u015fa efird\u0259 cavabland\u0131rark\u0259n s\u00f6z\u00fcn\u0259 bel\u0259 davam edib: &#8220;Bu mafiyadan \u00e7\u0259kin\u0259c\u0259yim he\u00e7 bir \u015fey yoxdur. Bu mafiya Rostov-Dondan \u00e7\u0131x\u0131b&#8230; M\u0259n \u00f6z \u00f6lk\u0259m\u0259d\u0259n he\u00e7 vaxt qa\u00e7mam\u0131\u015fam v\u0259 qa\u00e7maram da&#8230;&#8221;<\/p>\n<p>Yuliya Timo\u015fenkonun s\u00f6zl\u0259rin\u0259 g\u00f6r\u0259, Viktor Yanukovi\u00e7in prezident oldu\u011fu vaxt onun h\u0259bsin\u0259 haz\u0131rl\u0131q getdiyi, bununla bel\u0259, \u00f6lk\u0259d\u0259n \u00e7\u0131x\u0131\u015f\u0131na &#8220;ya\u015f\u0131l d\u0259hliz&#8221; a\u00e7\u0131ld\u0131\u011f\u0131 bildirilib. O is\u0259 \u00f6lk\u0259ni t\u0259rk etm\u0259kd\u0259n imtina edib.<\/p>\n<div id=\"AdributorNativeVideo0\" class=\"AdributorNativeVideo\"><\/div>\n<p>Qeyd ed\u0259k ki, Ukraynada prezident se\u00e7kil\u0259ri mart\u0131n 31-d\u0259 ke\u00e7iril\u0259c\u0259k. \u018fvv\u0259lc\u0259 yar\u0131\u015fa 44 namiz\u0259d qo\u015fulsa da, sonradan onlar\u0131n 5-i geri \u00e7\u0259kilib.<\/p>\n<p>B\u0259zi sor\u011fular\u0131n n\u0259tic\u0259l\u0259rin\u0259 g\u00f6r\u0259, Yuliya Timo\u015fenko se\u00e7kini udmaq \u015fans\u0131 olan \u0259sas namiz\u0259dl\u0259rd\u0259ndir. Dig\u0259r namiz\u0259d, \u015foumen Vladimir Zelenski d\u0259 se\u00e7icil\u0259rin r\u0259\u011fb\u0259tini qazan\u0131b.<\/p>\n<p>Bununla bel\u0259, Ukraynan\u0131n\u0131n haz\u0131rk\u0131 prezidenti Petro Poro\u015fenkonun se\u00e7kid\u0259 q\u0259l\u0259b\u0259 \u00e7alaca\u011f\u0131 ehtimal\u0131 b\u00f6y\u00fckd\u00fcr.<\/p>\n","protected":false},"excerpt":{"rendered":"<p>Prezident se\u00e7kil\u0259rind\u0259 uduzsam da Ukraynadan qa\u00e7maq fikrim yoxdur. ARANTV.AZ Teleqraf.com-a istinad\u0259n x\u0259b\u0259r verir ki, bu s\u00f6zl\u0259ri prezidentliy\u0259 namiz\u0259d, &#8220;Batkiv\u015fina&#8221; partiyas\u0131n\u0131n lideri Yuliya Timo\u015fenko deyib. O, prezident se\u00e7kil\u0259rind\u0259n sonra \u00f6lk\u0259d\u0259 qal\u0131b-qalmayaca\u011f\u0131 sual\u0131n\u0131 birba\u015fa efird\u0259 cavabland\u0131rark\u0259n s\u00f6z\u00fcn\u0259 bel\u0259 davam edib: &#8220;Bu mafiyadan \u00e7\u0259kin\u0259c\u0259yim he\u00e7 bir \u015fey yoxdur. Bu mafiya Rostov-Dondan \u00e7\u0131x\u0131b&#8230; M\u0259n \u00f6z \u00f6lk\u0259m\u0259d\u0259n he\u00e7 vaxt qa\u00e7mam\u0131\u015fam v\u0259 qa\u00e7maram da&#8230;&#8221; Yuliya Timo\u015fenkonun s\u00f6zl\u0259rin\u0259 g\u00f6r\u0259, Viktor Yanukovi\u00e7in prezident oldu\u011fu vaxt onun h\u0259bsin\u0259 haz\u0131rl\u0131q getdiyi, bununla bel\u0259, \u00f6lk\u0259d\u0259n \u00e7\u0131x\u0131\u015f\u0131na &#8220;ya\u015f\u0131l d\u0259hliz&#8221; a\u00e7\u0131ld\u0131\u011f\u0131 bildirilib. O is\u0259 \u00f6lk\u0259ni t\u0259rk etm\u0259kd\u0259n imtina edib. Qeyd ed\u0259k ki, Ukraynada&hellip;<\/p>\n","protected":false},"author":2,"featured_media":46777,"comment_status":"closed","ping_status":"closed","sticky":false,"template":"","format":"standard","meta":{"om_disable_all_campaigns":false,"_monsterinsights_skip_tracking":false,"_monsterinsights_sitenote_active":false,"_monsterinsights_sitenote_note":"","_monsterinsights_sitenote_category":0},"categories":[7],"tags":[],"aioseo_notices":[],"gutentor_comment":0,"rttpg_featured_image_url":{"full":["https:\/\/arantv.az\/wp-content\/uploads\/2019\/03\/740914.jpg",800,600,false],"landscape":["https:\/\/arantv.az\/wp-content\/uploads\/2019\/03\/740914.jpg",800,600,false],"portraits":["https:\/\/arantv.az\/wp-content\/uploads\/2019\/03\/740914.jpg",800,600,false],"thumbnail":["https:\/\/arantv.az\/wp-content\/uploads\/2019\/03\/740914-150x150.jpg",150,150,true],"medium":["https:\/\/arantv.az\/wp-content\/uploads\/2019\/03\/740914-300x225.jpg",300,225,true],"large":["https:\/\/arantv.az\/wp-content\/uploads\/2019\/03\/740914.jpg",640,480,false],"1536x1536":["https:\/\/arantv.az\/wp-content\/uploads\/2019\/03\/740914.jpg",800,600,false],"2048x2048":["https:\/\/arantv.az\/wp-content\/uploads\/2019\/03\/740914.jpg",800,600,false],"post-thumbnail":["https:\/\/arantv.az\/wp-content\/uploads\/2019\/03\/740914-240x172.jpg",240,172,true],"advps-thumb-one":["https:\/\/arantv.az\/wp-content\/uploads\/2019\/03\/740914.jpg",800,600,false]},"rttpg_author":{"display_name":"V\u00fcsal Rafiqo\u011flu","author_link":"https:\/\/arantv.az\/?author=2"},"rttpg_comment":0,"rttpg_category":"<a href=\"https:\/\/arantv.az\/?cat=7\" rel=\"category\">D\u00fcnya<\/a>","rttpg_excerpt":"Prezident se\u00e7kil\u0259rind\u0259 uduzsam da Ukraynadan qa\u00e7maq fikrim yoxdur. ARANTV.AZ Teleqraf.com-a istinad\u0259n x\u0259b\u0259r verir ki, bu s\u00f6zl\u0259ri prezidentliy\u0259 namiz\u0259d, &#8220;Batkiv\u015fina&#8221; partiyas\u0131n\u0131n lideri Yuliya Timo\u015fenko deyib. O, prezident se\u00e7kil\u0259rind\u0259n sonra \u00f6lk\u0259d\u0259 qal\u0131b-qalmayaca\u011f\u0131 sual\u0131n\u0131 birba\u015fa efird\u0259 cavabland\u0131rark\u0259n s\u00f6z\u00fcn\u0259 bel\u0259 davam edib: &#8220;Bu mafiyadan \u00e7\u0259kin\u0259c\u0259yim he\u00e7 bir \u015fey yoxdur. Bu mafiya Rostov-Dondan \u00e7\u0131x\u0131b&#8230; M\u0259n \u00f6z \u00f6lk\u0259m\u0259d\u0259n he\u00e7 vaxt qa\u00e7mam\u0131\u015fam&hellip;","_links":{"self":[{"href":"https:\/\/arantv.az\/index.php?rest_route=\/wp\/v2\/posts\/46776"}],"collection":[{"href":"https:\/\/arantv.az\/index.php?rest_route=\/wp\/v2\/posts"}],"about":[{"href":"https:\/\/arantv.az\/index.php?rest_route=\/wp\/v2\/types\/post"}],"author":[{"embeddable":true,"href":"https:\/\/arantv.az\/index.php?rest_route=\/wp\/v2\/users\/2"}],"replies":[{"embeddable":true,"href":"https:\/\/arantv.az\/index.php?rest_route=%2Fwp%2Fv2%2Fcomments&post=46776"}],"version-history":[{"count":0,"href":"https:\/\/arantv.az\/index.php?rest_route=\/wp\/v2\/posts\/46776\/revisions"}],"wp:featuredmedia":[{"embeddable":true,"href":"https:\/\/arantv.az\/index.php?rest_route=\/wp\/v2\/media\/46777"}],"wp:attachment":[{"href":"https:\/\/arantv.az\/index.php?rest_route=%2Fwp%2Fv2%2Fmedia&parent=46776"}],"wp:term":[{"taxonomy":"category","embeddable":true,"href":"https:\/\/arantv.az\/index.php?rest_route=%2Fwp%2Fv2%2Fcategories&post=46776"},{"taxonomy":"post_tag","embeddable":true,"href":"https:\/\/arantv.az\/index.php?rest_route=%2Fwp%2Fv2%2Ftags&post=46776"}],"curies":[{"name":"wp","href":"https:\/\/api.w.org\/{rel}","templated":true}]}}