{"id":46789,"date":"2019-03-22T15:42:18","date_gmt":"2019-03-22T12:42:18","guid":{"rendered":"http:\/\/arantv.az\/?p=46789"},"modified":"2019-03-22T15:42:18","modified_gmt":"2019-03-22T12:42:18","slug":"bakida-avtobus-%c9%99ks-zolaga-cixaraq-olum-sacdi-video","status":"publish","type":"post","link":"https:\/\/arantv.az\/?p=46789","title":{"rendered":"Bak\u0131da avtobus \u0259ks zola\u011fa \u00e7\u0131xaraq \u00f6l\u00fcm sa\u00e7d\u0131 &#8211; V\u0130DEO"},"content":{"rendered":"<p>Bak\u0131 \u015f\u0259h\u0259rind\u0259 avtobus s\u00fcr\u00fcc\u00fcl\u0259ri t\u0259r\u0259find\u0259n edil\u0259n kobud qanun pozuntular\u0131na daha biri \u0259lav\u0259 edilib.<\/p>\n<div id=\"AdributorNativeVideo0\" class=\"AdributorNativeVideo\"><\/div>\n<p><b>ARANTV.AZ\u00a0<\/b>\u00f6lk\u0259.az-a istinad\u0259n x\u0259b\u0259r verir ki, sosial \u015f\u0259b\u0259k\u0259l\u0259rd\u0259 Bak\u0131da avtobus s\u00fcr\u00fcc\u00fcs\u00fcn\u00fcn idar\u0259 etdiyi avtobusu yolun qar\u015f\u0131 t\u0259r\u0259fin\u0259 \u00e7\u0131xmaqla idar\u0259 etdiyini \u0259ks etdir\u0259n g\u00f6r\u00fcnt\u00fcl\u0259r yay\u0131l\u0131b.<br \/>\n<ins><\/ins><\/p>\n<div id=\"beacon_e15d36c0f8\"><img loading=\"lazy\" src=\"https:\/\/ads2.newmedia.az\/www\/delivery\/lg.php?bannerid=0&amp;campaignid=0&amp;zoneid=975&amp;loc=https%3A%2F%2Fbig.az%2F348378-bakida_avtobus_eks_zolaga_cixaraq_olum_sacdi_-_video.html&amp;referer=https%3A%2F%2Fbig.az%2F&amp;cb=e15d36c0f8\" alt=\"\" width=\"0\" height=\"0\" \/><\/div>\n<p>Videoda a\u00e7\u0131q-a\u015fkar g\u00f6r\u00fcn\u00fcr ki, 211 sayl\u0131 mar\u015frut x\u0259tti il\u0259 m\u00fcnt\u0259z\u0259m s\u0259rni\u015fin da\u015f\u0131yan avtobuslardan biri qo\u015fa x\u0259tti ke\u00e7\u0259r\u0259k yolun \u0259ks t\u0259r\u0259fin\u0259 \u00e7\u0131x\u0131r v\u0259 birba\u015fa olaraq t\u0259hl\u00fck\u0259 \u015f\u0259raiti yarad\u0131r.<\/p>\n<p>H\u0259min g\u00f6r\u00fcnt\u00fcl\u0259ri t\u0259qdim edirik:<\/p>\n<p>&nbsp;<\/p>\n","protected":false},"excerpt":{"rendered":"<p>Bak\u0131 \u015f\u0259h\u0259rind\u0259 avtobus s\u00fcr\u00fcc\u00fcl\u0259ri t\u0259r\u0259find\u0259n edil\u0259n kobud qanun pozuntular\u0131na daha biri \u0259lav\u0259 edilib. ARANTV.AZ\u00a0\u00f6lk\u0259.az-a istinad\u0259n x\u0259b\u0259r verir ki, sosial \u015f\u0259b\u0259k\u0259l\u0259rd\u0259 Bak\u0131da avtobus s\u00fcr\u00fcc\u00fcs\u00fcn\u00fcn idar\u0259 etdiyi avtobusu yolun qar\u015f\u0131 t\u0259r\u0259fin\u0259 \u00e7\u0131xmaqla idar\u0259 etdiyini \u0259ks etdir\u0259n g\u00f6r\u00fcnt\u00fcl\u0259r yay\u0131l\u0131b. Videoda a\u00e7\u0131q-a\u015fkar g\u00f6r\u00fcn\u00fcr ki, 211 sayl\u0131 mar\u015frut x\u0259tti il\u0259 m\u00fcnt\u0259z\u0259m s\u0259rni\u015fin da\u015f\u0131yan avtobuslardan biri qo\u015fa x\u0259tti ke\u00e7\u0259r\u0259k yolun \u0259ks t\u0259r\u0259fin\u0259 \u00e7\u0131x\u0131r v\u0259 birba\u015fa olaraq t\u0259hl\u00fck\u0259 \u015f\u0259raiti yarad\u0131r. H\u0259min g\u00f6r\u00fcnt\u00fcl\u0259ri t\u0259qdim edirik: &nbsp;<\/p>\n","protected":false},"author":2,"featured_media":46790,"comment_status":"closed","ping_status":"closed","sticky":false,"template":"","format":"standard","meta":{"om_disable_all_campaigns":false,"_monsterinsights_skip_tracking":false,"_monsterinsights_sitenote_active":false,"_monsterinsights_sitenote_note":"","_monsterinsights_sitenote_category":0},"categories":[5],"tags":[],"aioseo_notices":[],"gutentor_comment":0,"rttpg_featured_image_url":{"full":["https:\/\/arantv.az\/wp-content\/uploads\/2019\/03\/1_81553246802.jpg",649,487,false],"landscape":["https:\/\/arantv.az\/wp-content\/uploads\/2019\/03\/1_81553246802.jpg",649,487,false],"portraits":["https:\/\/arantv.az\/wp-content\/uploads\/2019\/03\/1_81553246802.jpg",649,487,false],"thumbnail":["https:\/\/arantv.az\/wp-content\/uploads\/2019\/03\/1_81553246802-150x150.jpg",150,150,true],"medium":["https:\/\/arantv.az\/wp-content\/uploads\/2019\/03\/1_81553246802-300x225.jpg",300,225,true],"large":["https:\/\/arantv.az\/wp-content\/uploads\/2019\/03\/1_81553246802.jpg",640,480,false],"1536x1536":["https:\/\/arantv.az\/wp-content\/uploads\/2019\/03\/1_81553246802.jpg",649,487,false],"2048x2048":["https:\/\/arantv.az\/wp-content\/uploads\/2019\/03\/1_81553246802.jpg",649,487,false],"post-thumbnail":["https:\/\/arantv.az\/wp-content\/uploads\/2019\/03\/1_81553246802-240x172.jpg",240,172,true],"advps-thumb-one":["https:\/\/arantv.az\/wp-content\/uploads\/2019\/03\/1_81553246802.jpg",649,487,false]},"rttpg_author":{"display_name":"V\u00fcsal Rafiqo\u011flu","author_link":"https:\/\/arantv.az\/?author=2"},"rttpg_comment":0,"rttpg_category":"<a href=\"https:\/\/arantv.az\/?cat=5\" rel=\"category\">Hadis\u0259<\/a>","rttpg_excerpt":"Bak\u0131 \u015f\u0259h\u0259rind\u0259 avtobus s\u00fcr\u00fcc\u00fcl\u0259ri t\u0259r\u0259find\u0259n edil\u0259n kobud qanun pozuntular\u0131na daha biri \u0259lav\u0259 edilib. ARANTV.AZ\u00a0\u00f6lk\u0259.az-a istinad\u0259n x\u0259b\u0259r verir ki, sosial \u015f\u0259b\u0259k\u0259l\u0259rd\u0259 Bak\u0131da avtobus s\u00fcr\u00fcc\u00fcs\u00fcn\u00fcn idar\u0259 etdiyi avtobusu yolun qar\u015f\u0131 t\u0259r\u0259fin\u0259 \u00e7\u0131xmaqla idar\u0259 etdiyini \u0259ks etdir\u0259n g\u00f6r\u00fcnt\u00fcl\u0259r yay\u0131l\u0131b. Videoda a\u00e7\u0131q-a\u015fkar g\u00f6r\u00fcn\u00fcr ki, 211 sayl\u0131 mar\u015frut x\u0259tti il\u0259 m\u00fcnt\u0259z\u0259m s\u0259rni\u015fin da\u015f\u0131yan avtobuslardan biri qo\u015fa x\u0259tti ke\u00e7\u0259r\u0259k yolun \u0259ks&hellip;","_links":{"self":[{"href":"https:\/\/arantv.az\/index.php?rest_route=\/wp\/v2\/posts\/46789"}],"collection":[{"href":"https:\/\/arantv.az\/index.php?rest_route=\/wp\/v2\/posts"}],"about":[{"href":"https:\/\/arantv.az\/index.php?rest_route=\/wp\/v2\/types\/post"}],"author":[{"embeddable":true,"href":"https:\/\/arantv.az\/index.php?rest_route=\/wp\/v2\/users\/2"}],"replies":[{"embeddable":true,"href":"https:\/\/arantv.az\/index.php?rest_route=%2Fwp%2Fv2%2Fcomments&post=46789"}],"version-history":[{"count":0,"href":"https:\/\/arantv.az\/index.php?rest_route=\/wp\/v2\/posts\/46789\/revisions"}],"wp:featuredmedia":[{"embeddable":true,"href":"https:\/\/arantv.az\/index.php?rest_route=\/wp\/v2\/media\/46790"}],"wp:attachment":[{"href":"https:\/\/arantv.az\/index.php?rest_route=%2Fwp%2Fv2%2Fmedia&parent=46789"}],"wp:term":[{"taxonomy":"category","embeddable":true,"href":"https:\/\/arantv.az\/index.php?rest_route=%2Fwp%2Fv2%2Fcategories&post=46789"},{"taxonomy":"post_tag","embeddable":true,"href":"https:\/\/arantv.az\/index.php?rest_route=%2Fwp%2Fv2%2Ftags&post=46789"}],"curies":[{"name":"wp","href":"https:\/\/api.w.org\/{rel}","templated":true}]}}