{"id":46792,"date":"2019-03-22T15:44:10","date_gmt":"2019-03-22T12:44:10","guid":{"rendered":"http:\/\/arantv.az\/?p=46792"},"modified":"2019-03-22T15:44:10","modified_gmt":"2019-03-22T12:44:10","slug":"iran-xin-trampin-dusunulm%c9%99mis-q%c9%99rarlari-yaxin-s%c9%99rqd%c9%99-novb%c9%99ti-bohrana-yol-acacaq","status":"publish","type":"post","link":"https:\/\/arantv.az\/?p=46792","title":{"rendered":"\u0130ran X\u0130N: Tramp\u0131n d\u00fc\u015f\u00fcn\u00fclm\u0259mi\u015f q\u0259rarlar\u0131 Yax\u0131n \u015e\u0259rqd\u0259 n\u00f6vb\u0259ti b\u00f6hrana yol a\u00e7acaq"},"content":{"rendered":"<p><strong>\u0130ran\u0131n Xarici \u0130\u015fl\u0259r Nazirliyi (X\u0130N) AB\u015e Prezidenti Donald Tramp\u0131n Qolan y\u00fcks\u0259klikl\u0259ri il\u0259 ba\u011fl\u0131 b\u0259yanat\u0131n\u0131 pisl\u0259yib.<\/strong><\/p>\n<p><strong>ARANTV.AZ\u00a0<\/strong><span style=\"color: #000000;\"><a style=\"color: #000000;\" href=\"http:\/\/az.trend.az\/\" target=\"_blank\" rel=\"noopener\">Trend<\/a><\/span>-\u0259 istinad\u0259n bildirir ki,\u00a0X\u0130N-in r\u0259smi n\u00fcmay\u0259nd\u0259si B\u0259hram Qas\u0131mi bildirib ki, AB\u015e-\u0131n Qolan y\u00fcks\u0259klikl\u0259ri \u00fcz\u0259rind\u0259 \u0130srailin suverenliyini tan\u0131mas\u0131 qanunsuz v\u0259 q\u0259buledilm\u0259zdir v\u0259 h\u0259min \u0259razinin Suriyaya m\u0259xsus olmas\u0131 fakt\u0131n\u0131 d\u0259yi\u015f\u0259 bilm\u0259z:<\/p>\n<p>&#8220;Qolan y\u00fcks\u0259klikl\u0259ri BMT T\u0259hl\u00fck\u0259sizlik \u015euras\u0131n\u0131n q\u0259tnam\u0259sin\u0259 \u0259sas\u0259n d\u0259 Suriyan\u0131n bir hiss\u0259sidir. Tramp\u0131n d\u00fc\u015f\u00fcn\u00fclm\u0259mi\u015f q\u0259rarlar\u0131 Yax\u0131n \u015e\u0259rqd\u0259 n\u00f6vb\u0259ti b\u00f6hrana yol a\u00e7acaq&#8221;.<\/p>\n<div id=\"AdributorNativeVideo0\" class=\"AdributorNativeVideo\"><\/div>\n<p>Qeyd ed\u0259k ki, D.Tramp &#8220;Twitter&#8221; s\u0259hif\u0259sind\u0259 Birl\u0259\u015fmi\u015f \u015etatlar\u0131n Qolan y\u00fcks\u0259klikl\u0259ri \u00fcz\u0259rind\u0259 \u0130srailin tam suverenliyini tan\u0131mas\u0131n\u0131n vaxt\u0131 g\u0259lib \u00e7atd\u0131\u011f\u0131n\u0131 yaz\u0131b.<\/p>\n","protected":false},"excerpt":{"rendered":"<p>\u0130ran\u0131n Xarici \u0130\u015fl\u0259r Nazirliyi (X\u0130N) AB\u015e Prezidenti Donald Tramp\u0131n Qolan y\u00fcks\u0259klikl\u0259ri il\u0259 ba\u011fl\u0131 b\u0259yanat\u0131n\u0131 pisl\u0259yib. ARANTV.AZ\u00a0Trend-\u0259 istinad\u0259n bildirir ki,\u00a0X\u0130N-in r\u0259smi n\u00fcmay\u0259nd\u0259si B\u0259hram Qas\u0131mi bildirib ki, AB\u015e-\u0131n Qolan y\u00fcks\u0259klikl\u0259ri \u00fcz\u0259rind\u0259 \u0130srailin suverenliyini tan\u0131mas\u0131 qanunsuz v\u0259 q\u0259buledilm\u0259zdir v\u0259 h\u0259min \u0259razinin Suriyaya m\u0259xsus olmas\u0131 fakt\u0131n\u0131 d\u0259yi\u015f\u0259 bilm\u0259z: &#8220;Qolan y\u00fcks\u0259klikl\u0259ri BMT T\u0259hl\u00fck\u0259sizlik \u015euras\u0131n\u0131n q\u0259tnam\u0259sin\u0259 \u0259sas\u0259n d\u0259 Suriyan\u0131n bir hiss\u0259sidir. Tramp\u0131n d\u00fc\u015f\u00fcn\u00fclm\u0259mi\u015f q\u0259rarlar\u0131 Yax\u0131n \u015e\u0259rqd\u0259 n\u00f6vb\u0259ti b\u00f6hrana yol a\u00e7acaq&#8221;. Qeyd ed\u0259k ki, D.Tramp &#8220;Twitter&#8221; s\u0259hif\u0259sind\u0259 Birl\u0259\u015fmi\u015f \u015etatlar\u0131n Qolan y\u00fcks\u0259klikl\u0259ri \u00fcz\u0259rind\u0259 \u0130srailin tam suverenliyini tan\u0131mas\u0131n\u0131n vaxt\u0131 g\u0259lib \u00e7atd\u0131\u011f\u0131n\u0131 yaz\u0131b.<\/p>\n","protected":false},"author":2,"featured_media":46793,"comment_status":"closed","ping_status":"closed","sticky":false,"template":"","format":"standard","meta":{"om_disable_all_campaigns":false,"_monsterinsights_skip_tracking":false,"_monsterinsights_sitenote_active":false,"_monsterinsights_sitenote_note":"","_monsterinsights_sitenote_category":0},"categories":[7],"tags":[],"aioseo_notices":[],"gutentor_comment":0,"rttpg_featured_image_url":{"full":["https:\/\/arantv.az\/wp-content\/uploads\/2019\/03\/740924.jpg",600,450,false],"landscape":["https:\/\/arantv.az\/wp-content\/uploads\/2019\/03\/740924.jpg",600,450,false],"portraits":["https:\/\/arantv.az\/wp-content\/uploads\/2019\/03\/740924.jpg",600,450,false],"thumbnail":["https:\/\/arantv.az\/wp-content\/uploads\/2019\/03\/740924-150x150.jpg",150,150,true],"medium":["https:\/\/arantv.az\/wp-content\/uploads\/2019\/03\/740924-300x225.jpg",300,225,true],"large":["https:\/\/arantv.az\/wp-content\/uploads\/2019\/03\/740924.jpg",600,450,false],"1536x1536":["https:\/\/arantv.az\/wp-content\/uploads\/2019\/03\/740924.jpg",600,450,false],"2048x2048":["https:\/\/arantv.az\/wp-content\/uploads\/2019\/03\/740924.jpg",600,450,false],"post-thumbnail":["https:\/\/arantv.az\/wp-content\/uploads\/2019\/03\/740924-240x172.jpg",240,172,true],"advps-thumb-one":["https:\/\/arantv.az\/wp-content\/uploads\/2019\/03\/740924.jpg",600,450,false]},"rttpg_author":{"display_name":"V\u00fcsal Rafiqo\u011flu","author_link":"https:\/\/arantv.az\/?author=2"},"rttpg_comment":0,"rttpg_category":"<a href=\"https:\/\/arantv.az\/?cat=7\" rel=\"category\">D\u00fcnya<\/a>","rttpg_excerpt":"\u0130ran\u0131n Xarici \u0130\u015fl\u0259r Nazirliyi (X\u0130N) AB\u015e Prezidenti Donald Tramp\u0131n Qolan y\u00fcks\u0259klikl\u0259ri il\u0259 ba\u011fl\u0131 b\u0259yanat\u0131n\u0131 pisl\u0259yib. ARANTV.AZ\u00a0Trend-\u0259 istinad\u0259n bildirir ki,\u00a0X\u0130N-in r\u0259smi n\u00fcmay\u0259nd\u0259si B\u0259hram Qas\u0131mi bildirib ki, AB\u015e-\u0131n Qolan y\u00fcks\u0259klikl\u0259ri \u00fcz\u0259rind\u0259 \u0130srailin suverenliyini tan\u0131mas\u0131 qanunsuz v\u0259 q\u0259buledilm\u0259zdir v\u0259 h\u0259min \u0259razinin Suriyaya m\u0259xsus olmas\u0131 fakt\u0131n\u0131 d\u0259yi\u015f\u0259 bilm\u0259z: &#8220;Qolan y\u00fcks\u0259klikl\u0259ri BMT T\u0259hl\u00fck\u0259sizlik \u015euras\u0131n\u0131n q\u0259tnam\u0259sin\u0259 \u0259sas\u0259n d\u0259 Suriyan\u0131n bir hiss\u0259sidir.&hellip;","_links":{"self":[{"href":"https:\/\/arantv.az\/index.php?rest_route=\/wp\/v2\/posts\/46792"}],"collection":[{"href":"https:\/\/arantv.az\/index.php?rest_route=\/wp\/v2\/posts"}],"about":[{"href":"https:\/\/arantv.az\/index.php?rest_route=\/wp\/v2\/types\/post"}],"author":[{"embeddable":true,"href":"https:\/\/arantv.az\/index.php?rest_route=\/wp\/v2\/users\/2"}],"replies":[{"embeddable":true,"href":"https:\/\/arantv.az\/index.php?rest_route=%2Fwp%2Fv2%2Fcomments&post=46792"}],"version-history":[{"count":0,"href":"https:\/\/arantv.az\/index.php?rest_route=\/wp\/v2\/posts\/46792\/revisions"}],"wp:featuredmedia":[{"embeddable":true,"href":"https:\/\/arantv.az\/index.php?rest_route=\/wp\/v2\/media\/46793"}],"wp:attachment":[{"href":"https:\/\/arantv.az\/index.php?rest_route=%2Fwp%2Fv2%2Fmedia&parent=46792"}],"wp:term":[{"taxonomy":"category","embeddable":true,"href":"https:\/\/arantv.az\/index.php?rest_route=%2Fwp%2Fv2%2Fcategories&post=46792"},{"taxonomy":"post_tag","embeddable":true,"href":"https:\/\/arantv.az\/index.php?rest_route=%2Fwp%2Fv2%2Ftags&post=46792"}],"curies":[{"name":"wp","href":"https:\/\/api.w.org\/{rel}","templated":true}]}}