{"id":469436,"date":"2022-04-29T12:45:15","date_gmt":"2022-04-29T09:45:15","guid":{"rendered":"https:\/\/arantv.az\/?p=469436"},"modified":"2022-04-29T12:45:15","modified_gmt":"2022-04-29T09:45:15","slug":"prezident-sulhm%c9%99ramlilarla-az%c9%99rbaycan-h%c9%99rbcil%c9%99ri-arasinda-yaxsi-s%c9%99viyy%c9%99d%c9%99-qarsiliqli-%c9%99laq%c9%99-qurulub","status":"publish","type":"post","link":"https:\/\/arantv.az\/?p=469436","title":{"rendered":"Prezident: \u201cS\u00fclhm\u0259raml\u0131larla Az\u0259rbaycan h\u0259rb\u00e7il\u0259ri aras\u0131nda yax\u015f\u0131 s\u0259viyy\u0259d\u0259 qar\u015f\u0131l\u0131ql\u0131 \u0259laq\u0259 qurulub\u201d"},"content":{"rendered":"<p>\u201cRusiya s\u00fclhm\u0259raml\u0131lar\u0131 il\u0259 Az\u0259rbaycan h\u0259rb\u00e7il\u0259ri aras\u0131nda yax\u015f\u0131 s\u0259viyy\u0259d\u0259 qar\u015f\u0131l\u0131ql\u0131 \u0259laq\u0259 qurulub\u201d.<\/p>\n<div class=\"AdviadNativeVideo\"><\/div>\n<p><strong>ARANTV.AZ<\/strong>\u00a0 x\u0259b\u0259r verir ki, bunu Az\u0259rbaycan Prezidenti \u0130lham \u018fliyev Bak\u0131da ke\u00e7iril\u0259n \u201cC\u0259nubi Qafqaz: inki\u015faf v\u0259 \u0259m\u0259kda\u015fl\u0131q\u201d adl\u0131 beyn\u0259lxalq konfransda deyib.<\/p>\n<p>\u201cBir il yar\u0131md\u0131r ki, Rusiya s\u00fclhm\u0259raml\u0131lar\u0131n\u0131n n\u0259zar\u0259tind\u0259 olan \u0259razid\u0259 v\u0259ziyy\u0259t \u00fcmumilikd\u0259 sabitdir. \u018fvv\u0259ll\u0259r s\u0259rh\u0259dd\u0259 c\u00fczi g\u0259rginlik olub, indi orada da durum sabitdir\u201d, &#8211; d\u00f6vl\u0259t ba\u015f\u00e7\u0131s\u0131 bildirib.<\/p>\n<p>Prezidentin s\u00f6zl\u0259rin\u0259 g\u00f6r\u0259, tunelin tikintisi zaman\u0131 Rusiya s\u00fclhm\u0259raml\u0131lar\u0131 y\u00fckl\u0259rin K\u0259lb\u0259c\u0259r\u0259 \u00e7atd\u0131r\u0131lmas\u0131 \u00fc\u00e7\u00fcn m\u00fch\u00fcm n\u0259qliyyat imkanlar\u0131 yarad\u0131r.<\/p>\n","protected":false},"excerpt":{"rendered":"<p>\u201cRusiya s\u00fclhm\u0259raml\u0131lar\u0131 il\u0259 Az\u0259rbaycan h\u0259rb\u00e7il\u0259ri aras\u0131nda yax\u015f\u0131 s\u0259viyy\u0259d\u0259 qar\u015f\u0131l\u0131ql\u0131 \u0259laq\u0259 qurulub\u201d. ARANTV.AZ\u00a0 x\u0259b\u0259r verir ki, bunu Az\u0259rbaycan Prezidenti \u0130lham \u018fliyev Bak\u0131da ke\u00e7iril\u0259n \u201cC\u0259nubi Qafqaz: inki\u015faf v\u0259 \u0259m\u0259kda\u015fl\u0131q\u201d adl\u0131 beyn\u0259lxalq konfransda deyib. \u201cBir il yar\u0131md\u0131r ki, Rusiya s\u00fclhm\u0259raml\u0131lar\u0131n\u0131n n\u0259zar\u0259tind\u0259 olan \u0259razid\u0259 v\u0259ziyy\u0259t \u00fcmumilikd\u0259 sabitdir. \u018fvv\u0259ll\u0259r s\u0259rh\u0259dd\u0259 c\u00fczi g\u0259rginlik olub, indi orada da durum sabitdir\u201d, &#8211; d\u00f6vl\u0259t ba\u015f\u00e7\u0131s\u0131 bildirib. Prezidentin s\u00f6zl\u0259rin\u0259 g\u00f6r\u0259, tunelin tikintisi zaman\u0131 Rusiya s\u00fclhm\u0259raml\u0131lar\u0131 y\u00fckl\u0259rin K\u0259lb\u0259c\u0259r\u0259 \u00e7atd\u0131r\u0131lmas\u0131 \u00fc\u00e7\u00fcn m\u00fch\u00fcm n\u0259qliyyat imkanlar\u0131 yarad\u0131r.<\/p>\n","protected":false},"author":2,"featured_media":469437,"comment_status":"closed","ping_status":"closed","sticky":false,"template":"","format":"standard","meta":{"om_disable_all_campaigns":false,"_monsterinsights_skip_tracking":false,"_monsterinsights_sitenote_active":false,"_monsterinsights_sitenote_note":"","_monsterinsights_sitenote_category":0},"categories":[4],"tags":[],"aioseo_notices":[],"gutentor_comment":0,"rttpg_featured_image_url":{"full":["https:\/\/arantv.az\/wp-content\/uploads\/2022\/04\/15833373205905065495.jpg",620,413,false],"landscape":["https:\/\/arantv.az\/wp-content\/uploads\/2022\/04\/15833373205905065495.jpg",620,413,false],"portraits":["https:\/\/arantv.az\/wp-content\/uploads\/2022\/04\/15833373205905065495.jpg",620,413,false],"thumbnail":["https:\/\/arantv.az\/wp-content\/uploads\/2022\/04\/15833373205905065495-500x280.jpg",500,280,true],"medium":["https:\/\/arantv.az\/wp-content\/uploads\/2022\/04\/15833373205905065495-548x365.jpg",548,365,true],"large":["https:\/\/arantv.az\/wp-content\/uploads\/2022\/04\/15833373205905065495.jpg",620,413,false],"1536x1536":["https:\/\/arantv.az\/wp-content\/uploads\/2022\/04\/15833373205905065495.jpg",620,413,false],"2048x2048":["https:\/\/arantv.az\/wp-content\/uploads\/2022\/04\/15833373205905065495.jpg",620,413,false],"post-thumbnail":["https:\/\/arantv.az\/wp-content\/uploads\/2022\/04\/15833373205905065495-240x172.jpg",240,172,true],"advps-thumb-one":["https:\/\/arantv.az\/wp-content\/uploads\/2022\/04\/15833373205905065495.jpg",620,413,false]},"rttpg_author":{"display_name":"V\u00fcsal Rafiqo\u011flu","author_link":"https:\/\/arantv.az\/?author=2"},"rttpg_comment":0,"rttpg_category":"<a href=\"https:\/\/arantv.az\/?cat=4\" rel=\"category\">Siyas\u0259t<\/a>","rttpg_excerpt":"\u201cRusiya s\u00fclhm\u0259raml\u0131lar\u0131 il\u0259 Az\u0259rbaycan h\u0259rb\u00e7il\u0259ri aras\u0131nda yax\u015f\u0131 s\u0259viyy\u0259d\u0259 qar\u015f\u0131l\u0131ql\u0131 \u0259laq\u0259 qurulub\u201d. ARANTV.AZ\u00a0 x\u0259b\u0259r verir ki, bunu Az\u0259rbaycan Prezidenti \u0130lham \u018fliyev Bak\u0131da ke\u00e7iril\u0259n \u201cC\u0259nubi Qafqaz: inki\u015faf v\u0259 \u0259m\u0259kda\u015fl\u0131q\u201d adl\u0131 beyn\u0259lxalq konfransda deyib. \u201cBir il yar\u0131md\u0131r ki, Rusiya s\u00fclhm\u0259raml\u0131lar\u0131n\u0131n n\u0259zar\u0259tind\u0259 olan \u0259razid\u0259 v\u0259ziyy\u0259t \u00fcmumilikd\u0259 sabitdir. \u018fvv\u0259ll\u0259r s\u0259rh\u0259dd\u0259 c\u00fczi g\u0259rginlik olub, indi orada da durum sabitdir\u201d, &#8211; d\u00f6vl\u0259t&hellip;","_links":{"self":[{"href":"https:\/\/arantv.az\/index.php?rest_route=\/wp\/v2\/posts\/469436"}],"collection":[{"href":"https:\/\/arantv.az\/index.php?rest_route=\/wp\/v2\/posts"}],"about":[{"href":"https:\/\/arantv.az\/index.php?rest_route=\/wp\/v2\/types\/post"}],"author":[{"embeddable":true,"href":"https:\/\/arantv.az\/index.php?rest_route=\/wp\/v2\/users\/2"}],"replies":[{"embeddable":true,"href":"https:\/\/arantv.az\/index.php?rest_route=%2Fwp%2Fv2%2Fcomments&post=469436"}],"version-history":[{"count":0,"href":"https:\/\/arantv.az\/index.php?rest_route=\/wp\/v2\/posts\/469436\/revisions"}],"wp:featuredmedia":[{"embeddable":true,"href":"https:\/\/arantv.az\/index.php?rest_route=\/wp\/v2\/media\/469437"}],"wp:attachment":[{"href":"https:\/\/arantv.az\/index.php?rest_route=%2Fwp%2Fv2%2Fmedia&parent=469436"}],"wp:term":[{"taxonomy":"category","embeddable":true,"href":"https:\/\/arantv.az\/index.php?rest_route=%2Fwp%2Fv2%2Fcategories&post=469436"},{"taxonomy":"post_tag","embeddable":true,"href":"https:\/\/arantv.az\/index.php?rest_route=%2Fwp%2Fv2%2Ftags&post=469436"}],"curies":[{"name":"wp","href":"https:\/\/api.w.org\/{rel}","templated":true}]}}