{"id":47061,"date":"2019-03-25T10:03:38","date_gmt":"2019-03-25T07:03:38","guid":{"rendered":"http:\/\/arantv.az\/?p=47061"},"modified":"2019-03-25T10:03:38","modified_gmt":"2019-03-25T07:03:38","slug":"az%c9%99rbaycanda-pensiyacilara-sad-x%c9%99b%c9%99r","status":"publish","type":"post","link":"https:\/\/arantv.az\/?p=47061","title":{"rendered":"Az\u0259rbaycanda pensiya\u00e7\u0131lara \u015eAD X\u018fB\u018fR"},"content":{"rendered":"<p>Az\u0259rbaycan Respublikas\u0131n\u0131n Prezidenti \u0130lham \u018fliyevin &#8220;\u018fhalinin sosial m\u00fcdafi\u0259sinin g\u00fccl\u0259ndirilm\u0259si sah\u0259sind\u0259 \u0259lav\u0259 t\u0259dbirl\u0259r haqq\u0131nda&#8221; 2019-cu il 25 fevral tarixli S\u0259r\u0259ncam\u0131 \u0259m\u0259k pensiyas\u0131 alan I qrup \u0259lilliyi olan \u015f\u0259xsl\u0259r\u0259 d\u0259 Prezidentin ayl\u0131q t\u0259qa\u00fcd\u00fcn\u00fcn \u00f6d\u0259nilm\u0259sin\u0259 imkan verib.<\/p>\n<p><b>ARANTV.AZ\u00a0<\/b>Real TV-y\u0259 istinad\u0259n bildirir ki, bu bar\u0259d\u0259 \u018fm\u0259k v\u0259 \u018fhalinin Sosial M\u00fcdafi\u0259si Nazirliyinin ictimaiyy\u0259tl\u0259 \u0259laq\u0259l\u0259r \u015f\u00f6b\u0259sinin m\u00fcdiri Fazil Tal\u0131bl\u0131 deyib. Onun s\u00f6zl\u0259rin\u0259 g\u00f6r\u0259, haz\u0131rda \u00fcmumi x\u0259st\u0259lik, h\u0259rbi xidm\u0259t d\u00f6vr\u00fcnd\u0259 x\u0259st\u0259l\u0259nm\u0259, \u0259m\u0259k z\u0259d\u0259si v\u0259 pe\u015f\u0259 x\u0259st\u0259liyi, h\u0259rbi \u0259m\u0259liyyatlar ke\u00e7iril\u0259n zonada olmaqla \u0259laq\u0259dar, \u00c7ernob\u0131l AES-d\u0259 q\u0259zan\u0131n l\u0259\u011fvi il\u0259 \u0259laq\u0259dar s\u0259b\u0259bl\u0259rd\u0259n ba\u015f verdikd\u0259 I qrup \u0259lilliy\u0259 g\u00f6r\u0259 sosial m\u00fcavin\u0259t alanlara Az\u0259rbaycan Respublikas\u0131 Prezidentinin ayl\u0131q t\u0259qa\u00fcd\u00fc \u00f6d\u0259nilir.<\/p>\n<div id=\"AdributorNativeVideo0\" class=\"AdributorNativeVideo\"><\/div>\n<p>2019-cu il 25 fevral tarixli S\u0259r\u0259ncamla aprelin 1-d\u0259n Prezidentin h\u0259min ayl\u0131q t\u0259qa\u00fcd\u00fc sosial m\u00fcavin\u0259t alan I qrup \u0259lilliyi olan \u015f\u0259xsl\u0259rl\u0259 yana\u015f\u0131, \u0259m\u0259k pensiyas\u0131 alan I qrup \u0259lilliyi olan \u015f\u0259xsl\u0259r\u0259 d\u0259 \u00f6d\u0259nil\u0259c\u0259k.<br \/>\n<ins><\/ins><\/p>\n<div id=\"beacon_22622378d5\"><img loading=\"lazy\" src=\"https:\/\/ads2.newmedia.az\/www\/delivery\/lg.php?bannerid=0&amp;campaignid=0&amp;zoneid=975&amp;loc=https%3A%2F%2Fbig.az%2F348515-azerbaycanda_pensiyacilara_sad_xeber.html&amp;referer=https%3A%2F%2Fbig.az%2F&amp;cb=22622378d5\" alt=\"\" width=\"0\" height=\"0\" \/><\/div>\n<p>Eyni zamanda, h\u0259min t\u0259qa\u00fcd\u00fcn m\u0259bl\u0259\u011fi g\u0259l\u0259n ay\u0131n \u0259vv\u0259lind\u0259n 73 manatdan 100 manata \u00e7atd\u0131r\u0131lacaq. Bununla yana\u015f\u0131, I qrup \u0259lilliyi olan \u015f\u0259xsl\u0259r\u0259 qulluq ed\u0259nl\u0259r\u0259 d\u0259 S\u0259r\u0259ncamla aprelin 1-d\u0259n Prezidentin ayl\u0131q t\u0259qa\u00fcd\u00fc (50 manat) veril\u0259c\u0259k.<\/p>\n<p>Bel\u0259likl\u0259, \u0259m\u0259k pensiyas\u0131 alan I qrup \u0259lilliyi olan \u015f\u0259xs\u0259 d\u0259 sosial m\u00fcavin\u0259t alan I qrup \u0259lilliyi olan \u015f\u0259xs kimi, aprelin 1-d\u0259n Prezidentin ayl\u0131q t\u0259qa\u00fcd\u00fc kimi 100 manat, h\u0259m\u00e7inin ona qulluq ed\u0259n \u015f\u0259xs \u00fc\u00e7\u00fcn d\u0259 Prezidentin ayl\u0131q t\u0259qa\u00fcd\u00fc kimi 50 manat \u00f6d\u0259nil\u0259c\u0259k.<\/p>\n<p>S\u0259r\u0259ncam \u0259n h\u0259ssas kateqoriyalardan olan 577 min\u0259d\u0259k v\u0259t\u0259nda\u015f\u0131 \u0259hat\u0259 edir ki, onlardan 300 min\u0259 q\u0259d\u0259ri \u0259lilliyi olan \u015f\u0259xsl\u0259rdir.<\/p>\n<p>&nbsp;<\/p>\n","protected":false},"excerpt":{"rendered":"<p>Az\u0259rbaycan Respublikas\u0131n\u0131n Prezidenti \u0130lham \u018fliyevin &#8220;\u018fhalinin sosial m\u00fcdafi\u0259sinin g\u00fccl\u0259ndirilm\u0259si sah\u0259sind\u0259 \u0259lav\u0259 t\u0259dbirl\u0259r haqq\u0131nda&#8221; 2019-cu il 25 fevral tarixli S\u0259r\u0259ncam\u0131 \u0259m\u0259k pensiyas\u0131 alan I qrup \u0259lilliyi olan \u015f\u0259xsl\u0259r\u0259 d\u0259 Prezidentin ayl\u0131q t\u0259qa\u00fcd\u00fcn\u00fcn \u00f6d\u0259nilm\u0259sin\u0259 imkan verib. ARANTV.AZ\u00a0Real TV-y\u0259 istinad\u0259n bildirir ki, bu bar\u0259d\u0259 \u018fm\u0259k v\u0259 \u018fhalinin Sosial M\u00fcdafi\u0259si Nazirliyinin ictimaiyy\u0259tl\u0259 \u0259laq\u0259l\u0259r \u015f\u00f6b\u0259sinin m\u00fcdiri Fazil Tal\u0131bl\u0131 deyib. Onun s\u00f6zl\u0259rin\u0259 g\u00f6r\u0259, haz\u0131rda \u00fcmumi x\u0259st\u0259lik, h\u0259rbi xidm\u0259t d\u00f6vr\u00fcnd\u0259 x\u0259st\u0259l\u0259nm\u0259, \u0259m\u0259k z\u0259d\u0259si v\u0259 pe\u015f\u0259 x\u0259st\u0259liyi, h\u0259rbi \u0259m\u0259liyyatlar ke\u00e7iril\u0259n zonada olmaqla \u0259laq\u0259dar, \u00c7ernob\u0131l AES-d\u0259 q\u0259zan\u0131n l\u0259\u011fvi il\u0259 \u0259laq\u0259dar s\u0259b\u0259bl\u0259rd\u0259n ba\u015f verdikd\u0259 I qrup \u0259lilliy\u0259 g\u00f6r\u0259 sosial m\u00fcavin\u0259t&hellip;<\/p>\n","protected":false},"author":2,"featured_media":47062,"comment_status":"closed","ping_status":"closed","sticky":false,"template":"","format":"standard","meta":{"om_disable_all_campaigns":false,"_monsterinsights_skip_tracking":false,"_monsterinsights_sitenote_active":false,"_monsterinsights_sitenote_note":"","_monsterinsights_sitenote_category":0},"categories":[1],"tags":[],"aioseo_notices":[],"gutentor_comment":0,"rttpg_featured_image_url":{"full":["https:\/\/arantv.az\/wp-content\/uploads\/2019\/03\/1_11553495677.jpg",576,384,false],"landscape":["https:\/\/arantv.az\/wp-content\/uploads\/2019\/03\/1_11553495677.jpg",576,384,false],"portraits":["https:\/\/arantv.az\/wp-content\/uploads\/2019\/03\/1_11553495677.jpg",576,384,false],"thumbnail":["https:\/\/arantv.az\/wp-content\/uploads\/2019\/03\/1_11553495677-150x150.jpg",150,150,true],"medium":["https:\/\/arantv.az\/wp-content\/uploads\/2019\/03\/1_11553495677-300x200.jpg",300,200,true],"large":["https:\/\/arantv.az\/wp-content\/uploads\/2019\/03\/1_11553495677.jpg",576,384,false],"1536x1536":["https:\/\/arantv.az\/wp-content\/uploads\/2019\/03\/1_11553495677.jpg",576,384,false],"2048x2048":["https:\/\/arantv.az\/wp-content\/uploads\/2019\/03\/1_11553495677.jpg",576,384,false],"post-thumbnail":["https:\/\/arantv.az\/wp-content\/uploads\/2019\/03\/1_11553495677-240x172.jpg",240,172,true],"advps-thumb-one":["https:\/\/arantv.az\/wp-content\/uploads\/2019\/03\/1_11553495677.jpg",576,384,false]},"rttpg_author":{"display_name":"V\u00fcsal Rafiqo\u011flu","author_link":"https:\/\/arantv.az\/?author=2"},"rttpg_comment":0,"rttpg_category":"<a href=\"https:\/\/arantv.az\/?cat=1\" rel=\"category\">C\u0259miyy\u0259t<\/a>","rttpg_excerpt":"Az\u0259rbaycan Respublikas\u0131n\u0131n Prezidenti \u0130lham \u018fliyevin &#8220;\u018fhalinin sosial m\u00fcdafi\u0259sinin g\u00fccl\u0259ndirilm\u0259si sah\u0259sind\u0259 \u0259lav\u0259 t\u0259dbirl\u0259r haqq\u0131nda&#8221; 2019-cu il 25 fevral tarixli S\u0259r\u0259ncam\u0131 \u0259m\u0259k pensiyas\u0131 alan I qrup \u0259lilliyi olan \u015f\u0259xsl\u0259r\u0259 d\u0259 Prezidentin ayl\u0131q t\u0259qa\u00fcd\u00fcn\u00fcn \u00f6d\u0259nilm\u0259sin\u0259 imkan verib. ARANTV.AZ\u00a0Real TV-y\u0259 istinad\u0259n bildirir ki, bu bar\u0259d\u0259 \u018fm\u0259k v\u0259 \u018fhalinin Sosial M\u00fcdafi\u0259si Nazirliyinin ictimaiyy\u0259tl\u0259 \u0259laq\u0259l\u0259r \u015f\u00f6b\u0259sinin m\u00fcdiri Fazil Tal\u0131bl\u0131 deyib. Onun&hellip;","_links":{"self":[{"href":"https:\/\/arantv.az\/index.php?rest_route=\/wp\/v2\/posts\/47061"}],"collection":[{"href":"https:\/\/arantv.az\/index.php?rest_route=\/wp\/v2\/posts"}],"about":[{"href":"https:\/\/arantv.az\/index.php?rest_route=\/wp\/v2\/types\/post"}],"author":[{"embeddable":true,"href":"https:\/\/arantv.az\/index.php?rest_route=\/wp\/v2\/users\/2"}],"replies":[{"embeddable":true,"href":"https:\/\/arantv.az\/index.php?rest_route=%2Fwp%2Fv2%2Fcomments&post=47061"}],"version-history":[{"count":0,"href":"https:\/\/arantv.az\/index.php?rest_route=\/wp\/v2\/posts\/47061\/revisions"}],"wp:featuredmedia":[{"embeddable":true,"href":"https:\/\/arantv.az\/index.php?rest_route=\/wp\/v2\/media\/47062"}],"wp:attachment":[{"href":"https:\/\/arantv.az\/index.php?rest_route=%2Fwp%2Fv2%2Fmedia&parent=47061"}],"wp:term":[{"taxonomy":"category","embeddable":true,"href":"https:\/\/arantv.az\/index.php?rest_route=%2Fwp%2Fv2%2Fcategories&post=47061"},{"taxonomy":"post_tag","embeddable":true,"href":"https:\/\/arantv.az\/index.php?rest_route=%2Fwp%2Fv2%2Ftags&post=47061"}],"curies":[{"name":"wp","href":"https:\/\/api.w.org\/{rel}","templated":true}]}}