{"id":47065,"date":"2019-03-25T10:06:08","date_gmt":"2019-03-25T07:06:08","guid":{"rendered":"http:\/\/arantv.az\/?p=47065"},"modified":"2019-03-25T10:06:08","modified_gmt":"2019-03-25T07:06:08","slug":"az%c9%99rbaycanin-buranovski-n%c9%99n%c9%99l%c9%99ri-reportaj","status":"publish","type":"post","link":"https:\/\/arantv.az\/?p=47065","title":{"rendered":"Az\u0259rbaycan\u0131n \u201cBuranovski n\u0259n\u0259l\u0259ri\u201d &#8211; REPORTAJ"},"content":{"rendered":"<p>Az\u0259rbaycanda bir \u00e7ox xalqlar\u0131n n\u00fcmay\u0259nd\u0259l\u0259ri ya\u015fay\u0131r. Azsayl\u0131 xalqlar\u0131n n\u00fcmay\u0259nd\u0259l\u0259rind\u0259n olan tal\u0131\u015flar is\u0259 daha \u00e7ox c\u0259nub b\u00f6lg\u0259sind\u0259 \u2013 Astara, L\u0259nk\u0259ran, Lerik, Masall\u0131, Yard\u0131ml\u0131 rayonlar\u0131 \u0259razisind\u0259 m\u0259skunla\u015f\u0131blar.<\/p>\n<p>Bayram g\u00fcnl\u0259rind\u0259 Tal\u0131\u015f v\u0259 Az\u0259rbaycan xalq mahn\u0131lar\u0131n\u0131n, bayat\u0131lar\u0131n qrup hal\u0131nda mahir ifa\u00e7\u0131lar\u0131 L\u0259nk\u0259ran\u0131n Separadi k\u0259ndinin sakinl\u0259ri olan \u201cN\u0259n\u0259l\u0259r\u201d folklor ansambl\u0131n\u0131n qona\u011f\u0131 olduq.<\/p>\n<p>Bu qrupun haz\u0131rda be\u015f \u00fczv\u00fc var. Qrup \u00fczvl\u0259rinin s\u00f6zl\u0259rin\u0259 g\u00f6r\u0259, m\u0259rhum prezident Heyd\u0259r \u018fliyev 1997-ci ild\u0259 L\u0259nk\u0259rana s\u0259f\u0259ri zaman\u0131 qrupa \u201cN\u0259n\u0259l\u0259r\u201d ad\u0131n\u0131n verilm\u0259sini t\u0259klif edib v\u0259 onlar da bu t\u0259klifi q\u0259bul edibl\u0259r. H\u0259min vaxtad\u0259k is\u0259 ansambl \u201cBac\u0131lar\u201d adlan\u0131b.<\/p>\n<p>Qrupun \u0259n ya\u015fl\u0131 \u00fczv\u00fcn\u00fcn 79, \u0259n cavan \u00fczv\u00fcn\u00fcn is\u0259 55 ya\u015f\u0131 var.<\/p>\n<p>Qeyd ed\u0259k ki, \u00f6t\u0259n \u0259srin 70-ci ill\u0259rind\u0259 yaranan ansambl\u0131n repertuar\u0131nda Az\u0259rbaycan v\u0259 tal\u0131\u015f dill\u0259rind\u0259 100-\u0259 yax\u0131n mahn\u0131 v\u0259 bayat\u0131 var. M\u0259s\u0259l\u0259n, \u201cAy lolo\u201d, \u201cG\u0259l, g\u00f6z\u0259lim, naz el\u0259m\u0259\u201d, \u201cMirvari g\u0259lin\u201d, \u201cAlman\u0131 alma, g\u0259lin\u201d, \u201cYar ba\u011fa g\u0259ldi\u201d v\u0259 b. Qrup 1982-ci ild\u0259 f\u0259aliyy\u0259t\u0259 ba\u015flay\u0131b.<\/p>\n<div><iframe loading=\"lazy\" src=\"https:\/\/player.baku.tv\/embed\/7407\" width=\"560\" height=\"315\" frameborder=\"0\" allowfullscreen=\"allowfullscreen\" data-mce-fragment=\"1\"><\/iframe><\/div>\n<p>&nbsp;<\/p>\n","protected":false},"excerpt":{"rendered":"<p>Az\u0259rbaycanda bir \u00e7ox xalqlar\u0131n n\u00fcmay\u0259nd\u0259l\u0259ri ya\u015fay\u0131r. Azsayl\u0131 xalqlar\u0131n n\u00fcmay\u0259nd\u0259l\u0259rind\u0259n olan tal\u0131\u015flar is\u0259 daha \u00e7ox c\u0259nub b\u00f6lg\u0259sind\u0259 \u2013 Astara, L\u0259nk\u0259ran, Lerik, Masall\u0131, Yard\u0131ml\u0131 rayonlar\u0131 \u0259razisind\u0259 m\u0259skunla\u015f\u0131blar. Bayram g\u00fcnl\u0259rind\u0259 Tal\u0131\u015f v\u0259 Az\u0259rbaycan xalq mahn\u0131lar\u0131n\u0131n, bayat\u0131lar\u0131n qrup hal\u0131nda mahir ifa\u00e7\u0131lar\u0131 L\u0259nk\u0259ran\u0131n Separadi k\u0259ndinin sakinl\u0259ri olan \u201cN\u0259n\u0259l\u0259r\u201d folklor ansambl\u0131n\u0131n qona\u011f\u0131 olduq. Bu qrupun haz\u0131rda be\u015f \u00fczv\u00fc var. Qrup \u00fczvl\u0259rinin s\u00f6zl\u0259rin\u0259 g\u00f6r\u0259, m\u0259rhum prezident Heyd\u0259r \u018fliyev 1997-ci ild\u0259 L\u0259nk\u0259rana s\u0259f\u0259ri zaman\u0131 qrupa \u201cN\u0259n\u0259l\u0259r\u201d ad\u0131n\u0131n verilm\u0259sini t\u0259klif edib v\u0259 onlar da bu t\u0259klifi q\u0259bul edibl\u0259r. H\u0259min vaxtad\u0259k is\u0259 ansambl \u201cBac\u0131lar\u201d adlan\u0131b. Qrupun \u0259n ya\u015fl\u0131 \u00fczv\u00fcn\u00fcn 79,&hellip;<\/p>\n","protected":false},"author":2,"featured_media":47066,"comment_status":"closed","ping_status":"closed","sticky":false,"template":"","format":"standard","meta":{"om_disable_all_campaigns":false,"_monsterinsights_skip_tracking":false,"_monsterinsights_sitenote_active":false,"_monsterinsights_sitenote_note":"","_monsterinsights_sitenote_category":0},"categories":[24],"tags":[],"aioseo_notices":[],"gutentor_comment":0,"rttpg_featured_image_url":{"full":["https:\/\/arantv.az\/wp-content\/uploads\/2019\/03\/n\u00c9_n\u00c9_.jpg",620,349,false],"landscape":["https:\/\/arantv.az\/wp-content\/uploads\/2019\/03\/n\u00c9_n\u00c9_.jpg",620,349,false],"portraits":["https:\/\/arantv.az\/wp-content\/uploads\/2019\/03\/n\u00c9_n\u00c9_.jpg",620,349,false],"thumbnail":["https:\/\/arantv.az\/wp-content\/uploads\/2019\/03\/n\u00c9_n\u00c9_-150x150.jpg",150,150,true],"medium":["https:\/\/arantv.az\/wp-content\/uploads\/2019\/03\/n\u00c9_n\u00c9_-300x169.jpg",300,169,true],"large":["https:\/\/arantv.az\/wp-content\/uploads\/2019\/03\/n\u00c9_n\u00c9_.jpg",620,349,false],"1536x1536":["https:\/\/arantv.az\/wp-content\/uploads\/2019\/03\/n\u00c9_n\u00c9_.jpg",620,349,false],"2048x2048":["https:\/\/arantv.az\/wp-content\/uploads\/2019\/03\/n\u00c9_n\u00c9_.jpg",620,349,false],"post-thumbnail":["https:\/\/arantv.az\/wp-content\/uploads\/2019\/03\/n\u00c9_n\u00c9_-240x172.jpg",240,172,true],"advps-thumb-one":["https:\/\/arantv.az\/wp-content\/uploads\/2019\/03\/n\u00c9_n\u00c9_.jpg",620,349,false]},"rttpg_author":{"display_name":"V\u00fcsal Rafiqo\u011flu","author_link":"https:\/\/arantv.az\/?author=2"},"rttpg_comment":0,"rttpg_category":"<a href=\"https:\/\/arantv.az\/?cat=24\" rel=\"category\">Maraql\u0131<\/a>","rttpg_excerpt":"Az\u0259rbaycanda bir \u00e7ox xalqlar\u0131n n\u00fcmay\u0259nd\u0259l\u0259ri ya\u015fay\u0131r. Azsayl\u0131 xalqlar\u0131n n\u00fcmay\u0259nd\u0259l\u0259rind\u0259n olan tal\u0131\u015flar is\u0259 daha \u00e7ox c\u0259nub b\u00f6lg\u0259sind\u0259 \u2013 Astara, L\u0259nk\u0259ran, Lerik, Masall\u0131, Yard\u0131ml\u0131 rayonlar\u0131 \u0259razisind\u0259 m\u0259skunla\u015f\u0131blar. Bayram g\u00fcnl\u0259rind\u0259 Tal\u0131\u015f v\u0259 Az\u0259rbaycan xalq mahn\u0131lar\u0131n\u0131n, bayat\u0131lar\u0131n qrup hal\u0131nda mahir ifa\u00e7\u0131lar\u0131 L\u0259nk\u0259ran\u0131n Separadi k\u0259ndinin sakinl\u0259ri olan \u201cN\u0259n\u0259l\u0259r\u201d folklor ansambl\u0131n\u0131n qona\u011f\u0131 olduq. Bu qrupun haz\u0131rda be\u015f \u00fczv\u00fc var. Qrup \u00fczvl\u0259rinin&hellip;","_links":{"self":[{"href":"https:\/\/arantv.az\/index.php?rest_route=\/wp\/v2\/posts\/47065"}],"collection":[{"href":"https:\/\/arantv.az\/index.php?rest_route=\/wp\/v2\/posts"}],"about":[{"href":"https:\/\/arantv.az\/index.php?rest_route=\/wp\/v2\/types\/post"}],"author":[{"embeddable":true,"href":"https:\/\/arantv.az\/index.php?rest_route=\/wp\/v2\/users\/2"}],"replies":[{"embeddable":true,"href":"https:\/\/arantv.az\/index.php?rest_route=%2Fwp%2Fv2%2Fcomments&post=47065"}],"version-history":[{"count":0,"href":"https:\/\/arantv.az\/index.php?rest_route=\/wp\/v2\/posts\/47065\/revisions"}],"wp:featuredmedia":[{"embeddable":true,"href":"https:\/\/arantv.az\/index.php?rest_route=\/wp\/v2\/media\/47066"}],"wp:attachment":[{"href":"https:\/\/arantv.az\/index.php?rest_route=%2Fwp%2Fv2%2Fmedia&parent=47065"}],"wp:term":[{"taxonomy":"category","embeddable":true,"href":"https:\/\/arantv.az\/index.php?rest_route=%2Fwp%2Fv2%2Fcategories&post=47065"},{"taxonomy":"post_tag","embeddable":true,"href":"https:\/\/arantv.az\/index.php?rest_route=%2Fwp%2Fv2%2Ftags&post=47065"}],"curies":[{"name":"wp","href":"https:\/\/api.w.org\/{rel}","templated":true}]}}