{"id":47068,"date":"2019-03-25T10:33:50","date_gmt":"2019-03-25T07:33:50","guid":{"rendered":"http:\/\/arantv.az\/?p=47068"},"modified":"2019-03-25T10:33:50","modified_gmt":"2019-03-25T07:33:50","slug":"yaz-konserti-bas-tutdu-foto","status":"publish","type":"post","link":"https:\/\/arantv.az\/?p=47068","title":{"rendered":"&#8220;Yaz konsert&#8221;i ba\u015f tutdu &#8211; Foto"},"content":{"rendered":"<p>Mart\u0131n 24-d\u0259 H. Abbasov ad\u0131na Ma\u015fta\u011fa M\u0259d\u0259niyy\u0259t M\u0259rk\u0259zind\u0259 rejissor Nail Naibo\u011flu v\u0259 i\u015f xan\u0131m\u0131 Leyla Misirovan\u0131n t\u0259\u015fkilat\u00e7\u0131l\u0131\u011f\u0131, mill\u0259t v\u0259kili Eldar Quliyevin d\u0259st\u0259yi il\u0259 YAZ KONSERT\u0130 ba\u015f tutdu. <strong>ARANTV.AZ<\/strong> x\u0259b\u0259r verir ki, \u0130lah\u0259 Nizamiq\u0131z\u0131n\u0131n apar\u0131c\u0131l\u0131\u011f\u0131 il\u0259 olan konsertd\u0259 \u0259m\u0259kdar artistl\u0259r Cavan Zeynall\u0131, \u018fdal\u0259t \u015e\u00fck\u00fcrov, m\u00fc\u011f\u0259nnil\u0259r Elnar\u0259 X\u0259lilova, Dilar\u0259 Kaz\u0131mova, Murad Sad\u0131x, Sevinc Musayeva, Aytac Vidadiq\u0131z\u0131, Nuray M\u0259h\u0259rov, Taleh K\u0259rimli, r\u0259qqas\u0259 Renka, Az\u0259ri At\u0259\u015fi r\u0259qs qrupu i\u015ftirak etdil\u0259r. Konsert an\u015flaqla ke\u00e7di.<\/p>\n<p><img loading=\"lazy\" class=\"alignnone size-medium wp-image-47069\" src=\"https:\/\/arantv.az\/wp-content\/uploads\/2019\/03\/55822288_2474146539322725_3510188234564960256_n-300x300.jpg\" alt=\"\" width=\"300\" height=\"300\" \/><img loading=\"lazy\" class=\"alignnone size-medium wp-image-47070\" src=\"https:\/\/arantv.az\/wp-content\/uploads\/2019\/03\/54523541_844808585863954_8693591110838124544_n-300x275.jpg\" alt=\"\" width=\"300\" height=\"275\" \/><img loading=\"lazy\" class=\"alignnone size-medium wp-image-47071\" src=\"https:\/\/arantv.az\/wp-content\/uploads\/2019\/03\/56119930_377500996313984_5948204240928243712_n-300x283.jpg\" alt=\"\" width=\"300\" height=\"283\" \/><\/p>\n<p><img loading=\"lazy\" class=\"alignnone size-medium wp-image-47072\" src=\"https:\/\/arantv.az\/wp-content\/uploads\/2019\/03\/52947255_582461182256496_7560157934437531648_n-278x300.jpg\" alt=\"\" width=\"278\" height=\"300\" \/><img loading=\"lazy\" class=\"alignnone size-medium wp-image-47073\" src=\"https:\/\/arantv.az\/wp-content\/uploads\/2019\/03\/55615890_1144335262407087_3955544783740469248_n-300x295.jpg\" alt=\"\" width=\"300\" height=\"295\" \/><img loading=\"lazy\" class=\"alignnone size-medium wp-image-47074\" src=\"https:\/\/arantv.az\/wp-content\/uploads\/2019\/03\/55443485_325811194619211_2300045030997360640_n-300x225.jpg\" alt=\"\" width=\"300\" height=\"225\" \/><\/p>\n","protected":false},"excerpt":{"rendered":"<p>Mart\u0131n 24-d\u0259 H. Abbasov ad\u0131na Ma\u015fta\u011fa M\u0259d\u0259niyy\u0259t M\u0259rk\u0259zind\u0259 rejissor Nail Naibo\u011flu v\u0259 i\u015f xan\u0131m\u0131 Leyla Misirovan\u0131n t\u0259\u015fkilat\u00e7\u0131l\u0131\u011f\u0131, mill\u0259t v\u0259kili Eldar Quliyevin d\u0259st\u0259yi il\u0259 YAZ KONSERT\u0130 ba\u015f tutdu. ARANTV.AZ x\u0259b\u0259r verir ki, \u0130lah\u0259 Nizamiq\u0131z\u0131n\u0131n apar\u0131c\u0131l\u0131\u011f\u0131 il\u0259 olan konsertd\u0259 \u0259m\u0259kdar artistl\u0259r Cavan Zeynall\u0131, \u018fdal\u0259t \u015e\u00fck\u00fcrov, m\u00fc\u011f\u0259nnil\u0259r Elnar\u0259 X\u0259lilova, Dilar\u0259 Kaz\u0131mova, Murad Sad\u0131x, Sevinc Musayeva, Aytac Vidadiq\u0131z\u0131, Nuray M\u0259h\u0259rov, Taleh K\u0259rimli, r\u0259qqas\u0259 Renka, Az\u0259ri At\u0259\u015fi r\u0259qs qrupu i\u015ftirak etdil\u0259r. Konsert an\u015flaqla ke\u00e7di.<\/p>\n","protected":false},"author":2,"featured_media":47070,"comment_status":"closed","ping_status":"closed","sticky":false,"template":"","format":"standard","meta":{"om_disable_all_campaigns":false,"_monsterinsights_skip_tracking":false,"_monsterinsights_sitenote_active":false,"_monsterinsights_sitenote_note":"","_monsterinsights_sitenote_category":0},"categories":[1],"tags":[],"aioseo_notices":[],"gutentor_comment":0,"rttpg_featured_image_url":{"full":["https:\/\/arantv.az\/wp-content\/uploads\/2019\/03\/54523541_844808585863954_8693591110838124544_n.jpg",929,852,false],"landscape":["https:\/\/arantv.az\/wp-content\/uploads\/2019\/03\/54523541_844808585863954_8693591110838124544_n.jpg",929,852,false],"portraits":["https:\/\/arantv.az\/wp-content\/uploads\/2019\/03\/54523541_844808585863954_8693591110838124544_n.jpg",929,852,false],"thumbnail":["https:\/\/arantv.az\/wp-content\/uploads\/2019\/03\/54523541_844808585863954_8693591110838124544_n-150x150.jpg",150,150,true],"medium":["https:\/\/arantv.az\/wp-content\/uploads\/2019\/03\/54523541_844808585863954_8693591110838124544_n-300x275.jpg",300,275,true],"large":["https:\/\/arantv.az\/wp-content\/uploads\/2019\/03\/54523541_844808585863954_8693591110838124544_n.jpg",640,587,false],"1536x1536":["https:\/\/arantv.az\/wp-content\/uploads\/2019\/03\/54523541_844808585863954_8693591110838124544_n.jpg",929,852,false],"2048x2048":["https:\/\/arantv.az\/wp-content\/uploads\/2019\/03\/54523541_844808585863954_8693591110838124544_n.jpg",929,852,false],"post-thumbnail":["https:\/\/arantv.az\/wp-content\/uploads\/2019\/03\/54523541_844808585863954_8693591110838124544_n-240x172.jpg",240,172,true],"advps-thumb-one":["https:\/\/arantv.az\/wp-content\/uploads\/2019\/03\/54523541_844808585863954_8693591110838124544_n-929x620.jpg",929,620,true]},"rttpg_author":{"display_name":"V\u00fcsal Rafiqo\u011flu","author_link":"https:\/\/arantv.az\/?author=2"},"rttpg_comment":0,"rttpg_category":"<a href=\"https:\/\/arantv.az\/?cat=1\" rel=\"category\">C\u0259miyy\u0259t<\/a>","rttpg_excerpt":"Mart\u0131n 24-d\u0259 H. Abbasov ad\u0131na Ma\u015fta\u011fa M\u0259d\u0259niyy\u0259t M\u0259rk\u0259zind\u0259 rejissor Nail Naibo\u011flu v\u0259 i\u015f xan\u0131m\u0131 Leyla Misirovan\u0131n t\u0259\u015fkilat\u00e7\u0131l\u0131\u011f\u0131, mill\u0259t v\u0259kili Eldar Quliyevin d\u0259st\u0259yi il\u0259 YAZ KONSERT\u0130 ba\u015f tutdu. ARANTV.AZ x\u0259b\u0259r verir ki, \u0130lah\u0259 Nizamiq\u0131z\u0131n\u0131n apar\u0131c\u0131l\u0131\u011f\u0131 il\u0259 olan konsertd\u0259 \u0259m\u0259kdar artistl\u0259r Cavan Zeynall\u0131, \u018fdal\u0259t \u015e\u00fck\u00fcrov, m\u00fc\u011f\u0259nnil\u0259r Elnar\u0259 X\u0259lilova, Dilar\u0259 Kaz\u0131mova, Murad Sad\u0131x, Sevinc Musayeva, Aytac Vidadiq\u0131z\u0131, Nuray&hellip;","_links":{"self":[{"href":"https:\/\/arantv.az\/index.php?rest_route=\/wp\/v2\/posts\/47068"}],"collection":[{"href":"https:\/\/arantv.az\/index.php?rest_route=\/wp\/v2\/posts"}],"about":[{"href":"https:\/\/arantv.az\/index.php?rest_route=\/wp\/v2\/types\/post"}],"author":[{"embeddable":true,"href":"https:\/\/arantv.az\/index.php?rest_route=\/wp\/v2\/users\/2"}],"replies":[{"embeddable":true,"href":"https:\/\/arantv.az\/index.php?rest_route=%2Fwp%2Fv2%2Fcomments&post=47068"}],"version-history":[{"count":0,"href":"https:\/\/arantv.az\/index.php?rest_route=\/wp\/v2\/posts\/47068\/revisions"}],"wp:featuredmedia":[{"embeddable":true,"href":"https:\/\/arantv.az\/index.php?rest_route=\/wp\/v2\/media\/47070"}],"wp:attachment":[{"href":"https:\/\/arantv.az\/index.php?rest_route=%2Fwp%2Fv2%2Fmedia&parent=47068"}],"wp:term":[{"taxonomy":"category","embeddable":true,"href":"https:\/\/arantv.az\/index.php?rest_route=%2Fwp%2Fv2%2Fcategories&post=47068"},{"taxonomy":"post_tag","embeddable":true,"href":"https:\/\/arantv.az\/index.php?rest_route=%2Fwp%2Fv2%2Ftags&post=47068"}],"curies":[{"name":"wp","href":"https:\/\/api.w.org\/{rel}","templated":true}]}}