{"id":47077,"date":"2019-03-25T10:43:34","date_gmt":"2019-03-25T07:43:34","guid":{"rendered":"http:\/\/arantv.az\/?p=47077"},"modified":"2019-03-25T10:43:34","modified_gmt":"2019-03-25T07:43:34","slug":"bakinin-m%c9%99rk%c9%99zind%c9%99-yaris-the-grand-tour-az%c9%99rbaycanda-video","status":"publish","type":"post","link":"https:\/\/arantv.az\/?p=47077","title":{"rendered":"Bak\u0131n\u0131n m\u0259rk\u0259zind\u0259 yar\u0131\u015f: \u201cThe Grand Tour\u201d Az\u0259rbaycanda &#8211; V\u0130DEO"},"content":{"rendered":"<article class=\"news\">\n<div class=\"news-inner\">\n<p>Mart\u0131n 22-d\u0259 d\u00fcnyaca m\u0259h\u015fur avtomobil teleserial\u0131 olan \u201cThe Grand Tour\u201d filminin G\u00fcrc\u00fcstan v\u0259 Az\u0259rbaycana h\u0259sr olunmu\u015f yeni epizodu ekranlara \u00e7\u0131x\u0131b.<\/p>\n<p>\u00dc\u00e7\u00fcnc\u00fc m\u00f6vs\u00fcm\u00fcn 11-ci epizodunun q\u0259hr\u0259manlar\u0131 Ceremni Klarkson, Ceyms Mey v\u0259 Ri\u00e7ard Hammond \u0259n yax\u015f\u0131 avtomobili m\u00fc\u0259yy\u0259n etm\u0259k \u00fc\u00e7\u00fcn C\u0259nubi Qafqaza g\u0259libl\u0259r.<\/p>\n<div id=\"AdributorNativeVideo0\" class=\"AdributorNativeVideo\"><\/div>\n<div>\n<div class=\"SandboxRoot env-bp-350\" data-twitter-event-id=\"0\">\n<div id=\"twitter-widget-0\" class=\"EmbeddedTweet EmbeddedTweet--cta EmbeddedTweet--mediaForward media-forward js-clickToOpenTarget js-tweetIdInfo tweet-InformationCircle-widgetParent\" lang=\"en\" data-click-to-open-target=\"https:\/\/twitter.com\/thegrandtour\/status\/1109877539869065216\" data-iframe-title=\"Twitter Tweet\" data-scribe=\"page:tweet\" data-tweet-id=\"1109877539869065216\" data-twitter-event-id=\"1\">\n<article class=\"MediaCard\n           MediaCard--mediaForward\n\n           cards-multimedia\n           customisable-border\" dir=\"ltr\" data-scribe=\"component:card\"><\/p>\n<div class=\"MediaCard-media\">\n<div class=\"MediaCard-widthConstraint js-cspForcedStyle\" data-style=\"max-width: 2000px\">\n<div class=\"MediaCard-mediaContainer js-cspForcedStyle\" data-style=\"padding-bottom: 56.2500%\">\n<div class=\"NaturalImage-ctaOverlay PlayButton PlayButton--centered\" data-scribe=\"element:play_button\">\n<div class=\"Icon Icon--playCircle \" title=\"Play Media\" role=\"img\" aria-label=\"Play Media\"><\/div>\n<\/div>\n<p><a class=\"MediaCard-mediaAsset MediaCard-mediaPlaceholder NaturalImage NaturalImage--fill js-playableMediaInterstitial\" href=\"https:\/\/twitter.com\/thegrandtour\/status\/1109877539869065216\"><img class=\"NaturalImage-image\" src=\"https:\/\/pbs.twimg.com\/media\/D1twR4MXQAAT0QZ?format=jpg&amp;name=small\" alt=\"Embedded video\" data-image=\"https:\/\/pbs.twimg.com\/media\/D1twR4MXQAAT0QZ\" data-scribe=\"element:poster_image\" \/><\/a><\/div>\n<\/div>\n<\/div>\n<\/article>\n<div class=\"EmbeddedTweet-tweetContainer\">\n<div class=\"EmbeddedTweet-tweet\">\n<blockquote class=\"Tweet h-entry js-tweetIdInfo subject expanded\" cite=\"https:\/\/twitter.com\/thegrandtour\/status\/1109877539869065216\" data-tweet-id=\"1109877539869065216\" data-scribe=\"section:subject\">\n<div class=\"Tweet-header\"><a class=\"TweetAuthor-avatar  Identity-avatar u-linkBlend\" href=\"https:\/\/twitter.com\/thegrandtour\" data-scribe=\"element:user_link\" aria-label=\"The Grand Tour (screen name: thegrandtour)\"><img class=\"Avatar\" src=\"https:\/\/pbs.twimg.com\/profile_images\/918881109865148416\/6vjiXEtt_normal.jpg\" alt=\"\" data-scribe=\"element:avatar\" data-src-2x=\"https:\/\/pbs.twimg.com\/profile_images\/918881109865148416\/6vjiXEtt_bigger.jpg\" data-src-1x=\"https:\/\/pbs.twimg.com\/profile_images\/918881109865148416\/6vjiXEtt_normal.jpg\" \/><\/a><\/p>\n<div class=\"TweetAuthor js-inViewportScribingTarget\" data-scribe=\"component:author\">\n<div class=\"TweetAuthor-nameScreenNameContainer\"><span class=\"TweetAuthor-decoratedName\"><span class=\"TweetAuthor-name Identity-name customisable-highlight\" title=\"The Grand Tour\" data-scribe=\"element:name\">The Grand Tour<\/span><\/span><\/p>\n<div class=\"Icon Icon--verified \" title=\"Verified Account\" role=\"img\" aria-label=\"Verified Account\"><\/div>\n<p><span class=\"TweetAuthor-decoratedName\"><span class=\"TweetAuthor-verifiedBadge\" data-scribe=\"element:verified_badge\"><b class=\"u-hiddenVisually\">\u2714<\/b><\/span><\/span><span class=\"TweetAuthor-screenName Identity-screenName\" dir=\"ltr\" title=\"@thegrandtour\" data-scribe=\"element:screen_name\">@thegrandtour<\/span><\/div>\n<\/div>\n<div class=\"Tweet-brand\">\n<div class=\"Icon Icon--twitter \" title=\"View on Twitter\" role=\"presentation\" aria-label=\"View on Twitter\"><\/div>\n<\/div>\n<\/div>\n<div class=\"Tweet-body e-entry-content\" data-scribe=\"component:tweet\">\n<div class=\"u-hiddenVisually js-inViewportScribingTarget\"><\/div>\n<p class=\"Tweet-text e-entry-title\" dir=\"ltr\" lang=\"en\">A drag race between an Aston Martin DBS, the Bentley Continental GT, and the BMW M850i in Baku.<a class=\"PrettyLink hashtag customisable\" dir=\"ltr\" href=\"https:\/\/twitter.com\/hashtag\/TheGrandTour?src=hash\" rel=\"tag\" data-query-source=\"hashtag_click\" data-scribe=\"element:hashtag\"><span class=\"PrettyLink-prefix\">#<\/span><span class=\"PrettyLink-value\">TheGrandTour<\/span><\/a><\/p>\n<div class=\"TweetInfo\">\n<div class=\"TweetInfo-like\">\n<div data-scribe=\"element:heart\">\n<div class=\"Icon Icon--heart \" title=\"Like\" role=\"img\" aria-label=\"Like\"><\/div>\n<\/div>\n<p><a class=\"TweetInfo-heart\" title=\"Like\" href=\"https:\/\/twitter.com\/intent\/like?tweet_id=1109877539869065216\" data-scribe=\"component:actions\"><span class=\"TweetInfo-heartStat\" data-scribe=\"element:heart_count\">1,673<\/span><\/a><\/div>\n<div class=\"TweetInfo-timeGeo\"><a class=\"u-linkBlend u-url customisable-highlight long-permalink\" href=\"https:\/\/twitter.com\/thegrandtour\/status\/1109877539869065216\" data-datetime=\"2019-03-24T18:00:00+0000\" data-scribe=\"element:full_timestamp\"><time class=\"dt-updated\" title=\"Time posted: March 24, 2019 18:00:00 (UTC)\" datetime=\"2019-03-24T18:00:00+0000\">10:00 PM &#8211; Mar 24, 2019<\/time><\/a><\/div>\n<\/div>\n<\/div>\n<\/blockquote>\n<\/div>\n<div class=\"CallToAction-icon\" data-scribe=\"element:conversation_icon\">\n<div class=\"Icon Icon--replyCTA \" title=\"View conversation on Twitter\" role=\"img\" aria-label=\"View conversation on Twitter\"><\/div>\n<\/div>\n<div class=\"CallToAction-text\" data-scribe=\"element:conversation_text\">266 people are talking about this<\/div>\n<div class=\"CallToAction-chevron\" data-scribe=\"element:cta_chevron\">\n<div class=\"Icon Icon--chevronRightCTA \" title=\"View on Twitter\" role=\"img\" aria-label=\"View on Twitter\"><\/div>\n<\/div>\n<\/div>\n<div class=\"tweet-InformationCircle--top tweet-InformationCircle\" data-scribe=\"element:notice\"><a class=\"Icon Icon--informationCircleWhite js-inViewportScribingTarget\" title=\"Twitter Ads info and privacy\" href=\"https:\/\/support.twitter.com\/articles\/20175256\"><span class=\"u-hiddenVisually\">Twitter Ads info and privacy<\/span><\/a><\/div>\n<\/div>\n<div class=\"resize-sensor\">\n<div class=\"resize-sensor-expand\">\n<div><\/div>\n<\/div>\n<div class=\"resize-sensor-shrink\">\n<div><\/div>\n<\/div>\n<\/div>\n<\/div>\n<\/div>\n<p>Serial\u0131n q\u0259hr\u0259manlar\u0131 Batumid\u0259n Bak\u0131yad\u0259k olan min kilometr m\u0259saf\u0259ni \u201cAston Martin DBS\u201d, \u201cBentley Continental GT\u201d v\u0259 \u201cBMW M850i\u201d avtomobill\u0259rind\u0259\u00a0q\u0259t edibl\u0259r. Yolda onlar m\u00fcxt\u0259lif mac\u0259ralarla qar\u015f\u0131la\u015f\u0131b,\u00a0onlar g\u00f6z\u0259l \u015f\u0259h\u0259rl\u0259r v\u0259 k\u0259ndl\u0259ri, tarixi yerl\u0259ri g\u00f6r\u00fcbl\u0259r.<\/p>\n<p>S\u0259f\u0259r zaman\u0131 apar\u0131c\u0131lar G\u0259nc\u0259, Lah\u0131cda olub, Bak\u0131da yar\u0131\u015f\u0131blar.<\/p>\n<p>\u201cThe Grand Tour\u201d filminin \u00fc\u00e7\u00fcnc\u00fc m\u00f6vs\u00fcm\u00fcn\u00fcn 11-ci epizodunu t\u0259qdim edirik:<\/p>\n<div><iframe loading=\"lazy\" src=\"https:\/\/www.youtube.com\/embed\/Yi7tme7cCBg\" width=\"560\" height=\"315\" frameborder=\"0\" allowfullscreen=\"allowfullscreen\" data-mce-fragment=\"1\"><\/iframe><\/div>\n<\/div>\n<\/article>\n<h2 class=\"news-share-title\"><\/h2>\n","protected":false},"excerpt":{"rendered":"<p>Mart\u0131n 22-d\u0259 d\u00fcnyaca m\u0259h\u015fur avtomobil teleserial\u0131 olan \u201cThe Grand Tour\u201d filminin G\u00fcrc\u00fcstan v\u0259 Az\u0259rbaycana h\u0259sr olunmu\u015f yeni epizodu ekranlara \u00e7\u0131x\u0131b. \u00dc\u00e7\u00fcnc\u00fc m\u00f6vs\u00fcm\u00fcn 11-ci epizodunun q\u0259hr\u0259manlar\u0131 Ceremni Klarkson, Ceyms Mey v\u0259 Ri\u00e7ard Hammond \u0259n yax\u015f\u0131 avtomobili m\u00fc\u0259yy\u0259n etm\u0259k \u00fc\u00e7\u00fcn C\u0259nubi Qafqaza g\u0259libl\u0259r. The Grand Tour \u2714@thegrandtour A drag race between an Aston Martin DBS, the Bentley Continental GT, and the BMW M850i in Baku.#TheGrandTour 1,673 10:00 PM &#8211; Mar 24, 2019 266 people are talking about this Twitter Ads info and privacy Serial\u0131n q\u0259hr\u0259manlar\u0131 Batumid\u0259n Bak\u0131yad\u0259k olan min kilometr m\u0259saf\u0259ni \u201cAston&hellip;<\/p>\n","protected":false},"author":2,"featured_media":47078,"comment_status":"closed","ping_status":"closed","sticky":false,"template":"","format":"standard","meta":{"om_disable_all_campaigns":false,"_monsterinsights_skip_tracking":false,"_monsterinsights_sitenote_active":false,"_monsterinsights_sitenote_note":"","_monsterinsights_sitenote_category":0},"categories":[6],"tags":[],"aioseo_notices":[],"gutentor_comment":0,"rttpg_featured_image_url":{"full":["https:\/\/arantv.az\/wp-content\/uploads\/2019\/03\/dd11.jpg",620,448,false],"landscape":["https:\/\/arantv.az\/wp-content\/uploads\/2019\/03\/dd11.jpg",620,448,false],"portraits":["https:\/\/arantv.az\/wp-content\/uploads\/2019\/03\/dd11.jpg",620,448,false],"thumbnail":["https:\/\/arantv.az\/wp-content\/uploads\/2019\/03\/dd11-150x150.jpg",150,150,true],"medium":["https:\/\/arantv.az\/wp-content\/uploads\/2019\/03\/dd11-300x217.jpg",300,217,true],"large":["https:\/\/arantv.az\/wp-content\/uploads\/2019\/03\/dd11.jpg",620,448,false],"1536x1536":["https:\/\/arantv.az\/wp-content\/uploads\/2019\/03\/dd11.jpg",620,448,false],"2048x2048":["https:\/\/arantv.az\/wp-content\/uploads\/2019\/03\/dd11.jpg",620,448,false],"post-thumbnail":["https:\/\/arantv.az\/wp-content\/uploads\/2019\/03\/dd11-240x172.jpg",240,172,true],"advps-thumb-one":["https:\/\/arantv.az\/wp-content\/uploads\/2019\/03\/dd11.jpg",620,448,false]},"rttpg_author":{"display_name":"V\u00fcsal Rafiqo\u011flu","author_link":"https:\/\/arantv.az\/?author=2"},"rttpg_comment":0,"rttpg_category":"<a href=\"https:\/\/arantv.az\/?cat=6\" rel=\"category\">\u0130dman<\/a>","rttpg_excerpt":"Mart\u0131n 22-d\u0259 d\u00fcnyaca m\u0259h\u015fur avtomobil teleserial\u0131 olan \u201cThe Grand Tour\u201d filminin G\u00fcrc\u00fcstan v\u0259 Az\u0259rbaycana h\u0259sr olunmu\u015f yeni epizodu ekranlara \u00e7\u0131x\u0131b. \u00dc\u00e7\u00fcnc\u00fc m\u00f6vs\u00fcm\u00fcn 11-ci epizodunun q\u0259hr\u0259manlar\u0131 Ceremni Klarkson, Ceyms Mey v\u0259 Ri\u00e7ard Hammond \u0259n yax\u015f\u0131 avtomobili m\u00fc\u0259yy\u0259n etm\u0259k \u00fc\u00e7\u00fcn C\u0259nubi Qafqaza g\u0259libl\u0259r. The Grand Tour \u2714@thegrandtour A drag race between an Aston Martin DBS, the Bentley&hellip;","_links":{"self":[{"href":"https:\/\/arantv.az\/index.php?rest_route=\/wp\/v2\/posts\/47077"}],"collection":[{"href":"https:\/\/arantv.az\/index.php?rest_route=\/wp\/v2\/posts"}],"about":[{"href":"https:\/\/arantv.az\/index.php?rest_route=\/wp\/v2\/types\/post"}],"author":[{"embeddable":true,"href":"https:\/\/arantv.az\/index.php?rest_route=\/wp\/v2\/users\/2"}],"replies":[{"embeddable":true,"href":"https:\/\/arantv.az\/index.php?rest_route=%2Fwp%2Fv2%2Fcomments&post=47077"}],"version-history":[{"count":0,"href":"https:\/\/arantv.az\/index.php?rest_route=\/wp\/v2\/posts\/47077\/revisions"}],"wp:featuredmedia":[{"embeddable":true,"href":"https:\/\/arantv.az\/index.php?rest_route=\/wp\/v2\/media\/47078"}],"wp:attachment":[{"href":"https:\/\/arantv.az\/index.php?rest_route=%2Fwp%2Fv2%2Fmedia&parent=47077"}],"wp:term":[{"taxonomy":"category","embeddable":true,"href":"https:\/\/arantv.az\/index.php?rest_route=%2Fwp%2Fv2%2Fcategories&post=47077"},{"taxonomy":"post_tag","embeddable":true,"href":"https:\/\/arantv.az\/index.php?rest_route=%2Fwp%2Fv2%2Ftags&post=47077"}],"curies":[{"name":"wp","href":"https:\/\/api.w.org\/{rel}","templated":true}]}}