{"id":47091,"date":"2019-03-25T10:57:47","date_gmt":"2019-03-25T07:57:47","guid":{"rendered":"http:\/\/arantv.az\/?p=47091"},"modified":"2019-03-25T10:57:47","modified_gmt":"2019-03-25T07:57:47","slug":"yaxin-vaxtda-sulh-sazisin%c9%99-umid-edirik-icma-s%c9%99dri","status":"publish","type":"post","link":"https:\/\/arantv.az\/?p=47091","title":{"rendered":"Yax\u0131n vaxtda s\u00fclh sazi\u015fin\u0259 \u00fcmid edirik &#8211; \u0130cma s\u0259dri"},"content":{"rendered":"<p><strong>AB\u015e-\u0131n n\u00fcfuzlu \u201cVa\u015finqton Tayms\u201d q\u0259zetinin m\u00fcxbiri Monika Krouli v\u0259 tan\u0131nm\u0131\u015f 77WABC radiosunun apar\u0131c\u0131s\u0131 Con Ba\u00e7elor Az\u0259rbaycan\u0131n Da\u011fl\u0131q Qaraba\u011f b\u00f6lg\u0259sinin az\u0259rbaycanl\u0131 icmas\u0131n\u0131n r\u0259hb\u0259ri Tural G\u0259nc\u0259liyevd\u0259n m\u00fcsahib\u0259 al\u0131b. Con Ba\u00e7elor t\u0259r\u0259find\u0259n apar\u0131lan radio proqram\u0131 t\u0259kc\u0259 AB\u015e-da deyil, beyn\u0259lxalq al\u0259md\u0259 d\u0259 geni\u015f auditoriyaya malik siyasi \u015fou proqram kimi tan\u0131n\u0131r.<\/strong><\/p>\n<p><strong>ARANTV.AZ<\/strong>\u00a0 x\u0259b\u0259r verir ki, m\u00fcsahib\u0259 zaman\u0131 erm\u0259ni separat\u00e7\u0131lar\u0131n\u0131n h\u0259l\u0259 sovet hakimiyy\u0259ti d\u00f6vr\u00fcnd\u0259 Az\u0259rbaycana qar\u015f\u0131 \u0259razi iddialar\u0131 ir\u0259li s\u00fcrd\u00fckl\u0259ri, Sovet \u0130ttifaq\u0131 da\u011f\u0131ld\u0131qdan sonra Erm\u0259nistan qo\u015funlar\u0131n\u0131n Az\u0259rbaycan\u0131n Da\u011fl\u0131q Qaraba\u011f v\u0259 \u0259traf yeddi rayonunu i\u015f\u011fal etdikl\u0259ri, h\u0259min \u0259razil\u0259rd\u0259 ya\u015fayan az\u0259rbaycanl\u0131lara qar\u015f\u0131 etnik t\u0259mizl\u0259m\u0259 siyas\u0259ti h\u0259yata ke\u00e7irdikl\u0259ri diqq\u0259t\u0259 \u00e7atd\u0131r\u0131l\u0131b. Bildirilib ki, i\u015f\u011fal n\u0259tic\u0259sind\u0259 \u00f6z torpaqlar\u0131ndan qovulmu\u015f az\u0259rbaycanl\u0131 \u0259hali \u00f6lk\u0259mizin m\u00fcxt\u0259lif \u015f\u0259h\u0259r, rayon v\u0259 k\u0259ndl\u0259rind\u0259 m\u0259cburi k\u00f6\u00e7k\u00fcn v\u0259ziyy\u0259tind\u0259 ya\u015fay\u0131r.<\/p>\n<p>M\u00fcsahib\u0259d\u0259 AT\u018fT-in Minsk qrupunun h\u0259ms\u0259dr \u00f6lk\u0259l\u0259rinin vasit\u0259\u00e7iliyi il\u0259 Erm\u0259nistan-Az\u0259rbaycan Da\u011fl\u0131q Qaraba\u011f m\u00fcnaqi\u015f\u0259sin\u0259 dair dan\u0131\u015f\u0131qlar prosesinin haz\u0131rda davam etdirildiyi bildirilib, Az\u0259rbaycan\u0131n \u0259razi b\u00fct\u00f6vl\u00fcy\u00fcn\u00fcn b\u0259rpas\u0131 v\u0259 m\u0259cburi k\u00f6\u00e7k\u00fcnl\u0259rin Da\u011fl\u0131q Qaraba\u011f v\u0259 \u0259traf yeddi rayona qay\u0131tmas\u0131n\u0131 \u00f6z\u00fcnd\u0259 ehtiva ed\u0259n s\u00fclh sazi\u015finin yax\u0131n zamanlarda imzalanaca\u011f\u0131na \u00fcmid ifad\u0259 edilib.<\/p>\n<p>Erm\u0259nistan-Az\u0259rbaycan Da\u011fl\u0131q Qaraba\u011f m\u00fcnaqi\u015f\u0259sin\u0259 dair dan\u0131\u015f\u0131qlar prosesinin h\u0259l\u0259 ki, bir n\u0259tic\u0259 verm\u0259diyi, lakin haz\u0131rki dan\u0131\u015f\u0131qlar\u0131n davam etdirilm\u0259sinin vacib oldu\u011fu vur\u011fulan\u0131b, BMT, Avropa \u0130ttifaq\u0131, Avropa \u015euras\u0131 v\u0259 dig\u0259r beyn\u0259lxalq t\u0259\u015fkilatlar t\u0259r\u0259find\u0259n Az\u0259rbaycan\u0131n \u0259razi b\u00fct\u00f6vl\u00fcy\u00fc v\u0259 suverenliyini tan\u0131yan q\u0259tnam\u0259l\u0259rin q\u0259bul edildiyi bildirilib. Eyni zamanda, Az\u0259rbaycan\u0131n i\u015f\u011fal olunmu\u015f torpaqlar\u0131n\u0131n geri qaytar\u0131lmas\u0131 \u00fc\u00e7\u00fcn beyn\u0259lxalq t\u0259\u015fkilatlar\u0131n Erm\u0259nistana t\u0259zyiq g\u00f6st\u0259rm\u0259sinin vacibliyi diqq\u0259t\u0259 \u00e7atd\u0131r\u0131l\u0131b.axar.az<\/p>\n","protected":false},"excerpt":{"rendered":"<p>AB\u015e-\u0131n n\u00fcfuzlu \u201cVa\u015finqton Tayms\u201d q\u0259zetinin m\u00fcxbiri Monika Krouli v\u0259 tan\u0131nm\u0131\u015f 77WABC radiosunun apar\u0131c\u0131s\u0131 Con Ba\u00e7elor Az\u0259rbaycan\u0131n Da\u011fl\u0131q Qaraba\u011f b\u00f6lg\u0259sinin az\u0259rbaycanl\u0131 icmas\u0131n\u0131n r\u0259hb\u0259ri Tural G\u0259nc\u0259liyevd\u0259n m\u00fcsahib\u0259 al\u0131b. Con Ba\u00e7elor t\u0259r\u0259find\u0259n apar\u0131lan radio proqram\u0131 t\u0259kc\u0259 AB\u015e-da deyil, beyn\u0259lxalq al\u0259md\u0259 d\u0259 geni\u015f auditoriyaya malik siyasi \u015fou proqram kimi tan\u0131n\u0131r. ARANTV.AZ\u00a0 x\u0259b\u0259r verir ki, m\u00fcsahib\u0259 zaman\u0131 erm\u0259ni separat\u00e7\u0131lar\u0131n\u0131n h\u0259l\u0259 sovet hakimiyy\u0259ti d\u00f6vr\u00fcnd\u0259 Az\u0259rbaycana qar\u015f\u0131 \u0259razi iddialar\u0131 ir\u0259li s\u00fcrd\u00fckl\u0259ri, Sovet \u0130ttifaq\u0131 da\u011f\u0131ld\u0131qdan sonra Erm\u0259nistan qo\u015funlar\u0131n\u0131n Az\u0259rbaycan\u0131n Da\u011fl\u0131q Qaraba\u011f v\u0259 \u0259traf yeddi rayonunu i\u015f\u011fal etdikl\u0259ri, h\u0259min \u0259razil\u0259rd\u0259 ya\u015fayan az\u0259rbaycanl\u0131lara qar\u015f\u0131 etnik t\u0259mizl\u0259m\u0259 siyas\u0259ti h\u0259yata ke\u00e7irdikl\u0259ri diqq\u0259t\u0259&hellip;<\/p>\n","protected":false},"author":2,"featured_media":47092,"comment_status":"closed","ping_status":"closed","sticky":false,"template":"","format":"standard","meta":{"om_disable_all_campaigns":false,"_monsterinsights_skip_tracking":false,"_monsterinsights_sitenote_active":false,"_monsterinsights_sitenote_note":"","_monsterinsights_sitenote_category":0},"categories":[19],"tags":[],"aioseo_notices":[],"gutentor_comment":0,"rttpg_featured_image_url":{"full":["https:\/\/arantv.az\/wp-content\/uploads\/2019\/03\/tural-genceliyev.jpg",800,450,false],"landscape":["https:\/\/arantv.az\/wp-content\/uploads\/2019\/03\/tural-genceliyev.jpg",800,450,false],"portraits":["https:\/\/arantv.az\/wp-content\/uploads\/2019\/03\/tural-genceliyev.jpg",800,450,false],"thumbnail":["https:\/\/arantv.az\/wp-content\/uploads\/2019\/03\/tural-genceliyev-150x150.jpg",150,150,true],"medium":["https:\/\/arantv.az\/wp-content\/uploads\/2019\/03\/tural-genceliyev-300x169.jpg",300,169,true],"large":["https:\/\/arantv.az\/wp-content\/uploads\/2019\/03\/tural-genceliyev.jpg",640,360,false],"1536x1536":["https:\/\/arantv.az\/wp-content\/uploads\/2019\/03\/tural-genceliyev.jpg",800,450,false],"2048x2048":["https:\/\/arantv.az\/wp-content\/uploads\/2019\/03\/tural-genceliyev.jpg",800,450,false],"post-thumbnail":["https:\/\/arantv.az\/wp-content\/uploads\/2019\/03\/tural-genceliyev-240x172.jpg",240,172,true],"advps-thumb-one":["https:\/\/arantv.az\/wp-content\/uploads\/2019\/03\/tural-genceliyev.jpg",800,450,false]},"rttpg_author":{"display_name":"V\u00fcsal Rafiqo\u011flu","author_link":"https:\/\/arantv.az\/?author=2"},"rttpg_comment":0,"rttpg_category":"<a href=\"https:\/\/arantv.az\/?cat=19\" rel=\"category\">G\u00fcnd\u0259m<\/a>","rttpg_excerpt":"AB\u015e-\u0131n n\u00fcfuzlu \u201cVa\u015finqton Tayms\u201d q\u0259zetinin m\u00fcxbiri Monika Krouli v\u0259 tan\u0131nm\u0131\u015f 77WABC radiosunun apar\u0131c\u0131s\u0131 Con Ba\u00e7elor Az\u0259rbaycan\u0131n Da\u011fl\u0131q Qaraba\u011f b\u00f6lg\u0259sinin az\u0259rbaycanl\u0131 icmas\u0131n\u0131n r\u0259hb\u0259ri Tural G\u0259nc\u0259liyevd\u0259n m\u00fcsahib\u0259 al\u0131b. Con Ba\u00e7elor t\u0259r\u0259find\u0259n apar\u0131lan radio proqram\u0131 t\u0259kc\u0259 AB\u015e-da deyil, beyn\u0259lxalq al\u0259md\u0259 d\u0259 geni\u015f auditoriyaya malik siyasi \u015fou proqram kimi tan\u0131n\u0131r. ARANTV.AZ\u00a0 x\u0259b\u0259r verir ki, m\u00fcsahib\u0259 zaman\u0131 erm\u0259ni separat\u00e7\u0131lar\u0131n\u0131n h\u0259l\u0259&hellip;","_links":{"self":[{"href":"https:\/\/arantv.az\/index.php?rest_route=\/wp\/v2\/posts\/47091"}],"collection":[{"href":"https:\/\/arantv.az\/index.php?rest_route=\/wp\/v2\/posts"}],"about":[{"href":"https:\/\/arantv.az\/index.php?rest_route=\/wp\/v2\/types\/post"}],"author":[{"embeddable":true,"href":"https:\/\/arantv.az\/index.php?rest_route=\/wp\/v2\/users\/2"}],"replies":[{"embeddable":true,"href":"https:\/\/arantv.az\/index.php?rest_route=%2Fwp%2Fv2%2Fcomments&post=47091"}],"version-history":[{"count":0,"href":"https:\/\/arantv.az\/index.php?rest_route=\/wp\/v2\/posts\/47091\/revisions"}],"wp:featuredmedia":[{"embeddable":true,"href":"https:\/\/arantv.az\/index.php?rest_route=\/wp\/v2\/media\/47092"}],"wp:attachment":[{"href":"https:\/\/arantv.az\/index.php?rest_route=%2Fwp%2Fv2%2Fmedia&parent=47091"}],"wp:term":[{"taxonomy":"category","embeddable":true,"href":"https:\/\/arantv.az\/index.php?rest_route=%2Fwp%2Fv2%2Fcategories&post=47091"},{"taxonomy":"post_tag","embeddable":true,"href":"https:\/\/arantv.az\/index.php?rest_route=%2Fwp%2Fv2%2Ftags&post=47091"}],"curies":[{"name":"wp","href":"https:\/\/api.w.org\/{rel}","templated":true}]}}