{"id":47101,"date":"2019-03-25T11:14:35","date_gmt":"2019-03-25T08:14:35","guid":{"rendered":"http:\/\/arantv.az\/?p=47101"},"modified":"2019-03-25T11:14:35","modified_gmt":"2019-03-25T08:14:35","slug":"iranda-benzin-borusu-yanir","status":"publish","type":"post","link":"https:\/\/arantv.az\/?p=47101","title":{"rendered":"\u0130randa benzin borusu yan\u0131r"},"content":{"rendered":"<p>\u0130ran\u0131n c\u0259nubunda, Xuzistan vilay\u0259tind\u0259n paytaxt Tehrana benzinin n\u0259ql olundu\u011fu borunun \u015eu\u015f rayonundan ke\u00e7\u0259n hiss\u0259sind\u0259 yan\u011f\u0131n ba\u015f verib.<\/p>\n<p><strong>ARANTV.AZ<\/strong>\u00a0<a href=\"http:\/\/az.trend.az\/\" target=\"_blank\" rel=\"noopener\"><span style=\"color: #000000;\">Trend<\/span><\/a>-\u0259 istinad\u0259n bildirir ki, bunu \u0130ran\u0131n Xuzistan vilay\u0259ti \u015eu\u015f rayon qubernatoru Adnan Q\u0259zi \u0130RNA-ya a\u00e7\u0131qlamas\u0131nda deyib.<\/p>\n<p>A.Q\u0259zi bildirib ki, yerli vaxtla saat 09:30-da boru k\u0259m\u0259rind\u0259 \u00e7\u00fcr\u00fcm\u0259 v\u0259 de\u015film\u0259 s\u0259b\u0259bind\u0259n partlay\u0131\u015f ba\u015f verib.<\/p>\n<div id=\"AdributorNativeVideo0\" class=\"AdributorNativeVideo\"><\/div>\n<p>O \u0259lav\u0259 edib ki, hadis\u0259 yerin\u0259 yan\u011f\u0131ns\u00f6nd\u00fcrm\u0259 briqadalar\u0131 ezam olunub: &#8220;Yan\u011f\u0131n\u0131n s\u00f6nd\u00fcr\u00fclm\u0259si istiqam\u0259tind\u0259 i\u015fl\u0259r davam etdirilir&#8221;.<\/p>\n","protected":false},"excerpt":{"rendered":"<p>\u0130ran\u0131n c\u0259nubunda, Xuzistan vilay\u0259tind\u0259n paytaxt Tehrana benzinin n\u0259ql olundu\u011fu borunun \u015eu\u015f rayonundan ke\u00e7\u0259n hiss\u0259sind\u0259 yan\u011f\u0131n ba\u015f verib. ARANTV.AZ\u00a0Trend-\u0259 istinad\u0259n bildirir ki, bunu \u0130ran\u0131n Xuzistan vilay\u0259ti \u015eu\u015f rayon qubernatoru Adnan Q\u0259zi \u0130RNA-ya a\u00e7\u0131qlamas\u0131nda deyib. A.Q\u0259zi bildirib ki, yerli vaxtla saat 09:30-da boru k\u0259m\u0259rind\u0259 \u00e7\u00fcr\u00fcm\u0259 v\u0259 de\u015film\u0259 s\u0259b\u0259bind\u0259n partlay\u0131\u015f ba\u015f verib. O \u0259lav\u0259 edib ki, hadis\u0259 yerin\u0259 yan\u011f\u0131ns\u00f6nd\u00fcrm\u0259 briqadalar\u0131 ezam olunub: &#8220;Yan\u011f\u0131n\u0131n s\u00f6nd\u00fcr\u00fclm\u0259si istiqam\u0259tind\u0259 i\u015fl\u0259r davam etdirilir&#8221;.<\/p>\n","protected":false},"author":2,"featured_media":47102,"comment_status":"closed","ping_status":"closed","sticky":false,"template":"","format":"standard","meta":{"om_disable_all_campaigns":false,"_monsterinsights_skip_tracking":false,"_monsterinsights_sitenote_active":false,"_monsterinsights_sitenote_note":"","_monsterinsights_sitenote_category":0},"categories":[7],"tags":[],"aioseo_notices":[],"gutentor_comment":0,"rttpg_featured_image_url":{"full":["https:\/\/arantv.az\/wp-content\/uploads\/2019\/03\/741489.jpg",800,600,false],"landscape":["https:\/\/arantv.az\/wp-content\/uploads\/2019\/03\/741489.jpg",800,600,false],"portraits":["https:\/\/arantv.az\/wp-content\/uploads\/2019\/03\/741489.jpg",800,600,false],"thumbnail":["https:\/\/arantv.az\/wp-content\/uploads\/2019\/03\/741489-150x150.jpg",150,150,true],"medium":["https:\/\/arantv.az\/wp-content\/uploads\/2019\/03\/741489-300x225.jpg",300,225,true],"large":["https:\/\/arantv.az\/wp-content\/uploads\/2019\/03\/741489.jpg",640,480,false],"1536x1536":["https:\/\/arantv.az\/wp-content\/uploads\/2019\/03\/741489.jpg",800,600,false],"2048x2048":["https:\/\/arantv.az\/wp-content\/uploads\/2019\/03\/741489.jpg",800,600,false],"post-thumbnail":["https:\/\/arantv.az\/wp-content\/uploads\/2019\/03\/741489-240x172.jpg",240,172,true],"advps-thumb-one":["https:\/\/arantv.az\/wp-content\/uploads\/2019\/03\/741489.jpg",800,600,false]},"rttpg_author":{"display_name":"V\u00fcsal Rafiqo\u011flu","author_link":"https:\/\/arantv.az\/?author=2"},"rttpg_comment":0,"rttpg_category":"<a href=\"https:\/\/arantv.az\/?cat=7\" rel=\"category\">D\u00fcnya<\/a>","rttpg_excerpt":"\u0130ran\u0131n c\u0259nubunda, Xuzistan vilay\u0259tind\u0259n paytaxt Tehrana benzinin n\u0259ql olundu\u011fu borunun \u015eu\u015f rayonundan ke\u00e7\u0259n hiss\u0259sind\u0259 yan\u011f\u0131n ba\u015f verib. ARANTV.AZ\u00a0Trend-\u0259 istinad\u0259n bildirir ki, bunu \u0130ran\u0131n Xuzistan vilay\u0259ti \u015eu\u015f rayon qubernatoru Adnan Q\u0259zi \u0130RNA-ya a\u00e7\u0131qlamas\u0131nda deyib. A.Q\u0259zi bildirib ki, yerli vaxtla saat 09:30-da boru k\u0259m\u0259rind\u0259 \u00e7\u00fcr\u00fcm\u0259 v\u0259 de\u015film\u0259 s\u0259b\u0259bind\u0259n partlay\u0131\u015f ba\u015f verib. O \u0259lav\u0259 edib ki, hadis\u0259 yerin\u0259&hellip;","_links":{"self":[{"href":"https:\/\/arantv.az\/index.php?rest_route=\/wp\/v2\/posts\/47101"}],"collection":[{"href":"https:\/\/arantv.az\/index.php?rest_route=\/wp\/v2\/posts"}],"about":[{"href":"https:\/\/arantv.az\/index.php?rest_route=\/wp\/v2\/types\/post"}],"author":[{"embeddable":true,"href":"https:\/\/arantv.az\/index.php?rest_route=\/wp\/v2\/users\/2"}],"replies":[{"embeddable":true,"href":"https:\/\/arantv.az\/index.php?rest_route=%2Fwp%2Fv2%2Fcomments&post=47101"}],"version-history":[{"count":0,"href":"https:\/\/arantv.az\/index.php?rest_route=\/wp\/v2\/posts\/47101\/revisions"}],"wp:featuredmedia":[{"embeddable":true,"href":"https:\/\/arantv.az\/index.php?rest_route=\/wp\/v2\/media\/47102"}],"wp:attachment":[{"href":"https:\/\/arantv.az\/index.php?rest_route=%2Fwp%2Fv2%2Fmedia&parent=47101"}],"wp:term":[{"taxonomy":"category","embeddable":true,"href":"https:\/\/arantv.az\/index.php?rest_route=%2Fwp%2Fv2%2Fcategories&post=47101"},{"taxonomy":"post_tag","embeddable":true,"href":"https:\/\/arantv.az\/index.php?rest_route=%2Fwp%2Fv2%2Ftags&post=47101"}],"curies":[{"name":"wp","href":"https:\/\/api.w.org\/{rel}","templated":true}]}}