{"id":47104,"date":"2019-03-25T11:16:25","date_gmt":"2019-03-25T08:16:25","guid":{"rendered":"http:\/\/arantv.az\/?p=47104"},"modified":"2019-03-25T11:16:25","modified_gmt":"2019-03-25T08:16:25","slug":"bakida-h%c9%99kim-oglu-hakim-oglunun-olumun%c9%99-s%c9%99b%c9%99b-oldu","status":"publish","type":"post","link":"https:\/\/arantv.az\/?p=47104","title":{"rendered":"Bak\u0131da h\u0259kim o\u011flu hakim o\u011flunun \u00f6l\u00fcm\u00fcn\u0259 s\u0259b\u0259b oldu"},"content":{"rendered":"<p>Hakim o\u011flunun \u00f6l\u00fcm\u00fcnd\u0259 t\u0259qsirli bilin\u0259r\u0259k azadl\u0131qdan m\u0259hrum edil\u0259n h\u0259kim o\u011flu c\u0259zas\u0131n\u0131n azald\u0131lmas\u0131 \u00fc\u00e7\u00fcn Ali M\u0259hk\u0259m\u0259y\u0259 m\u00fcraci\u0259t edib.<br \/>\n<b>ARANTV.AZ\u00a0<\/b>&#8220;\u00d6lk\u0259.Az&#8221;a istinad\u0259n x\u0259b\u0259r verir ki, cinay\u0259t m\u0259c\u0259ll\u0259sinin 263-1.3-c\u00fc madd\u0259si il\u0259 m\u0259hkum olunan K\u0259rimov R\u0259him Y\u00fczasif o\u011flunun m\u0259hk\u0259m\u0259 prosesi mart ay\u0131n\u0131n 27-d\u0259 hakim \u018fli Seyf\u0259liyevin s\u0259drliyi il\u0259 ke\u00e7iril\u0259c\u0259k.<\/p>\n<p>Xat\u0131rladaq ki, 2017-ci ilin fevral ay\u0131nda Bak\u0131 A\u011f\u0131r Cinay\u0259tl\u0259r M\u0259hk\u0259m\u0259sind\u0259 Bak\u0131 H\u0259rbi M\u0259hk\u0259m\u0259sinin hakimi Elb\u0259y Allahverdiyevin o\u011flu R\u00fcf\u0259t Allahverdiyevi avtomobill\u0259 vuraraq \u00f6ld\u00fcrm\u0259kd\u0259 t\u0259qsirl\u0259ndiril\u0259n R\u0259him K\u0259rimovun cinay\u0259t i\u015fi \u00fczr\u0259 m\u0259hk\u0259m\u0259nin n\u00f6vb\u0259ti iclas\u0131 ke\u00e7irilib. Hakim S\u0259buhi H\u00fcseynovun s\u0259drliyi il\u0259 ke\u00e7iril\u0259n prosesd\u0259 o, 7 il m\u00fcdd\u0259tin\u0259 azadl\u0131qdan m\u0259hrum edilib.<\/p>\n<div id=\"AdributorNativeVideo0\" class=\"AdributorNativeVideo\"><\/div>\n<p>Qeyd ed\u0259k ki, hadis\u0259 2016-c\u0131 ilin may ay\u0131n\u0131n 11-d\u0259 saat 03:00 rad\u0259l\u0259rind\u0259 N\u0259simi rayonunun B\u00fclb\u00fcl prospektind\u0259 ba\u015f verib. Bak\u0131 \u015f\u0259h\u0259r sakini R.K\u0259rimov idar\u0259 etdiyi &#8220;Mercedes&#8221; markal\u0131 avtomobil piyada R.Allahverdiyevi vurub. Yaral\u0131 x\u0259st\u0259xanaya \u00e7atd\u0131r\u0131lsa da, onun h\u0259yat\u0131n\u0131 xilas etm\u0259k m\u00fcmk\u00fcn olmay\u0131b. R.Allahverdiyev x\u0259st\u0259xanad d\u00fcnyas\u0131n\u0131 d\u0259yi\u015fib.<\/p>\n<p>Hadis\u0259d\u0259n sonra R.K\u0259rimov N\u0259simi Rayon Polis \u0130dar\u0259sinin \u0259m\u0259kda\u015flar\u0131 t\u0259r\u0259find\u0259n saxlan\u0131l\u0131b.<\/p>\n<p>Faktla ba\u011fl\u0131 N\u0259simi Rayon Polis \u0130dar\u0259sind\u0259 Cinay\u0259t M\u0259c\u0259ll\u0259sinin 267.1-ci (s\u0259rni\u015fin, piyada v\u0259 ya yol h\u0259r\u0259k\u0259tinin dig\u0259r i\u015ftirak\u00e7\u0131lar\u0131 (bu M\u0259c\u0259ll\u0259nin 263-264 madd\u0259l\u0259rind\u0259 n\u0259z\u0259rd\u0259 tutulmu\u015f \u015f\u0259xsl\u0259r istisna olmaqla) t\u0259r\u0259find\u0259n yol h\u0259r\u0259k\u0259ti v\u0259 ya n\u0259qliyyat vasit\u0259l\u0259rinin istismar\u0131 qaydalar\u0131n\u0131n pozulmas\u0131, ehtiyats\u0131zl\u0131qdan z\u0259r\u0259r\u00e7\u0259kmi\u015f \u015f\u0259xsin sa\u011flaml\u0131\u011f\u0131na az a\u011f\u0131r v\u0259 ya a\u011f\u0131r z\u0259r\u0259r vurulmas\u0131na s\u0259b\u0259b olduqda) madd\u0259si il\u0259 cinay\u0259t i\u015fi ba\u015flan\u0131b.<\/p>\n<p>Bak\u0131 H\u0259rbi M\u0259hk\u0259m\u0259sinin hakimi Elb\u0259y Allahverdiyevin o\u011flu olan 19 ya\u015fl\u0131 R.Allahverdiyev Az\u0259rbaycan Diplomatik Akademiyas\u0131n\u0131n (ADA) 3-c\u00fc kurs t\u0259l\u0259b\u0259si olub. Hadis\u0259ni t\u00f6r\u0259d\u0259n \u015f\u0259xs R.K\u0259rimovun atas\u0131 Y\u00fczasif K\u0259rimov Respublika Kliniki X\u0259st\u0259xanan\u0131n ba\u015f h\u0259kimi v\u0259zif\u0259sind\u0259 \u00e7al\u0131\u015f\u0131b.<\/p>\n","protected":false},"excerpt":{"rendered":"<p>Hakim o\u011flunun \u00f6l\u00fcm\u00fcnd\u0259 t\u0259qsirli bilin\u0259r\u0259k azadl\u0131qdan m\u0259hrum edil\u0259n h\u0259kim o\u011flu c\u0259zas\u0131n\u0131n azald\u0131lmas\u0131 \u00fc\u00e7\u00fcn Ali M\u0259hk\u0259m\u0259y\u0259 m\u00fcraci\u0259t edib. ARANTV.AZ\u00a0&#8220;\u00d6lk\u0259.Az&#8221;a istinad\u0259n x\u0259b\u0259r verir ki, cinay\u0259t m\u0259c\u0259ll\u0259sinin 263-1.3-c\u00fc madd\u0259si il\u0259 m\u0259hkum olunan K\u0259rimov R\u0259him Y\u00fczasif o\u011flunun m\u0259hk\u0259m\u0259 prosesi mart ay\u0131n\u0131n 27-d\u0259 hakim \u018fli Seyf\u0259liyevin s\u0259drliyi il\u0259 ke\u00e7iril\u0259c\u0259k. Xat\u0131rladaq ki, 2017-ci ilin fevral ay\u0131nda Bak\u0131 A\u011f\u0131r Cinay\u0259tl\u0259r M\u0259hk\u0259m\u0259sind\u0259 Bak\u0131 H\u0259rbi M\u0259hk\u0259m\u0259sinin hakimi Elb\u0259y Allahverdiyevin o\u011flu R\u00fcf\u0259t Allahverdiyevi avtomobill\u0259 vuraraq \u00f6ld\u00fcrm\u0259kd\u0259 t\u0259qsirl\u0259ndiril\u0259n R\u0259him K\u0259rimovun cinay\u0259t i\u015fi \u00fczr\u0259 m\u0259hk\u0259m\u0259nin n\u00f6vb\u0259ti iclas\u0131 ke\u00e7irilib. Hakim S\u0259buhi H\u00fcseynovun s\u0259drliyi il\u0259 ke\u00e7iril\u0259n prosesd\u0259 o, 7 il m\u00fcdd\u0259tin\u0259 azadl\u0131qdan m\u0259hrum edilib.&hellip;<\/p>\n","protected":false},"author":2,"featured_media":47105,"comment_status":"closed","ping_status":"closed","sticky":false,"template":"","format":"standard","meta":{"om_disable_all_campaigns":false,"_monsterinsights_skip_tracking":false,"_monsterinsights_sitenote_active":false,"_monsterinsights_sitenote_note":"","_monsterinsights_sitenote_category":0},"categories":[5],"tags":[],"aioseo_notices":[],"gutentor_comment":0,"rttpg_featured_image_url":{"full":["https:\/\/arantv.az\/wp-content\/uploads\/2019\/03\/5d1151fb-92f6-4a76-a19a-e3789b9c774c_860.jpg",549,366,false],"landscape":["https:\/\/arantv.az\/wp-content\/uploads\/2019\/03\/5d1151fb-92f6-4a76-a19a-e3789b9c774c_860.jpg",549,366,false],"portraits":["https:\/\/arantv.az\/wp-content\/uploads\/2019\/03\/5d1151fb-92f6-4a76-a19a-e3789b9c774c_860.jpg",549,366,false],"thumbnail":["https:\/\/arantv.az\/wp-content\/uploads\/2019\/03\/5d1151fb-92f6-4a76-a19a-e3789b9c774c_860-150x150.jpg",150,150,true],"medium":["https:\/\/arantv.az\/wp-content\/uploads\/2019\/03\/5d1151fb-92f6-4a76-a19a-e3789b9c774c_860-300x200.jpg",300,200,true],"large":["https:\/\/arantv.az\/wp-content\/uploads\/2019\/03\/5d1151fb-92f6-4a76-a19a-e3789b9c774c_860.jpg",549,366,false],"1536x1536":["https:\/\/arantv.az\/wp-content\/uploads\/2019\/03\/5d1151fb-92f6-4a76-a19a-e3789b9c774c_860.jpg",549,366,false],"2048x2048":["https:\/\/arantv.az\/wp-content\/uploads\/2019\/03\/5d1151fb-92f6-4a76-a19a-e3789b9c774c_860.jpg",549,366,false],"post-thumbnail":["https:\/\/arantv.az\/wp-content\/uploads\/2019\/03\/5d1151fb-92f6-4a76-a19a-e3789b9c774c_860-240x172.jpg",240,172,true],"advps-thumb-one":["https:\/\/arantv.az\/wp-content\/uploads\/2019\/03\/5d1151fb-92f6-4a76-a19a-e3789b9c774c_860.jpg",549,366,false]},"rttpg_author":{"display_name":"V\u00fcsal Rafiqo\u011flu","author_link":"https:\/\/arantv.az\/?author=2"},"rttpg_comment":0,"rttpg_category":"<a href=\"https:\/\/arantv.az\/?cat=5\" rel=\"category\">Hadis\u0259<\/a>","rttpg_excerpt":"Hakim o\u011flunun \u00f6l\u00fcm\u00fcnd\u0259 t\u0259qsirli bilin\u0259r\u0259k azadl\u0131qdan m\u0259hrum edil\u0259n h\u0259kim o\u011flu c\u0259zas\u0131n\u0131n azald\u0131lmas\u0131 \u00fc\u00e7\u00fcn Ali M\u0259hk\u0259m\u0259y\u0259 m\u00fcraci\u0259t edib. ARANTV.AZ\u00a0&#8220;\u00d6lk\u0259.Az&#8221;a istinad\u0259n x\u0259b\u0259r verir ki, cinay\u0259t m\u0259c\u0259ll\u0259sinin 263-1.3-c\u00fc madd\u0259si il\u0259 m\u0259hkum olunan K\u0259rimov R\u0259him Y\u00fczasif o\u011flunun m\u0259hk\u0259m\u0259 prosesi mart ay\u0131n\u0131n 27-d\u0259 hakim \u018fli Seyf\u0259liyevin s\u0259drliyi il\u0259 ke\u00e7iril\u0259c\u0259k. Xat\u0131rladaq ki, 2017-ci ilin fevral ay\u0131nda Bak\u0131 A\u011f\u0131r Cinay\u0259tl\u0259r M\u0259hk\u0259m\u0259sind\u0259 Bak\u0131&hellip;","_links":{"self":[{"href":"https:\/\/arantv.az\/index.php?rest_route=\/wp\/v2\/posts\/47104"}],"collection":[{"href":"https:\/\/arantv.az\/index.php?rest_route=\/wp\/v2\/posts"}],"about":[{"href":"https:\/\/arantv.az\/index.php?rest_route=\/wp\/v2\/types\/post"}],"author":[{"embeddable":true,"href":"https:\/\/arantv.az\/index.php?rest_route=\/wp\/v2\/users\/2"}],"replies":[{"embeddable":true,"href":"https:\/\/arantv.az\/index.php?rest_route=%2Fwp%2Fv2%2Fcomments&post=47104"}],"version-history":[{"count":0,"href":"https:\/\/arantv.az\/index.php?rest_route=\/wp\/v2\/posts\/47104\/revisions"}],"wp:featuredmedia":[{"embeddable":true,"href":"https:\/\/arantv.az\/index.php?rest_route=\/wp\/v2\/media\/47105"}],"wp:attachment":[{"href":"https:\/\/arantv.az\/index.php?rest_route=%2Fwp%2Fv2%2Fmedia&parent=47104"}],"wp:term":[{"taxonomy":"category","embeddable":true,"href":"https:\/\/arantv.az\/index.php?rest_route=%2Fwp%2Fv2%2Fcategories&post=47104"},{"taxonomy":"post_tag","embeddable":true,"href":"https:\/\/arantv.az\/index.php?rest_route=%2Fwp%2Fv2%2Ftags&post=47104"}],"curies":[{"name":"wp","href":"https:\/\/api.w.org\/{rel}","templated":true}]}}