{"id":47110,"date":"2019-03-25T11:23:08","date_gmt":"2019-03-25T08:23:08","guid":{"rendered":"http:\/\/arantv.az\/?p=47110"},"modified":"2019-03-25T11:23:08","modified_gmt":"2019-03-25T08:23:08","slug":"az%c9%99rbaycanda-g%c9%99nc-qadin-intihar-etdi","status":"publish","type":"post","link":"https:\/\/arantv.az\/?p=47110","title":{"rendered":"Az\u0259rbaycanda g\u0259nc qad\u0131n intihar etdi"},"content":{"rendered":"<p>K\u00fcrd\u0259mir rayonunda intihar hadis\u0259si ba\u015f verib.<\/p>\n<p>Hadis\u0259 rayonun Pirili k\u0259ndind\u0259 qeyd\u0259 al\u0131n\u0131b.<\/p>\n<div class=\"AdributorNativeVideo\"><\/div>\n<p>Bel\u0259 ki, rayon sakini 1991-ci il t\u0259v\u0259ll\u00fcdl\u00fc S\u0259f\u0259rova G\u00fclnar\u0259 \u018fliyar q\u0131z\u0131 \u00f6z\u00fcn\u00fc asaraq \u00f6ld\u00fcr\u00fcb.<\/p>\n<p>Hadis\u0259nin hans\u0131 s\u0259b\u0259bd\u0259n ba\u015f verdiyi m\u0259lum deyil. G.S\u0259f\u0259rovan\u0131n meyiti S\u0259hiyy\u0259 Nazirliyinin M\u0259hk\u0259m\u0259 Tibbi Ekspertiza v\u0259 Patoloji Anatomiya Birliyinin K\u00fcrd\u0259mir rayon \u015f\u00f6b\u0259sin\u0259 t\u0259hvil verilib.<\/p>\n<p>Faktla ba\u011fl\u0131 K\u00fcrd\u0259mir Rayon Prokurorlu\u011funda Cinay\u0259t M\u0259c\u0259ll\u0259sinin 125-ci madd\u0259si (\u00f6z\u00fcn\u00fc \u00f6ld\u00fcrm\u0259 h\u0259ddin\u0259 \u00e7atd\u0131rma) madd\u0259si il\u0259 cinay\u0259t i\u015fi ba\u015flan\u0131l\u0131b, ara\u015fd\u0131rma apar\u0131l\u0131r.(report.az)<\/p>\n","protected":false},"excerpt":{"rendered":"<p>K\u00fcrd\u0259mir rayonunda intihar hadis\u0259si ba\u015f verib. Hadis\u0259 rayonun Pirili k\u0259ndind\u0259 qeyd\u0259 al\u0131n\u0131b. Bel\u0259 ki, rayon sakini 1991-ci il t\u0259v\u0259ll\u00fcdl\u00fc S\u0259f\u0259rova G\u00fclnar\u0259 \u018fliyar q\u0131z\u0131 \u00f6z\u00fcn\u00fc asaraq \u00f6ld\u00fcr\u00fcb. Hadis\u0259nin hans\u0131 s\u0259b\u0259bd\u0259n ba\u015f verdiyi m\u0259lum deyil. G.S\u0259f\u0259rovan\u0131n meyiti S\u0259hiyy\u0259 Nazirliyinin M\u0259hk\u0259m\u0259 Tibbi Ekspertiza v\u0259 Patoloji Anatomiya Birliyinin K\u00fcrd\u0259mir rayon \u015f\u00f6b\u0259sin\u0259 t\u0259hvil verilib. Faktla ba\u011fl\u0131 K\u00fcrd\u0259mir Rayon Prokurorlu\u011funda Cinay\u0259t M\u0259c\u0259ll\u0259sinin 125-ci madd\u0259si (\u00f6z\u00fcn\u00fc \u00f6ld\u00fcrm\u0259 h\u0259ddin\u0259 \u00e7atd\u0131rma) madd\u0259si il\u0259 cinay\u0259t i\u015fi ba\u015flan\u0131l\u0131b, ara\u015fd\u0131rma apar\u0131l\u0131r.(report.az)<\/p>\n","protected":false},"author":2,"featured_media":47111,"comment_status":"closed","ping_status":"closed","sticky":false,"template":"","format":"standard","meta":{"om_disable_all_campaigns":false,"_monsterinsights_skip_tracking":false,"_monsterinsights_sitenote_active":false,"_monsterinsights_sitenote_note":"","_monsterinsights_sitenote_category":0},"categories":[5],"tags":[],"aioseo_notices":[],"gutentor_comment":0,"rttpg_featured_image_url":{"full":["https:\/\/arantv.az\/wp-content\/uploads\/2019\/03\/qadin_olum_meyit_cesed.jpg",549,364,false],"landscape":["https:\/\/arantv.az\/wp-content\/uploads\/2019\/03\/qadin_olum_meyit_cesed.jpg",549,364,false],"portraits":["https:\/\/arantv.az\/wp-content\/uploads\/2019\/03\/qadin_olum_meyit_cesed.jpg",549,364,false],"thumbnail":["https:\/\/arantv.az\/wp-content\/uploads\/2019\/03\/qadin_olum_meyit_cesed-150x150.jpg",150,150,true],"medium":["https:\/\/arantv.az\/wp-content\/uploads\/2019\/03\/qadin_olum_meyit_cesed-300x199.jpg",300,199,true],"large":["https:\/\/arantv.az\/wp-content\/uploads\/2019\/03\/qadin_olum_meyit_cesed.jpg",549,364,false],"1536x1536":["https:\/\/arantv.az\/wp-content\/uploads\/2019\/03\/qadin_olum_meyit_cesed.jpg",549,364,false],"2048x2048":["https:\/\/arantv.az\/wp-content\/uploads\/2019\/03\/qadin_olum_meyit_cesed.jpg",549,364,false],"post-thumbnail":["https:\/\/arantv.az\/wp-content\/uploads\/2019\/03\/qadin_olum_meyit_cesed-240x172.jpg",240,172,true],"advps-thumb-one":["https:\/\/arantv.az\/wp-content\/uploads\/2019\/03\/qadin_olum_meyit_cesed.jpg",549,364,false]},"rttpg_author":{"display_name":"V\u00fcsal Rafiqo\u011flu","author_link":"https:\/\/arantv.az\/?author=2"},"rttpg_comment":0,"rttpg_category":"<a href=\"https:\/\/arantv.az\/?cat=5\" rel=\"category\">Hadis\u0259<\/a>","rttpg_excerpt":"K\u00fcrd\u0259mir rayonunda intihar hadis\u0259si ba\u015f verib. Hadis\u0259 rayonun Pirili k\u0259ndind\u0259 qeyd\u0259 al\u0131n\u0131b. Bel\u0259 ki, rayon sakini 1991-ci il t\u0259v\u0259ll\u00fcdl\u00fc S\u0259f\u0259rova G\u00fclnar\u0259 \u018fliyar q\u0131z\u0131 \u00f6z\u00fcn\u00fc asaraq \u00f6ld\u00fcr\u00fcb. Hadis\u0259nin hans\u0131 s\u0259b\u0259bd\u0259n ba\u015f verdiyi m\u0259lum deyil. G.S\u0259f\u0259rovan\u0131n meyiti S\u0259hiyy\u0259 Nazirliyinin M\u0259hk\u0259m\u0259 Tibbi Ekspertiza v\u0259 Patoloji Anatomiya Birliyinin K\u00fcrd\u0259mir rayon \u015f\u00f6b\u0259sin\u0259 t\u0259hvil verilib. Faktla ba\u011fl\u0131 K\u00fcrd\u0259mir Rayon Prokurorlu\u011funda Cinay\u0259t&hellip;","_links":{"self":[{"href":"https:\/\/arantv.az\/index.php?rest_route=\/wp\/v2\/posts\/47110"}],"collection":[{"href":"https:\/\/arantv.az\/index.php?rest_route=\/wp\/v2\/posts"}],"about":[{"href":"https:\/\/arantv.az\/index.php?rest_route=\/wp\/v2\/types\/post"}],"author":[{"embeddable":true,"href":"https:\/\/arantv.az\/index.php?rest_route=\/wp\/v2\/users\/2"}],"replies":[{"embeddable":true,"href":"https:\/\/arantv.az\/index.php?rest_route=%2Fwp%2Fv2%2Fcomments&post=47110"}],"version-history":[{"count":0,"href":"https:\/\/arantv.az\/index.php?rest_route=\/wp\/v2\/posts\/47110\/revisions"}],"wp:featuredmedia":[{"embeddable":true,"href":"https:\/\/arantv.az\/index.php?rest_route=\/wp\/v2\/media\/47111"}],"wp:attachment":[{"href":"https:\/\/arantv.az\/index.php?rest_route=%2Fwp%2Fv2%2Fmedia&parent=47110"}],"wp:term":[{"taxonomy":"category","embeddable":true,"href":"https:\/\/arantv.az\/index.php?rest_route=%2Fwp%2Fv2%2Fcategories&post=47110"},{"taxonomy":"post_tag","embeddable":true,"href":"https:\/\/arantv.az\/index.php?rest_route=%2Fwp%2Fv2%2Ftags&post=47110"}],"curies":[{"name":"wp","href":"https:\/\/api.w.org\/{rel}","templated":true}]}}