{"id":47136,"date":"2019-03-25T14:05:30","date_gmt":"2019-03-25T11:05:30","guid":{"rendered":"http:\/\/arantv.az\/?p=47136"},"modified":"2019-03-25T14:05:30","modified_gmt":"2019-03-25T11:05:30","slug":"az%c9%99rbaycanlilardan-irandaki-f%c9%99lak%c9%99tl%c9%99-bagli-muhum-addim","status":"publish","type":"post","link":"https:\/\/arantv.az\/?p=47136","title":{"rendered":"Az\u0259rbaycanl\u0131lardan \u0130randak\u0131 f\u0259lak\u0259tl\u0259 ba\u011fl\u0131 m\u00fch\u00fcm add\u0131m"},"content":{"rendered":"<p><strong>Novruz bayram\u0131 g\u00fcnl\u0259rind\u0259 \u0130ran\u0131n T\u00fcrkm\u0259ns\u0259hra b\u00f6lg\u0259sini sel b\u00fcr\u00fcm\u0259si v\u0259 \u00f6lk\u0259 r\u0259hb\u0259rliyinin bu m\u0259s\u0259l\u0259y\u0259 laqeyd qalmas\u0131 az\u0259rbaycanl\u0131 f\u0259allar\u0131 h\u0259r\u0259k\u0259t\u0259 g\u0259tirib.<\/strong><\/p>\n<p><strong>ARANTV.AZ<\/strong> axar.az-a istinad\u0259n x\u0259b\u0259r verir ki, G\u00fcney Az\u0259rbaycan\u0131n \u0259ks\u0259r \u015f\u0259h\u0259rl\u0259rind\u0259 yard\u0131m toplama m\u0259rk\u0259zl\u0259ri t\u0259\u015fkil olunub. D\u00f6vl\u0259tin y\u00fcks\u0259k r\u00fctb\u0259li \u015f\u0259xsl\u0259ri b\u00f6lg\u0259y\u0259 getm\u0259diyi bir vaxtda \u018frd\u0259bil \u015f\u0259h\u0259rind\u0259n birinci yard\u0131m karvan\u0131 sel b\u00f6lg\u0259sin\u0259 g\u00f6nd\u0259rilib v\u0259 bu istiqam\u0259td\u0259 f\u0259aliyy\u0259tl\u0259r davam edir.<\/p>\n<p>Az\u0259rbaycanl\u0131 f\u0259allar ox\u015far m\u0259rk\u0259zl\u0259ri Mara\u011fa, Urmiya, Z\u0259ncan, Sulduz, Xoy, Qu\u015f\u00e7u, M\u0259r\u0259nd, Yam\u00e7\u0131, Mak\u0131, Qo\u015fa\u00e7ay, \u015eot, M\u0259likan v\u0259 s. kimi \u015f\u0259h\u0259rl\u0259rd\u0259 yarad\u0131blar.<\/p>\n<div id=\"AdributorNativeVideo0\" class=\"AdributorNativeVideo\"><\/div>\n<p>F\u0259allarla yana\u015f\u0131 bir \u00e7ox pe\u015f\u0259 adamlar\u0131, o c\u00fcml\u0259d\u0259n idman\u00e7\u0131lar da yard\u0131m aksiyas\u0131na bigan\u0259 yana\u015fmay\u0131b. G\u00fcneyli idman\u00e7\u0131 Mustafa Quluzad\u04d9 t\u00fcrkm\u04d9n soyda\u015flar\u0131m\u0131za d\u04d9st\u04d9k \u00e7a\u011fr\u0131\u015f\u0131 yay\u0131b.<\/p>\n<p>Artan yard\u0131mlar t\u00fcrkm\u0259nl\u0259rin g\u00fcz\u0259ran\u0131na az da olsa t\u0259sirini g\u00f6st\u0259rir.<\/p>\n","protected":false},"excerpt":{"rendered":"<p>Novruz bayram\u0131 g\u00fcnl\u0259rind\u0259 \u0130ran\u0131n T\u00fcrkm\u0259ns\u0259hra b\u00f6lg\u0259sini sel b\u00fcr\u00fcm\u0259si v\u0259 \u00f6lk\u0259 r\u0259hb\u0259rliyinin bu m\u0259s\u0259l\u0259y\u0259 laqeyd qalmas\u0131 az\u0259rbaycanl\u0131 f\u0259allar\u0131 h\u0259r\u0259k\u0259t\u0259 g\u0259tirib. ARANTV.AZ axar.az-a istinad\u0259n x\u0259b\u0259r verir ki, G\u00fcney Az\u0259rbaycan\u0131n \u0259ks\u0259r \u015f\u0259h\u0259rl\u0259rind\u0259 yard\u0131m toplama m\u0259rk\u0259zl\u0259ri t\u0259\u015fkil olunub. D\u00f6vl\u0259tin y\u00fcks\u0259k r\u00fctb\u0259li \u015f\u0259xsl\u0259ri b\u00f6lg\u0259y\u0259 getm\u0259diyi bir vaxtda \u018frd\u0259bil \u015f\u0259h\u0259rind\u0259n birinci yard\u0131m karvan\u0131 sel b\u00f6lg\u0259sin\u0259 g\u00f6nd\u0259rilib v\u0259 bu istiqam\u0259td\u0259 f\u0259aliyy\u0259tl\u0259r davam edir. Az\u0259rbaycanl\u0131 f\u0259allar ox\u015far m\u0259rk\u0259zl\u0259ri Mara\u011fa, Urmiya, Z\u0259ncan, Sulduz, Xoy, Qu\u015f\u00e7u, M\u0259r\u0259nd, Yam\u00e7\u0131, Mak\u0131, Qo\u015fa\u00e7ay, \u015eot, M\u0259likan v\u0259 s. kimi \u015f\u0259h\u0259rl\u0259rd\u0259 yarad\u0131blar. F\u0259allarla yana\u015f\u0131 bir \u00e7ox pe\u015f\u0259 adamlar\u0131, o c\u00fcml\u0259d\u0259n idman\u00e7\u0131lar da yard\u0131m aksiyas\u0131na bigan\u0259&hellip;<\/p>\n","protected":false},"author":2,"featured_media":47137,"comment_status":"closed","ping_status":"closed","sticky":false,"template":"","format":"standard","meta":{"om_disable_all_campaigns":false,"_monsterinsights_skip_tracking":false,"_monsterinsights_sitenote_active":false,"_monsterinsights_sitenote_note":"","_monsterinsights_sitenote_category":0},"categories":[1],"tags":[],"aioseo_notices":[],"gutentor_comment":0,"rttpg_featured_image_url":{"full":["https:\/\/arantv.az\/wp-content\/uploads\/2019\/03\/741514.jpg",800,600,false],"landscape":["https:\/\/arantv.az\/wp-content\/uploads\/2019\/03\/741514.jpg",800,600,false],"portraits":["https:\/\/arantv.az\/wp-content\/uploads\/2019\/03\/741514.jpg",800,600,false],"thumbnail":["https:\/\/arantv.az\/wp-content\/uploads\/2019\/03\/741514-150x150.jpg",150,150,true],"medium":["https:\/\/arantv.az\/wp-content\/uploads\/2019\/03\/741514-300x225.jpg",300,225,true],"large":["https:\/\/arantv.az\/wp-content\/uploads\/2019\/03\/741514.jpg",640,480,false],"1536x1536":["https:\/\/arantv.az\/wp-content\/uploads\/2019\/03\/741514.jpg",800,600,false],"2048x2048":["https:\/\/arantv.az\/wp-content\/uploads\/2019\/03\/741514.jpg",800,600,false],"post-thumbnail":["https:\/\/arantv.az\/wp-content\/uploads\/2019\/03\/741514-240x172.jpg",240,172,true],"advps-thumb-one":["https:\/\/arantv.az\/wp-content\/uploads\/2019\/03\/741514.jpg",800,600,false]},"rttpg_author":{"display_name":"V\u00fcsal Rafiqo\u011flu","author_link":"https:\/\/arantv.az\/?author=2"},"rttpg_comment":0,"rttpg_category":"<a href=\"https:\/\/arantv.az\/?cat=1\" rel=\"category\">C\u0259miyy\u0259t<\/a>","rttpg_excerpt":"Novruz bayram\u0131 g\u00fcnl\u0259rind\u0259 \u0130ran\u0131n T\u00fcrkm\u0259ns\u0259hra b\u00f6lg\u0259sini sel b\u00fcr\u00fcm\u0259si v\u0259 \u00f6lk\u0259 r\u0259hb\u0259rliyinin bu m\u0259s\u0259l\u0259y\u0259 laqeyd qalmas\u0131 az\u0259rbaycanl\u0131 f\u0259allar\u0131 h\u0259r\u0259k\u0259t\u0259 g\u0259tirib. ARANTV.AZ axar.az-a istinad\u0259n x\u0259b\u0259r verir ki, G\u00fcney Az\u0259rbaycan\u0131n \u0259ks\u0259r \u015f\u0259h\u0259rl\u0259rind\u0259 yard\u0131m toplama m\u0259rk\u0259zl\u0259ri t\u0259\u015fkil olunub. D\u00f6vl\u0259tin y\u00fcks\u0259k r\u00fctb\u0259li \u015f\u0259xsl\u0259ri b\u00f6lg\u0259y\u0259 getm\u0259diyi bir vaxtda \u018frd\u0259bil \u015f\u0259h\u0259rind\u0259n birinci yard\u0131m karvan\u0131 sel b\u00f6lg\u0259sin\u0259 g\u00f6nd\u0259rilib v\u0259 bu istiqam\u0259td\u0259 f\u0259aliyy\u0259tl\u0259r davam&hellip;","_links":{"self":[{"href":"https:\/\/arantv.az\/index.php?rest_route=\/wp\/v2\/posts\/47136"}],"collection":[{"href":"https:\/\/arantv.az\/index.php?rest_route=\/wp\/v2\/posts"}],"about":[{"href":"https:\/\/arantv.az\/index.php?rest_route=\/wp\/v2\/types\/post"}],"author":[{"embeddable":true,"href":"https:\/\/arantv.az\/index.php?rest_route=\/wp\/v2\/users\/2"}],"replies":[{"embeddable":true,"href":"https:\/\/arantv.az\/index.php?rest_route=%2Fwp%2Fv2%2Fcomments&post=47136"}],"version-history":[{"count":0,"href":"https:\/\/arantv.az\/index.php?rest_route=\/wp\/v2\/posts\/47136\/revisions"}],"wp:featuredmedia":[{"embeddable":true,"href":"https:\/\/arantv.az\/index.php?rest_route=\/wp\/v2\/media\/47137"}],"wp:attachment":[{"href":"https:\/\/arantv.az\/index.php?rest_route=%2Fwp%2Fv2%2Fmedia&parent=47136"}],"wp:term":[{"taxonomy":"category","embeddable":true,"href":"https:\/\/arantv.az\/index.php?rest_route=%2Fwp%2Fv2%2Fcategories&post=47136"},{"taxonomy":"post_tag","embeddable":true,"href":"https:\/\/arantv.az\/index.php?rest_route=%2Fwp%2Fv2%2Ftags&post=47136"}],"curies":[{"name":"wp","href":"https:\/\/api.w.org\/{rel}","templated":true}]}}