{"id":47139,"date":"2019-03-25T14:11:57","date_gmt":"2019-03-25T11:11:57","guid":{"rendered":"http:\/\/arantv.az\/?p=47139"},"modified":"2019-03-25T14:11:57","modified_gmt":"2019-03-25T11:11:57","slug":"kecmis-arvadinin-bogazini-k%c9%99s%c9%99n-kisi-ali-m%c9%99hk%c9%99m%c9%99y%c9%99-muraci%c9%99t-etdi","status":"publish","type":"post","link":"https:\/\/arantv.az\/?p=47139","title":{"rendered":"Ke\u00e7mi\u015f arvad\u0131n\u0131n bo\u011faz\u0131n\u0131 k\u0259s\u0259n ki\u015fi Ali M\u0259hk\u0259m\u0259y\u0259 m\u00fcraci\u0259t etdi"},"content":{"rendered":"<p><strong>L\u0259nk\u0259randa ke\u00e7mi\u015f h\u0259yat yolda\u015f\u0131n\u0131 q\u0259tl\u0259 yetirm\u0259kd\u0259 t\u0259qsirli bilin\u0259n H\u0259bibov F\u0259rhad Zaman\u0131 o\u011flu Ali M\u0259hk\u0259m\u0259y\u0259 m\u00fcraci\u0259t edib.<\/strong><\/p>\n<p><strong>ARANTV.AZ\u00a0<\/strong> \u00f6lk\u0259.az-a istinad\u0259n x\u0259b\u0259r verir ki, t\u0259qsirl\u0259ndiril\u0259n F\u0259rhad H\u0259bibovun m\u00fcraci\u0259tin\u0259 aprel ay\u0131n\u0131n 16-da hakim G\u00fclzar Rzayevan\u0131n s\u0259drliyi il\u0259 ke\u00e7iril\u0259n prosesd\u0259 bax\u0131lacaq.<\/p>\n<p>Qeyd ed\u0259k ki,hadis\u0259 2015-ci ilin yanvar\u0131n 4-d\u0259 L\u0259nk\u0259ran rayonun Liman \u015f\u0259h\u0259rind\u0259 qeyd\u0259 al\u0131n\u0131b.<\/p>\n<p>Liman \u015f\u0259h\u0259r sakini, 1960-c\u0131 il t\u0259v\u0259ll\u00fcdl\u00fc F\u0259rhad Zaman o\u011flu H\u0259bibov ail\u0259 m\u00fcnaqi\u015f\u0259si z\u0259minind\u0259 h\u0259yat yolda\u015f\u0131, 1965-ci il t\u0259v\u0259ll\u00fcdl\u00fc Z\u0259min\u0259 \u018fli\u015f q\u0131z\u0131 H\u0259bibovan\u0131n bo\u011faz, qar\u0131n v\u0259 sa\u011f bil\u0259k nahiy\u0259sin\u0259 b\u0131\u00e7aqla z\u0259rb\u0259l\u0259r vurub.<\/p>\n<div id=\"AdributorNativeVideo0\" class=\"AdributorNativeVideo\"><\/div>\n<p>Qad\u0131n a\u011f\u0131r v\u0259ziyy\u0259td\u0259 x\u0259st\u0259xanaya \u00e7atd\u0131r\u0131lsa da, onun h\u0259yat\u0131n\u0131 xilas etm\u0259k m\u00fcmk\u00fcn olmay\u0131b. H\u0259bibov polis \u0259m\u0259kda\u015flar\u0131 t\u0259r\u0259find\u0259n saxlan\u0131l\u0131b.<br \/>\n\u0130lkin dindirilm\u0259 zaman\u0131 saxlan\u0131lan \u015f\u0259xs bildirib ki, arvad\u0131n\u0131 q\u0131sqancl\u0131q z\u0259minind\u0259 \u00f6ld\u00fcr\u00fcb. Guya ki, bir ne\u00e7\u0259 il bundan \u00f6nc\u0259 H\u0259bibova \u0259rin\u0259 ba\u015fqa ki\u015fi il\u0259 x\u0259yan\u0259t edib.<\/p>\n<p>Yaln\u0131z indi k\u00f6hn\u0259 hesablar\u0131 yada salan ki\u015fi, arvad\u0131n\u0131 onu al\u00e7altd\u0131\u011f\u0131na g\u00f6r\u0259 c\u0259zaland\u0131rma\u011f\u0131 q\u0259rara al\u0131b.<\/p>\n","protected":false},"excerpt":{"rendered":"<p>L\u0259nk\u0259randa ke\u00e7mi\u015f h\u0259yat yolda\u015f\u0131n\u0131 q\u0259tl\u0259 yetirm\u0259kd\u0259 t\u0259qsirli bilin\u0259n H\u0259bibov F\u0259rhad Zaman\u0131 o\u011flu Ali M\u0259hk\u0259m\u0259y\u0259 m\u00fcraci\u0259t edib. ARANTV.AZ\u00a0 \u00f6lk\u0259.az-a istinad\u0259n x\u0259b\u0259r verir ki, t\u0259qsirl\u0259ndiril\u0259n F\u0259rhad H\u0259bibovun m\u00fcraci\u0259tin\u0259 aprel ay\u0131n\u0131n 16-da hakim G\u00fclzar Rzayevan\u0131n s\u0259drliyi il\u0259 ke\u00e7iril\u0259n prosesd\u0259 bax\u0131lacaq. Qeyd ed\u0259k ki,hadis\u0259 2015-ci ilin yanvar\u0131n 4-d\u0259 L\u0259nk\u0259ran rayonun Liman \u015f\u0259h\u0259rind\u0259 qeyd\u0259 al\u0131n\u0131b. Liman \u015f\u0259h\u0259r sakini, 1960-c\u0131 il t\u0259v\u0259ll\u00fcdl\u00fc F\u0259rhad Zaman o\u011flu H\u0259bibov ail\u0259 m\u00fcnaqi\u015f\u0259si z\u0259minind\u0259 h\u0259yat yolda\u015f\u0131, 1965-ci il t\u0259v\u0259ll\u00fcdl\u00fc Z\u0259min\u0259 \u018fli\u015f q\u0131z\u0131 H\u0259bibovan\u0131n bo\u011faz, qar\u0131n v\u0259 sa\u011f bil\u0259k nahiy\u0259sin\u0259 b\u0131\u00e7aqla z\u0259rb\u0259l\u0259r vurub. Qad\u0131n a\u011f\u0131r v\u0259ziyy\u0259td\u0259 x\u0259st\u0259xanaya \u00e7atd\u0131r\u0131lsa da, onun h\u0259yat\u0131n\u0131 xilas&hellip;<\/p>\n","protected":false},"author":2,"featured_media":47140,"comment_status":"closed","ping_status":"closed","sticky":false,"template":"","format":"standard","meta":{"om_disable_all_campaigns":false,"_monsterinsights_skip_tracking":false,"_monsterinsights_sitenote_active":false,"_monsterinsights_sitenote_note":"","_monsterinsights_sitenote_category":0},"categories":[3],"tags":[],"aioseo_notices":[],"gutentor_comment":0,"rttpg_featured_image_url":{"full":["https:\/\/arantv.az\/wp-content\/uploads\/2019\/03\/hebs_0145.jpg",800,600,false],"landscape":["https:\/\/arantv.az\/wp-content\/uploads\/2019\/03\/hebs_0145.jpg",800,600,false],"portraits":["https:\/\/arantv.az\/wp-content\/uploads\/2019\/03\/hebs_0145.jpg",800,600,false],"thumbnail":["https:\/\/arantv.az\/wp-content\/uploads\/2019\/03\/hebs_0145-150x150.jpg",150,150,true],"medium":["https:\/\/arantv.az\/wp-content\/uploads\/2019\/03\/hebs_0145-300x225.jpg",300,225,true],"large":["https:\/\/arantv.az\/wp-content\/uploads\/2019\/03\/hebs_0145.jpg",640,480,false],"1536x1536":["https:\/\/arantv.az\/wp-content\/uploads\/2019\/03\/hebs_0145.jpg",800,600,false],"2048x2048":["https:\/\/arantv.az\/wp-content\/uploads\/2019\/03\/hebs_0145.jpg",800,600,false],"post-thumbnail":["https:\/\/arantv.az\/wp-content\/uploads\/2019\/03\/hebs_0145-240x172.jpg",240,172,true],"advps-thumb-one":["https:\/\/arantv.az\/wp-content\/uploads\/2019\/03\/hebs_0145.jpg",800,600,false]},"rttpg_author":{"display_name":"V\u00fcsal Rafiqo\u011flu","author_link":"https:\/\/arantv.az\/?author=2"},"rttpg_comment":0,"rttpg_category":"<a href=\"https:\/\/arantv.az\/?cat=3\" rel=\"category\">Kriminal<\/a>","rttpg_excerpt":"L\u0259nk\u0259randa ke\u00e7mi\u015f h\u0259yat yolda\u015f\u0131n\u0131 q\u0259tl\u0259 yetirm\u0259kd\u0259 t\u0259qsirli bilin\u0259n H\u0259bibov F\u0259rhad Zaman\u0131 o\u011flu Ali M\u0259hk\u0259m\u0259y\u0259 m\u00fcraci\u0259t edib. ARANTV.AZ\u00a0 \u00f6lk\u0259.az-a istinad\u0259n x\u0259b\u0259r verir ki, t\u0259qsirl\u0259ndiril\u0259n F\u0259rhad H\u0259bibovun m\u00fcraci\u0259tin\u0259 aprel ay\u0131n\u0131n 16-da hakim G\u00fclzar Rzayevan\u0131n s\u0259drliyi il\u0259 ke\u00e7iril\u0259n prosesd\u0259 bax\u0131lacaq. Qeyd ed\u0259k ki,hadis\u0259 2015-ci ilin yanvar\u0131n 4-d\u0259 L\u0259nk\u0259ran rayonun Liman \u015f\u0259h\u0259rind\u0259 qeyd\u0259 al\u0131n\u0131b. Liman \u015f\u0259h\u0259r sakini, 1960-c\u0131 il&hellip;","_links":{"self":[{"href":"https:\/\/arantv.az\/index.php?rest_route=\/wp\/v2\/posts\/47139"}],"collection":[{"href":"https:\/\/arantv.az\/index.php?rest_route=\/wp\/v2\/posts"}],"about":[{"href":"https:\/\/arantv.az\/index.php?rest_route=\/wp\/v2\/types\/post"}],"author":[{"embeddable":true,"href":"https:\/\/arantv.az\/index.php?rest_route=\/wp\/v2\/users\/2"}],"replies":[{"embeddable":true,"href":"https:\/\/arantv.az\/index.php?rest_route=%2Fwp%2Fv2%2Fcomments&post=47139"}],"version-history":[{"count":0,"href":"https:\/\/arantv.az\/index.php?rest_route=\/wp\/v2\/posts\/47139\/revisions"}],"wp:featuredmedia":[{"embeddable":true,"href":"https:\/\/arantv.az\/index.php?rest_route=\/wp\/v2\/media\/47140"}],"wp:attachment":[{"href":"https:\/\/arantv.az\/index.php?rest_route=%2Fwp%2Fv2%2Fmedia&parent=47139"}],"wp:term":[{"taxonomy":"category","embeddable":true,"href":"https:\/\/arantv.az\/index.php?rest_route=%2Fwp%2Fv2%2Fcategories&post=47139"},{"taxonomy":"post_tag","embeddable":true,"href":"https:\/\/arantv.az\/index.php?rest_route=%2Fwp%2Fv2%2Ftags&post=47139"}],"curies":[{"name":"wp","href":"https:\/\/api.w.org\/{rel}","templated":true}]}}