{"id":47145,"date":"2019-03-25T14:27:57","date_gmt":"2019-03-25T11:27:57","guid":{"rendered":"http:\/\/arantv.az\/?p=47145"},"modified":"2019-03-25T14:27:57","modified_gmt":"2019-03-25T11:27:57","slug":"erm%c9%99ni-%c9%99sg%c9%99rl%c9%99rin-c%c9%99zalandirilaraq-dagliq-qarabaga-gond%c9%99rilm%c9%99si-bir-cox-m%c9%99tl%c9%99bl%c9%99rd%c9%99n-x%c9%99b%c9%99r-verir","status":"publish","type":"post","link":"https:\/\/arantv.az\/?p=47145","title":{"rendered":"&#8220;Erm\u0259ni \u0259sg\u0259rl\u0259rin c\u0259zaland\u0131r\u0131laraq Da\u011fl\u0131q Qaraba\u011fa g\u00f6nd\u0259rilm\u0259si bir \u00e7ox m\u0259tl\u0259bl\u0259rd\u0259n x\u0259b\u0259r verir&#8221;"},"content":{"rendered":"<blockquote><p><em><strong>Erm\u0259nistandak\u0131 a\u011f\u0131r sosial-iqtisadi durum art\u0131q silahl\u0131 q\u00fcvv\u0259l\u0259r\u0259 d\u0259 siray\u0259t etm\u0259kd\u0259dir.<\/strong><\/em><\/p><\/blockquote>\n<p><strong>ARANTV.AZ<\/strong> x\u0259b\u0259r verir ki,\u00a0bunu\u00a0<a href=\"http:\/\/trend.az\/\" target=\"_blank\" rel=\"noopener\"><span style=\"color: #000000;\">Trend<\/span><\/a>-\u0259 a\u00e7\u0131qlamas\u0131nda Milli M\u0259clisin deputat\u0131 Elman N\u0259sirov deyib.<\/p>\n<p>E.N\u0259sirov bildirib ki, aprel d\u00f6y\u00fc\u015fl\u0259rind\u0259n sonra b\u0259lk\u0259 d\u0259 ilk d\u0259f\u0259dir ki, Erm\u0259nistan ordusunda \u00e7ox ciddi b\u00f6hran\u0131n ya\u015fand\u0131\u011f\u0131 haqq\u0131nda m\u0259lumatlar yay\u0131l\u0131r:<\/p>\n<p>&#8220;X\u00fcsusil\u0259 d\u0259 Erm\u0259nistanda geni\u015f rezonans do\u011furan hadis\u0259 erm\u0259ni \u0259sg\u0259rl\u0259rin \u00f6z zabitl\u0259rin\u0259 qar\u015f\u0131 qiyam qald\u0131rmas\u0131 il\u0259 ba\u011fl\u0131d\u0131r. Erm\u0259nistanda \u0259sg\u0259rl\u0259rin \u00f6z zabitl\u0259rin\u0259 etiraz olaraq h\u0259rbi hiss\u0259ni t\u0259rk etm\u0259si yerli k\u00fctl\u0259vi informasiya vasit\u0259l\u0259rind\u0259 v\u0259 sosial \u015f\u0259b\u0259k\u0259l\u0259rd\u0259 \u0259n \u00e7ox m\u00fczakir\u0259 olunan hadis\u0259y\u0259 \u00e7evrilib v\u0259 i\u015f o yer\u0259 g\u0259lib \u00e7at\u0131b ki, Sarkisyan rejimi zaman\u0131 oldu\u011fu kimi Erm\u0259nistanda yenid\u0259n \u0259sg\u0259r analar\u0131n\u0131n etirazlar\u0131 ba\u015flay\u0131b&#8221;.<\/p>\n<p>Deputat\u0131n s\u00f6zl\u0259rin\u0259 g\u00f6r\u0259, diqq\u0259td\u0259n yay\u0131nmayan dig\u0259r m\u0259qam is\u0259 odur ki, qiyama c\u0259hd ed\u0259n v\u0259 h\u0259rbi hiss\u0259ni t\u0259rk ed\u0259n \u0259sg\u0259rl\u0259rin tutulmas\u0131 v\u0259 onlar\u0131n c\u0259zaland\u0131r\u0131laraq Da\u011fl\u0131q Qaraba\u011fa c\u0259bh\u0259 x\u0259ttin\u0259 g\u00f6nd\u0259rilm\u0259si fakt\u0131n\u0131 m\u0259hz Erm\u0259nistan m\u0259tbuat\u0131 yay\u0131r: &#8220;Fikir verirsinizs\u0259, qiyam qald\u0131ran \u0259sg\u0259rl\u0259rin c\u0259za yeri m\u0259hz Da\u011fl\u0131q Qaraba\u011fd\u0131r. Bununla da n\u00f6vb\u0259ti d\u0259f\u0259 Erm\u0259nistan\u0131n Da\u011fl\u0131q Qaraba\u011f m\u00fcnaqi\u015f\u0259sind\u0259 i\u015ftirak\u0131 v\u0259 Erm\u0259nistan h\u0259rbi qulluq\u00e7ular\u0131n\u0131n birba\u015fa Da\u011fl\u0131q Qaraba\u011fda h\u0259rbi xidm\u0259t ke\u00e7m\u0259si il\u0259 ba\u011fl\u0131 faktlar Erm\u0259nistan m\u0259tbuat\u0131 t\u0259r\u0259find\u0259n dil\u0259 g\u0259tirilir&#8221;.<\/p>\n<p>E.N\u0259sirov hesab edir ki, bu hadis\u0259 \u00e7ox m\u0259tl\u0259bl\u0259rd\u0259n x\u0259b\u0259r verir: &#8220;\u0130lk n\u00f6vb\u0259d\u0259 onu g\u00f6st\u0259rir ki, t\u0259kc\u0259 erm\u0259ni \u0259halisi ac-yalavac deyil, eyni zamanda, Erm\u0259nistan silahl\u0131 q\u00fcvv\u0259l\u0259rind\u0259 \u00f6zba\u015f\u0131nal\u0131q ba\u015f al\u0131b gedir v\u0259 \u0259sg\u0259r v\u0259 zabitl\u0259r aras\u0131nda \u00e7ox b\u00f6y\u00fck u\u00e7urum var, bu g\u00fcn erm\u0259ni \u0259sg\u0259ri \u00f6z zabitin\u0259 etibar etmir, ona inanm\u0131r. Bel\u0259 bir \u0259sg\u0259rd\u0259 hans\u0131 d\u00f6y\u00fc\u015f ruhu ola bil\u0259r? Bu, Erm\u0259nistan r\u0259hb\u0259rliyi \u00fc\u00e7\u00fcn \u00e7ox ciddi siqnald\u0131r: \u0259g\u0259r v\u0259ziyy\u0259t bel\u0259 davam ed\u0259rs\u0259 v\u0259 Erm\u0259nistan r\u0259hb\u0259rliyi Da\u011fl\u0131q Qaraba\u011f m\u00fcnaqi\u015f\u0259sinin h\u0259lli ba\u011fl\u0131 tezlikl\u0259 konstruktiv m\u00f6vqe ortaya qoymazsa, istisna deyil ki, \u00e7ox uzaq olmayan bir perspektivd\u0259, \u00fcmumiyy\u0259tl\u0259, Erm\u0259nistan\u0131n ali ba\u015f komandan\u0131 silahl\u0131 q\u00fcvv\u0259l\u0259rsiz qala bil\u0259r v\u0259 yaxud silahl\u0131 q\u00fcvv\u0259l\u0259rin olmas\u0131 bel\u0259 nominal xarakter da\u015f\u0131yar&#8221;.<\/p>\n<p>Mill\u0259t v\u0259kili vur\u011fulay\u0131b ki, he\u00e7 bir d\u00f6y\u00fc\u015f ruhunun olmad\u0131\u011f\u0131, \u0259sg\u0259rin zabit\u0259 he\u00e7 bir etimad v\u0259 etibar\u0131n\u0131n olmad\u0131\u011f\u0131 ordu \u0259slind\u0259 ordu say\u0131lmaz.<\/p>\n<p>Qeyd ed\u0259k ki, Yerevanda bir qrup \u0259sg\u0259r anas\u0131 etiraz aksiyas\u0131 ke\u00e7irib. Erm\u0259nistan\u0131n Mehri \u015f\u0259h\u0259rind\u0259 h\u0259rbi xidm\u0259td\u0259 olan \u0259sg\u0259rl\u0259rd\u0259n birinin anas\u0131 o\u011flundan bir ne\u00e7\u0259 g\u00fcn x\u0259b\u0259r ala bilm\u0259diyini deyib. Daha sonra onun Az\u0259rbaycan\u0131n i\u015f\u011fal olunmu\u015f Da\u011fl\u0131q Qaraba\u011f b\u00f6lg\u0259sin\u0259 g\u00f6nd\u0259rildiyi m\u0259lum olub.<\/p>\n<p>Erm\u0259nistan K\u0130V-l\u0259ri yaz\u0131r ki, Mehrid\u0259 20-y\u0259 yax\u0131n \u0259sg\u0259r zabitl\u0259rd\u0259n birin\u0259 etiraz olaraq h\u0259rbi hiss\u0259ni t\u0259rk edib. H\u0259min \u0259sg\u0259rl\u0259rin bir hiss\u0259sini c\u0259zaland\u0131raraq Da\u011fl\u0131q Qaraba\u011fa c\u0259bh\u0259 x\u0259ttin\u0259 g\u00f6nd\u0259ribl\u0259r.<\/p>\n","protected":false},"excerpt":{"rendered":"<p>Erm\u0259nistandak\u0131 a\u011f\u0131r sosial-iqtisadi durum art\u0131q silahl\u0131 q\u00fcvv\u0259l\u0259r\u0259 d\u0259 siray\u0259t etm\u0259kd\u0259dir. ARANTV.AZ x\u0259b\u0259r verir ki,\u00a0bunu\u00a0Trend-\u0259 a\u00e7\u0131qlamas\u0131nda Milli M\u0259clisin deputat\u0131 Elman N\u0259sirov deyib. E.N\u0259sirov bildirib ki, aprel d\u00f6y\u00fc\u015fl\u0259rind\u0259n sonra b\u0259lk\u0259 d\u0259 ilk d\u0259f\u0259dir ki, Erm\u0259nistan ordusunda \u00e7ox ciddi b\u00f6hran\u0131n ya\u015fand\u0131\u011f\u0131 haqq\u0131nda m\u0259lumatlar yay\u0131l\u0131r: &#8220;X\u00fcsusil\u0259 d\u0259 Erm\u0259nistanda geni\u015f rezonans do\u011furan hadis\u0259 erm\u0259ni \u0259sg\u0259rl\u0259rin \u00f6z zabitl\u0259rin\u0259 qar\u015f\u0131 qiyam qald\u0131rmas\u0131 il\u0259 ba\u011fl\u0131d\u0131r. Erm\u0259nistanda \u0259sg\u0259rl\u0259rin \u00f6z zabitl\u0259rin\u0259 etiraz olaraq h\u0259rbi hiss\u0259ni t\u0259rk etm\u0259si yerli k\u00fctl\u0259vi informasiya vasit\u0259l\u0259rind\u0259 v\u0259 sosial \u015f\u0259b\u0259k\u0259l\u0259rd\u0259 \u0259n \u00e7ox m\u00fczakir\u0259 olunan hadis\u0259y\u0259 \u00e7evrilib v\u0259 i\u015f o yer\u0259 g\u0259lib \u00e7at\u0131b ki, Sarkisyan rejimi zaman\u0131&hellip;<\/p>\n","protected":false},"author":2,"featured_media":47146,"comment_status":"closed","ping_status":"closed","sticky":false,"template":"","format":"standard","meta":{"om_disable_all_campaigns":false,"_monsterinsights_skip_tracking":false,"_monsterinsights_sitenote_active":false,"_monsterinsights_sitenote_note":"","_monsterinsights_sitenote_category":0},"categories":[4],"tags":[],"aioseo_notices":[],"gutentor_comment":0,"rttpg_featured_image_url":{"full":["https:\/\/arantv.az\/wp-content\/uploads\/2019\/03\/741518.jpg",800,600,false],"landscape":["https:\/\/arantv.az\/wp-content\/uploads\/2019\/03\/741518.jpg",800,600,false],"portraits":["https:\/\/arantv.az\/wp-content\/uploads\/2019\/03\/741518.jpg",800,600,false],"thumbnail":["https:\/\/arantv.az\/wp-content\/uploads\/2019\/03\/741518-150x150.jpg",150,150,true],"medium":["https:\/\/arantv.az\/wp-content\/uploads\/2019\/03\/741518-300x225.jpg",300,225,true],"large":["https:\/\/arantv.az\/wp-content\/uploads\/2019\/03\/741518.jpg",640,480,false],"1536x1536":["https:\/\/arantv.az\/wp-content\/uploads\/2019\/03\/741518.jpg",800,600,false],"2048x2048":["https:\/\/arantv.az\/wp-content\/uploads\/2019\/03\/741518.jpg",800,600,false],"post-thumbnail":["https:\/\/arantv.az\/wp-content\/uploads\/2019\/03\/741518-240x172.jpg",240,172,true],"advps-thumb-one":["https:\/\/arantv.az\/wp-content\/uploads\/2019\/03\/741518.jpg",800,600,false]},"rttpg_author":{"display_name":"V\u00fcsal Rafiqo\u011flu","author_link":"https:\/\/arantv.az\/?author=2"},"rttpg_comment":0,"rttpg_category":"<a href=\"https:\/\/arantv.az\/?cat=4\" rel=\"category\">Siyas\u0259t<\/a>","rttpg_excerpt":"Erm\u0259nistandak\u0131 a\u011f\u0131r sosial-iqtisadi durum art\u0131q silahl\u0131 q\u00fcvv\u0259l\u0259r\u0259 d\u0259 siray\u0259t etm\u0259kd\u0259dir. ARANTV.AZ x\u0259b\u0259r verir ki,\u00a0bunu\u00a0Trend-\u0259 a\u00e7\u0131qlamas\u0131nda Milli M\u0259clisin deputat\u0131 Elman N\u0259sirov deyib. E.N\u0259sirov bildirib ki, aprel d\u00f6y\u00fc\u015fl\u0259rind\u0259n sonra b\u0259lk\u0259 d\u0259 ilk d\u0259f\u0259dir ki, Erm\u0259nistan ordusunda \u00e7ox ciddi b\u00f6hran\u0131n ya\u015fand\u0131\u011f\u0131 haqq\u0131nda m\u0259lumatlar yay\u0131l\u0131r: &#8220;X\u00fcsusil\u0259 d\u0259 Erm\u0259nistanda geni\u015f rezonans do\u011furan hadis\u0259 erm\u0259ni \u0259sg\u0259rl\u0259rin \u00f6z zabitl\u0259rin\u0259 qar\u015f\u0131 qiyam qald\u0131rmas\u0131&hellip;","_links":{"self":[{"href":"https:\/\/arantv.az\/index.php?rest_route=\/wp\/v2\/posts\/47145"}],"collection":[{"href":"https:\/\/arantv.az\/index.php?rest_route=\/wp\/v2\/posts"}],"about":[{"href":"https:\/\/arantv.az\/index.php?rest_route=\/wp\/v2\/types\/post"}],"author":[{"embeddable":true,"href":"https:\/\/arantv.az\/index.php?rest_route=\/wp\/v2\/users\/2"}],"replies":[{"embeddable":true,"href":"https:\/\/arantv.az\/index.php?rest_route=%2Fwp%2Fv2%2Fcomments&post=47145"}],"version-history":[{"count":0,"href":"https:\/\/arantv.az\/index.php?rest_route=\/wp\/v2\/posts\/47145\/revisions"}],"wp:featuredmedia":[{"embeddable":true,"href":"https:\/\/arantv.az\/index.php?rest_route=\/wp\/v2\/media\/47146"}],"wp:attachment":[{"href":"https:\/\/arantv.az\/index.php?rest_route=%2Fwp%2Fv2%2Fmedia&parent=47145"}],"wp:term":[{"taxonomy":"category","embeddable":true,"href":"https:\/\/arantv.az\/index.php?rest_route=%2Fwp%2Fv2%2Fcategories&post=47145"},{"taxonomy":"post_tag","embeddable":true,"href":"https:\/\/arantv.az\/index.php?rest_route=%2Fwp%2Fv2%2Ftags&post=47145"}],"curies":[{"name":"wp","href":"https:\/\/api.w.org\/{rel}","templated":true}]}}