{"id":47211,"date":"2019-03-25T16:21:19","date_gmt":"2019-03-25T13:21:19","guid":{"rendered":"http:\/\/arantv.az\/?p=47211"},"modified":"2019-03-25T16:21:19","modified_gmt":"2019-03-25T13:21:19","slug":"ekspert-nazarbayevin-%c9%99sasini-qoydugu-xarici-siyasi-kurs-onun-x%c9%99l%c9%99fl%c9%99ri-t%c9%99r%c9%99find%c9%99n-davam-etdiril%c9%99c%c9%99k","status":"publish","type":"post","link":"https:\/\/arantv.az\/?p=47211","title":{"rendered":"Ekspert: &#8220;Nazarbayevin \u0259sas\u0131n\u0131 qoydu\u011fu xarici siyasi kurs onun x\u0259l\u0259fl\u0259ri t\u0259r\u0259find\u0259n davam etdiril\u0259c\u0259k&#8221;"},"content":{"rendered":"<blockquote><p><em><strong>Nursultan Nazarbayevin Qazax\u0131stan Prezidenti v\u0259zif\u0259sind\u0259n istefa verm\u0259si onun b\u00fct\u00fcn siyasi kursu kimi m\u00fcdrik v\u0259 uzaqg\u00f6r\u0259n add\u0131md\u0131r.<\/strong><\/em><\/p><\/blockquote>\n<p><strong>ARANTV.AZ<\/strong> x\u0259b\u0259r verir ki, bunu<span style=\"color: #000000;\">\u00a0<\/span><a href=\"http:\/\/trend.az\/\" target=\"_blank\" rel=\"noopener\"><span style=\"color: #000000;\">Trend<\/span><\/a>-\u0259 Bak\u0131 Politoloqlar Klubunun r\u0259hb\u0259ri, siyas\u0259t elml\u0259ri namiz\u0259di Zaur M\u0259mm\u0259dov deyib.<\/p>\n<p>Ekspert bildirib ki, N.Nazarbayev h\u0259r zaman beyn\u0259lxalq v\u0259 regional \u0259h\u0259miyy\u0259tli m\u0259s\u0259l\u0259l\u0259rd\u0259 prinsipial m\u00f6vq\u0259 n\u00fcmayi\u015f etdirib:<\/p>\n<p>&#8220;Eyni zamanda, Qazax\u0131stan r\u0259hb\u0259ri Da\u011fl\u0131q Qaraba\u011f m\u00fcnaqi\u015f\u0259si il\u0259 ba\u011fl\u0131 Az\u0259rbaycan\u0131n \u0259dal\u0259tli m\u00f6vqeyini, \u0259razi b\u00fct\u00f6vl\u00fcy\u00fcn\u00fc v\u0259 Az\u0259rbaycan s\u0259rh\u0259dl\u0259rinin toxunulmazl\u0131\u011f\u0131n\u0131 KTMT v\u0259 Avrasiya \u0130qtisadi Birliyi kimi t\u0259\u015fkilatlarda d\u0259st\u0259kl\u0259yib. Bizim \u00fc\u00e7\u00fcn Qazax\u0131stan\u0131n xarici siyas\u0259tinin Da\u011fl\u0131q Qaraba\u011f\u0131n Az\u0259rbaycan\u0131n ayr\u0131lmaz hiss\u0259si kimi tan\u0131nmas\u0131 prinsipi \u00fcz\u0259rind\u0259 qurulmas\u0131 \u00e7ox vacibdir&#8221;.<\/p>\n<p>Z.M\u0259mm\u0259dovun s\u00f6zl\u0259rin\u0259 g\u00f6r\u0259, Az\u0259rbaycanla Qazax\u0131stan aras\u0131nda b\u00fct\u00fcn sah\u0259l\u0259rd\u0259 s\u0131x \u0259m\u0259kda\u015fl\u0131q formala\u015f\u0131b:<\/p>\n<p>&#8220;\u00d6lk\u0259l\u0259r aras\u0131nda enerji v\u0259 n\u0259qliyyat \u0259m\u0259kda\u015fl\u0131\u011f\u0131 m\u00f6hk\u0259ml\u0259nir. Buraya Avropa-Qafqaz-\u00c7in (TRACECA), Trans-X\u0259z\u0259r n\u0259qliyyat mar\u015frutu (\u00c7in-T\u00fcrkiy\u0259-Avropa), Bak\u0131-Tbilisi-Qars v\u0259 dig\u0259r layih\u0259l\u0259ri \u0259lav\u0259 ed\u0259 bil\u0259rik&#8221;.<\/p>\n<p>O xat\u0131rlad\u0131b ki, N.Nazarbayev \u00fcmummilli lider Heyd\u0259r \u018fliyevl\u0259 birg\u0259 Az\u0259rbaycan-Qazax\u0131stan m\u00fcnasib\u0259tl\u0259rinin \u0259sas\u0131n\u0131 qoyub: &#8220;\u00dcmidvaram ki, Nazarbayevin qoydu\u011fu kurs onun x\u0259l\u0259fl\u0259ri t\u0259r\u0259find\u0259n davam etdiril\u0259c\u0259k&#8221;.<\/p>\n","protected":false},"excerpt":{"rendered":"<p>Nursultan Nazarbayevin Qazax\u0131stan Prezidenti v\u0259zif\u0259sind\u0259n istefa verm\u0259si onun b\u00fct\u00fcn siyasi kursu kimi m\u00fcdrik v\u0259 uzaqg\u00f6r\u0259n add\u0131md\u0131r. ARANTV.AZ x\u0259b\u0259r verir ki, bunu\u00a0Trend-\u0259 Bak\u0131 Politoloqlar Klubunun r\u0259hb\u0259ri, siyas\u0259t elml\u0259ri namiz\u0259di Zaur M\u0259mm\u0259dov deyib. Ekspert bildirib ki, N.Nazarbayev h\u0259r zaman beyn\u0259lxalq v\u0259 regional \u0259h\u0259miyy\u0259tli m\u0259s\u0259l\u0259l\u0259rd\u0259 prinsipial m\u00f6vq\u0259 n\u00fcmayi\u015f etdirib: &#8220;Eyni zamanda, Qazax\u0131stan r\u0259hb\u0259ri Da\u011fl\u0131q Qaraba\u011f m\u00fcnaqi\u015f\u0259si il\u0259 ba\u011fl\u0131 Az\u0259rbaycan\u0131n \u0259dal\u0259tli m\u00f6vqeyini, \u0259razi b\u00fct\u00f6vl\u00fcy\u00fcn\u00fc v\u0259 Az\u0259rbaycan s\u0259rh\u0259dl\u0259rinin toxunulmazl\u0131\u011f\u0131n\u0131 KTMT v\u0259 Avrasiya \u0130qtisadi Birliyi kimi t\u0259\u015fkilatlarda d\u0259st\u0259kl\u0259yib. Bizim \u00fc\u00e7\u00fcn Qazax\u0131stan\u0131n xarici siyas\u0259tinin Da\u011fl\u0131q Qaraba\u011f\u0131n Az\u0259rbaycan\u0131n ayr\u0131lmaz hiss\u0259si kimi tan\u0131nmas\u0131 prinsipi \u00fcz\u0259rind\u0259 qurulmas\u0131 \u00e7ox vacibdir&#8221;. Z.M\u0259mm\u0259dovun&hellip;<\/p>\n","protected":false},"author":2,"featured_media":47212,"comment_status":"closed","ping_status":"closed","sticky":false,"template":"","format":"standard","meta":{"om_disable_all_campaigns":false,"_monsterinsights_skip_tracking":false,"_monsterinsights_sitenote_active":false,"_monsterinsights_sitenote_note":"","_monsterinsights_sitenote_category":0},"categories":[4],"tags":[],"aioseo_notices":[],"gutentor_comment":0,"rttpg_featured_image_url":{"full":["https:\/\/arantv.az\/wp-content\/uploads\/2019\/03\/741552.jpg",1200,900,false],"landscape":["https:\/\/arantv.az\/wp-content\/uploads\/2019\/03\/741552.jpg",1200,900,false],"portraits":["https:\/\/arantv.az\/wp-content\/uploads\/2019\/03\/741552.jpg",1200,900,false],"thumbnail":["https:\/\/arantv.az\/wp-content\/uploads\/2019\/03\/741552-150x150.jpg",150,150,true],"medium":["https:\/\/arantv.az\/wp-content\/uploads\/2019\/03\/741552-300x225.jpg",300,225,true],"large":["https:\/\/arantv.az\/wp-content\/uploads\/2019\/03\/741552-1024x768.jpg",640,480,true],"1536x1536":["https:\/\/arantv.az\/wp-content\/uploads\/2019\/03\/741552.jpg",1200,900,false],"2048x2048":["https:\/\/arantv.az\/wp-content\/uploads\/2019\/03\/741552.jpg",1200,900,false],"post-thumbnail":["https:\/\/arantv.az\/wp-content\/uploads\/2019\/03\/741552-240x172.jpg",240,172,true],"advps-thumb-one":["https:\/\/arantv.az\/wp-content\/uploads\/2019\/03\/741552-1200x620.jpg",1200,620,true]},"rttpg_author":{"display_name":"V\u00fcsal Rafiqo\u011flu","author_link":"https:\/\/arantv.az\/?author=2"},"rttpg_comment":0,"rttpg_category":"<a href=\"https:\/\/arantv.az\/?cat=4\" rel=\"category\">Siyas\u0259t<\/a>","rttpg_excerpt":"Nursultan Nazarbayevin Qazax\u0131stan Prezidenti v\u0259zif\u0259sind\u0259n istefa verm\u0259si onun b\u00fct\u00fcn siyasi kursu kimi m\u00fcdrik v\u0259 uzaqg\u00f6r\u0259n add\u0131md\u0131r. ARANTV.AZ x\u0259b\u0259r verir ki, bunu\u00a0Trend-\u0259 Bak\u0131 Politoloqlar Klubunun r\u0259hb\u0259ri, siyas\u0259t elml\u0259ri namiz\u0259di Zaur M\u0259mm\u0259dov deyib. Ekspert bildirib ki, N.Nazarbayev h\u0259r zaman beyn\u0259lxalq v\u0259 regional \u0259h\u0259miyy\u0259tli m\u0259s\u0259l\u0259l\u0259rd\u0259 prinsipial m\u00f6vq\u0259 n\u00fcmayi\u015f etdirib: &#8220;Eyni zamanda, Qazax\u0131stan r\u0259hb\u0259ri Da\u011fl\u0131q Qaraba\u011f m\u00fcnaqi\u015f\u0259si il\u0259 ba\u011fl\u0131&hellip;","_links":{"self":[{"href":"https:\/\/arantv.az\/index.php?rest_route=\/wp\/v2\/posts\/47211"}],"collection":[{"href":"https:\/\/arantv.az\/index.php?rest_route=\/wp\/v2\/posts"}],"about":[{"href":"https:\/\/arantv.az\/index.php?rest_route=\/wp\/v2\/types\/post"}],"author":[{"embeddable":true,"href":"https:\/\/arantv.az\/index.php?rest_route=\/wp\/v2\/users\/2"}],"replies":[{"embeddable":true,"href":"https:\/\/arantv.az\/index.php?rest_route=%2Fwp%2Fv2%2Fcomments&post=47211"}],"version-history":[{"count":0,"href":"https:\/\/arantv.az\/index.php?rest_route=\/wp\/v2\/posts\/47211\/revisions"}],"wp:featuredmedia":[{"embeddable":true,"href":"https:\/\/arantv.az\/index.php?rest_route=\/wp\/v2\/media\/47212"}],"wp:attachment":[{"href":"https:\/\/arantv.az\/index.php?rest_route=%2Fwp%2Fv2%2Fmedia&parent=47211"}],"wp:term":[{"taxonomy":"category","embeddable":true,"href":"https:\/\/arantv.az\/index.php?rest_route=%2Fwp%2Fv2%2Fcategories&post=47211"},{"taxonomy":"post_tag","embeddable":true,"href":"https:\/\/arantv.az\/index.php?rest_route=%2Fwp%2Fv2%2Ftags&post=47211"}],"curies":[{"name":"wp","href":"https:\/\/api.w.org\/{rel}","templated":true}]}}