{"id":472111,"date":"2022-05-07T08:50:51","date_gmt":"2022-05-07T05:50:51","guid":{"rendered":"https:\/\/arantv.az\/?p=472111"},"modified":"2022-05-07T08:50:51","modified_gmt":"2022-05-07T05:50:51","slug":"yola-davamin-z%c9%99f%c9%99r-m%c9%99rh%c9%99l%c9%99si","status":"publish","type":"post","link":"https:\/\/arantv.az\/?p=472111","title":{"rendered":"Yola davam\u0131n Z\u0259f\u0259r m\u0259rh\u0259l\u0259si"},"content":{"rendered":"<p>Ulu \u00d6nd\u0259r xalq\u0131n q\u0259lbind\u0259 v\u0259 yadda\u015f\u0131nda \u00f6z\u00fcn\u0259 el\u0259 bir abid\u0259 ucald\u0131b ki, onun \u0259z\u0259m\u0259tini bir-birini \u0259v\u0259z ed\u0259n n\u0259sill\u0259rimiz daim g\u00f6r\u0259c\u0259k, d\u0259y\u0259rl\u0259ndir\u0259c\u0259k, m\u00fcst\u0259qil d\u00f6vl\u0259t\u00e7ilik ideyalar\u0131na sadiq olacaq, \u00f6lk\u0259mizin inki\u015faf\u0131 \u00fc\u00e7\u00fcn m\u0259suliyy\u0259tl\u0259 \u00e7al\u0131\u015facaqlar. Heyd\u0259r \u018fliyev ba\u015flad\u0131\u011f\u0131 i\u015fl\u0259ri c\u0259nab \u0130lham \u018fliyevin r\u0259hb\u0259rliyi il\u0259 davam\u00e7\u0131lar\u0131n\u0131n ax\u0131ra \u00e7atd\u0131raca\u011f\u0131na inam\u0131n\u0131 2003-c\u00fc ilin prezident se\u00e7kil\u0259ri \u0259r\u0259f\u0259sind\u0259 xalqa m\u00fcraci\u0259tind\u0259 uzaqg\u00f6r\u0259nlikl\u0259 ifad\u0259 etmi\u015fdir. Bu inam\u0131n v\u0259 xalq\u0131n etimad\u0131n\u0131n \u0259n y\u00fcks\u0259k s\u0259viyy\u0259d\u0259 do\u011frulmas\u0131 Az\u0259rbaycan\u0131n haz\u0131rk\u0131 g\u00fcc\u00fcnd\u0259, q\u00fcdr\u0259tind\u0259, sosial-iqtisadi v\u0259 m\u0259d\u0259ni inki\u015faf s\u0259viyy\u0259sind\u0259, bir d\u0259 44 g\u00fcnl\u00fck V\u0259t\u0259n m\u00fcharib\u0259sind\u0259 qazand\u0131\u011f\u0131 m\u00f6ht\u0259\u015f\u0259m Z\u0259f\u0259rd\u0259 \u00f6z t\u0259c\u0259ss\u00fcm\u00fcn\u00fc tapm\u0131\u015fd\u0131r.<\/p>\n<p><strong>ARANTV.AZ<\/strong> x\u0259b\u0259r verir ki, bu fikirl\u0259r Az\u0259rbaycan Respublikas\u0131n\u0131n Ba\u015f naziri \u018fli \u018fs\u0259dovun \u201cAz\u0259rbaycan\u201d q\u0259zetind\u0259 d\u0259rc olunmu\u015f m\u0259qal\u0259sind\u0259 yer al\u0131b.<\/p>\n<p>Qeyd edilib ki, M\u00fcz\u0259ff\u0259r Ali Ba\u015f Komandan\u0131n r\u0259hb\u0259rliyi il\u0259 qazan\u0131lm\u0131\u015f bu tarixi Z\u0259f\u0259r Az\u0259rbaycan\u0131n \u00e7ox\u0259srlik tarixind\u0259 \u0259n parlaq hadis\u0259dir. Bu yax\u0131nlarda D\u00fcnya az\u0259rbaycanl\u0131lar\u0131n\u0131n m\u0259d\u0259niyy\u0259t paytaxt\u0131m\u0131z \u015eu\u015fada ke\u00e7iril\u0259n V qurultay\u0131ndak\u0131 \u00e7\u0131x\u0131\u015f\u0131nda c\u0259nab Prezident \u0130lham \u018fliyevin s\u00f6yl\u0259diyi fikirl\u0259ri xat\u0131rlatmaq ist\u0259yir\u0259m. D\u00f6vl\u0259timizin ba\u015f\u00e7\u0131s\u0131 demi\u015fdir: &#8220;Bildiyiniz kimi, Ulu \u00d6nd\u0259r Heyd\u0259r \u018fliyevin t\u0259\u015f\u0259bb\u00fcs\u00fc il\u0259 ilk qurultay 2001-ci ild\u0259 ke\u00e7irilmi\u015fdir. Ulu \u00d6nd\u0259r d\u0259rin m\u0259zmunlu \u00e7\u0131x\u0131\u015f\u0131nda, eyni zamanda t\u0259bii ki, Qaraba\u011f problemi il\u0259 ba\u011fl\u0131 \u00f6z fikirl\u0259rini bildirmi\u015fdir v\u0259 demi\u015fdir ki, Az\u0259rbaycan \u00f6z \u0259razi b\u00fct\u00f6vl\u00fcy\u00fcn\u00fc b\u0259rpa ed\u0259c\u0259k, i\u015f\u011fal alt\u0131nda olan torpaqlar i\u015f\u011faldan azad edil\u0259c\u0259k v\u0259 Az\u0259rbaycan xalq\u0131 \u00f6z d\u0259d\u0259-baba torpaqlar\u0131na qay\u0131dacaqd\u0131r. Biz &#8211; Ulu \u00d6nd\u0259rin davam\u00e7\u0131lar\u0131 bu s\u00f6zl\u0259ri ger\u00e7\u0259y\u0259 \u00e7evirdik&#8221;.<\/p>\n<p>Qurultay\u0131n i\u015f\u011faldan azad edilmi\u015f v\u0259 v\u00fcs\u0259tli b\u0259rpa-quruculuq i\u015fl\u0259rinin apar\u0131ld\u0131\u011f\u0131 \u015eu\u015fada ke\u00e7irilm\u0259si b\u00f6y\u00fck r\u0259mzi m\u0259na da\u015f\u0131y\u0131rd\u0131: bu il 270 illiyini qeyd ed\u0259c\u0259yimiz q\u0259dim \u015f\u0259h\u0259r xalq\u0131m\u0131z \u00fc\u00e7\u00fcn \u0259ziz, do\u011fma m\u0259kand\u0131r, Qaraba\u011f\u0131n tarix\u0259n Az\u0259rbaycana m\u0259xsuslu\u011funu r\u0259mzl\u0259\u015fdir\u0259n t\u0259bi\u0259t v\u0259 m\u0259d\u0259niyy\u0259t incisidir. \u00d6t\u0259n \u0259srin 70-ci ill\u0259rind\u0259 \u015eu\u015fan\u0131n s\u00fcr\u0259tli inki\u015faf\u0131 \u00fc\u00e7\u00fcn Ulu \u00d6nd\u0259r Heyd\u0259r \u018fliyev \u00e7ox b\u00f6y\u00fck i\u015fl\u0259r g\u00f6rm\u00fc\u015f, x\u00fcsusi q\u0259rarlar q\u0259bul etmi\u015f, burada m\u0259d\u0259niyy\u0259t xadiml\u0259rimizin xatir\u0259sini \u0259b\u0259dil\u0259\u015fdirmi\u015fdir.<\/p>\n<p>Erm\u0259ni fa\u015fizmi \u00fcz\u0259rind\u0259 Q\u0259l\u0259b\u0259 m\u0259hz \u00f6t\u0259n \u0259srin sonlar\u0131nda Ulu \u00d6nd\u0259r Heyd\u0259r \u018fliyevin apard\u0131\u011f\u0131 k\u00f6kl\u00fc ordu quruculu\u011fu il\u0259 birba\u015fa ba\u011fl\u0131d\u0131r. M\u00f6ht\u0259r\u0259m Prezident, M\u00fcz\u0259ff\u0259r Ali Ba\u015f Komandan \u0130lham \u018fliyev q\u0259hr\u0259man X\u00fcsusi T\u0259yinatl\u0131 Q\u00fcvv\u0259l\u0259rin \u015f\u0259xsi hey\u0259ti il\u0259 g\u00f6r\u00fc\u015fd\u0259 bu fakt\u0131 vur\u011fulayaraq, 23 il \u0259vv\u0259l Ulu \u00d6nd\u0259r Heyd\u0259r \u018fliyevin F\u0259rman\u0131 il\u0259 bu ordu b\u00f6lm\u0259sinin yarad\u0131lmas\u0131n\u0131 b\u00f6y\u00fck uzaqg\u00f6r\u0259nlik kimi s\u0259ciyy\u0259l\u0259ndirmi\u015f, X\u00fcsusi T\u0259yinatl\u0131 Q\u00fcvv\u0259l\u0259rin \u0130kinci Qaraba\u011f m\u00fcharib\u0259sind\u0259ki tarixi Z\u0259f\u0259rimizd\u0259 \u00f6z\u00fcn\u00fc bir daha s\u00fcbut etdiyini q\u00fcrurla bildirmi\u015fdir.<\/p>\n<p>B\u00fct\u00fcn sah\u0259l\u0259rd\u0259 Ulu \u00d6nd\u0259rin yolunu davam etdir\u0259n c\u0259nab Prezident \u0130lham \u018fliyev d\u00f6vl\u0259t ba\u015f\u00e7\u0131s\u0131 kimi f\u0259aliyy\u0259t\u0259 ba\u015flad\u0131\u011f\u0131 ilk g\u00fcnd\u0259n\u00a0 m\u00fcnaqi\u015f\u0259nin siyasi-diplomatik yolla h\u0259lli \u00fc\u00e7\u00fcn g\u00f6st\u0259rdiyi b\u00f6y\u00fck s\u0259yl\u0259rl\u0259 paralel olaraq h\u0259rbi quruculuq m\u0259s\u0259l\u0259l\u0259rin\u0259 x\u00fcsusi diqq\u0259t yetir\u0259r\u0259k, haz\u0131rda \u00f6z g\u00fcc\u00fc, q\u00fcdr\u0259ti v\u0259 d\u00f6y\u00fc\u015f t\u0259cr\u00fcb\u0259si il\u0259 d\u00fcnyan\u0131n diqq\u0259t m\u0259rk\u0259zind\u0259 olan r\u0259\u015fad\u0259tli Az\u0259rbaycan Ordusunu formala\u015fd\u0131rm\u0131\u015fd\u0131r. Ordumuz xalq\u0131m\u0131z\u0131n q\u00fcruru, onun s\u0131ralar\u0131nda xidm\u0259t ke\u00e7\u0259nl\u0259rin h\u0259r biri \u0259n d\u0259y\u0259rli v\u0259t\u0259nda\u015flar\u0131m\u0131zd\u0131r.<\/p>\n<p>V\u0259t\u0259n m\u00fcharib\u0259sind\u0259 \u0259ld\u0259 edilmi\u015f Q\u0259l\u0259b\u0259, Prezident \u0130lham \u018fliyevin dediyi kimi, Az\u0259rbaycan \u0259sg\u0259rinin qan\u0131, can\u0131 bahas\u0131na v\u0259 \u0259m\u0259yi n\u0259tic\u0259sind\u0259 qazan\u0131lm\u0131\u015fd\u0131r. Torpaqlar\u0131n i\u015f\u011faldan azad edilm\u0259si u\u011frunda \u015f\u0259hidl\u0259r vermi\u015fik v\u0259 onlar\u0131n h\u0259r birinin xatir\u0259si bizim \u00fc\u00e7\u00fcn \u0259zizdir, m\u00fcq\u0259dd\u0259sdir. D\u00f6vl\u0259timiz v\u0259 xalq\u0131m\u0131z biz\u0259 bu Q\u0259l\u0259b\u0259ni b\u0259x\u015f etmi\u015f \u015f\u0259hidl\u0259rin ad\u0131n\u0131 uca tutur, onlar\u0131n xatir\u0259sini \u0259b\u0259di ya\u015fad\u0131r. Az\u0259rbaycan d\u00f6vl\u0259ti daim \u015f\u0259hid ail\u0259l\u0259rin\u0259, m\u00fcharib\u0259 \u0259lill\u0259rin\u0259 v\u0259 qazil\u0259rin\u0259 b\u00f6y\u00fck qay\u011f\u0131 il\u0259 yana\u015f\u0131r. M\u00fcharib\u0259 \u0259lill\u0259rinin v\u0259 \u015f\u0259hid ail\u0259l\u0259rinin sosial-m\u0259i\u015f\u0259t \u015f\u0259raitinin yax\u015f\u0131la\u015fd\u0131r\u0131lmas\u0131 \u00fc\u00e7\u00fcn Prezident \u0130lham \u018fliyev t\u0259r\u0259find\u0259n m\u00fch\u00fcm q\u0259rarlar q\u0259bul edilmi\u015fdir v\u0259 operativ \u015f\u0259kild\u0259 icra olunur. Bu istiqam\u0259td\u0259 i\u015fl\u0259r bu g\u00fcn d\u0259 ard\u0131c\u0131l \u015f\u0259kild\u0259 davam etdirilir.<\/p>\n<p>Birinci vitse-prezident Mehriban xan\u0131m \u018fliyevan\u0131n bilavasit\u0259 r\u0259hb\u0259rliyi il\u0259 Heyd\u0259r \u018fliyev Fondu \u015f\u0259hid ail\u0259l\u0259rinin sosial-m\u0259i\u015f\u0259t probleml\u0259rinin h\u0259llin\u0259 m\u00fch\u00fcm d\u0259st\u0259k g\u00f6st\u0259rir, ixtisasl\u0131 yerli v\u0259 xarici m\u00fct\u0259x\u0259ssisl\u0259ri c\u0259lb etm\u0259kl\u0259 c\u0259bh\u0259d\u0259 yaralanm\u0131\u015f \u0259sg\u0259rl\u0259rimizin m\u00fcalic\u0259sini v\u0259 reabilitasiyas\u0131n\u0131 t\u0259\u015fkil edir.<\/p>\n","protected":false},"excerpt":{"rendered":"<p>Ulu \u00d6nd\u0259r xalq\u0131n q\u0259lbind\u0259 v\u0259 yadda\u015f\u0131nda \u00f6z\u00fcn\u0259 el\u0259 bir abid\u0259 ucald\u0131b ki, onun \u0259z\u0259m\u0259tini bir-birini \u0259v\u0259z ed\u0259n n\u0259sill\u0259rimiz daim g\u00f6r\u0259c\u0259k, d\u0259y\u0259rl\u0259ndir\u0259c\u0259k, m\u00fcst\u0259qil d\u00f6vl\u0259t\u00e7ilik ideyalar\u0131na sadiq olacaq, \u00f6lk\u0259mizin inki\u015faf\u0131 \u00fc\u00e7\u00fcn m\u0259suliyy\u0259tl\u0259 \u00e7al\u0131\u015facaqlar. Heyd\u0259r \u018fliyev ba\u015flad\u0131\u011f\u0131 i\u015fl\u0259ri c\u0259nab \u0130lham \u018fliyevin r\u0259hb\u0259rliyi il\u0259 davam\u00e7\u0131lar\u0131n\u0131n ax\u0131ra \u00e7atd\u0131raca\u011f\u0131na inam\u0131n\u0131 2003-c\u00fc ilin prezident se\u00e7kil\u0259ri \u0259r\u0259f\u0259sind\u0259 xalqa m\u00fcraci\u0259tind\u0259 uzaqg\u00f6r\u0259nlikl\u0259 ifad\u0259 etmi\u015fdir. Bu inam\u0131n v\u0259 xalq\u0131n etimad\u0131n\u0131n \u0259n y\u00fcks\u0259k s\u0259viyy\u0259d\u0259 do\u011frulmas\u0131 Az\u0259rbaycan\u0131n haz\u0131rk\u0131 g\u00fcc\u00fcnd\u0259, q\u00fcdr\u0259tind\u0259, sosial-iqtisadi v\u0259 m\u0259d\u0259ni inki\u015faf s\u0259viyy\u0259sind\u0259, bir d\u0259 44 g\u00fcnl\u00fck V\u0259t\u0259n m\u00fcharib\u0259sind\u0259 qazand\u0131\u011f\u0131 m\u00f6ht\u0259\u015f\u0259m Z\u0259f\u0259rd\u0259 \u00f6z t\u0259c\u0259ss\u00fcm\u00fcn\u00fc tapm\u0131\u015fd\u0131r. ARANTV.AZ x\u0259b\u0259r verir ki, bu fikirl\u0259r&hellip;<\/p>\n","protected":false},"author":2,"featured_media":472112,"comment_status":"closed","ping_status":"closed","sticky":false,"template":"","format":"standard","meta":{"om_disable_all_campaigns":false,"_monsterinsights_skip_tracking":false,"_monsterinsights_sitenote_active":false,"_monsterinsights_sitenote_note":"","_monsterinsights_sitenote_category":0},"categories":[4],"tags":[],"aioseo_notices":[],"gutentor_comment":0,"rttpg_featured_image_url":{"full":["https:\/\/arantv.az\/wp-content\/uploads\/2022\/05\/a6ce9144163306541782596475710843321.jpg",975,540,false],"landscape":["https:\/\/arantv.az\/wp-content\/uploads\/2022\/05\/a6ce9144163306541782596475710843321.jpg",975,540,false],"portraits":["https:\/\/arantv.az\/wp-content\/uploads\/2022\/05\/a6ce9144163306541782596475710843321.jpg",975,540,false],"thumbnail":["https:\/\/arantv.az\/wp-content\/uploads\/2022\/05\/a6ce9144163306541782596475710843321-500x280.jpg",500,280,true],"medium":["https:\/\/arantv.az\/wp-content\/uploads\/2022\/05\/a6ce9144163306541782596475710843321-660x365.jpg",660,365,true],"large":["https:\/\/arantv.az\/wp-content\/uploads\/2022\/05\/a6ce9144163306541782596475710843321-840x465.jpg",640,354,true],"1536x1536":["https:\/\/arantv.az\/wp-content\/uploads\/2022\/05\/a6ce9144163306541782596475710843321.jpg",975,540,false],"2048x2048":["https:\/\/arantv.az\/wp-content\/uploads\/2022\/05\/a6ce9144163306541782596475710843321.jpg",975,540,false],"post-thumbnail":["https:\/\/arantv.az\/wp-content\/uploads\/2022\/05\/a6ce9144163306541782596475710843321-240x172.jpg",240,172,true],"advps-thumb-one":["https:\/\/arantv.az\/wp-content\/uploads\/2022\/05\/a6ce9144163306541782596475710843321.jpg",975,540,false]},"rttpg_author":{"display_name":"V\u00fcsal Rafiqo\u011flu","author_link":"https:\/\/arantv.az\/?author=2"},"rttpg_comment":0,"rttpg_category":"<a href=\"https:\/\/arantv.az\/?cat=4\" rel=\"category\">Siyas\u0259t<\/a>","rttpg_excerpt":"Ulu \u00d6nd\u0259r xalq\u0131n q\u0259lbind\u0259 v\u0259 yadda\u015f\u0131nda \u00f6z\u00fcn\u0259 el\u0259 bir abid\u0259 ucald\u0131b ki, onun \u0259z\u0259m\u0259tini bir-birini \u0259v\u0259z ed\u0259n n\u0259sill\u0259rimiz daim g\u00f6r\u0259c\u0259k, d\u0259y\u0259rl\u0259ndir\u0259c\u0259k, m\u00fcst\u0259qil d\u00f6vl\u0259t\u00e7ilik ideyalar\u0131na sadiq olacaq, \u00f6lk\u0259mizin inki\u015faf\u0131 \u00fc\u00e7\u00fcn m\u0259suliyy\u0259tl\u0259 \u00e7al\u0131\u015facaqlar. Heyd\u0259r \u018fliyev ba\u015flad\u0131\u011f\u0131 i\u015fl\u0259ri c\u0259nab \u0130lham \u018fliyevin r\u0259hb\u0259rliyi il\u0259 davam\u00e7\u0131lar\u0131n\u0131n ax\u0131ra \u00e7atd\u0131raca\u011f\u0131na inam\u0131n\u0131 2003-c\u00fc ilin prezident se\u00e7kil\u0259ri \u0259r\u0259f\u0259sind\u0259 xalqa m\u00fcraci\u0259tind\u0259 uzaqg\u00f6r\u0259nlikl\u0259 ifad\u0259 etmi\u015fdir. Bu&hellip;","_links":{"self":[{"href":"https:\/\/arantv.az\/index.php?rest_route=\/wp\/v2\/posts\/472111"}],"collection":[{"href":"https:\/\/arantv.az\/index.php?rest_route=\/wp\/v2\/posts"}],"about":[{"href":"https:\/\/arantv.az\/index.php?rest_route=\/wp\/v2\/types\/post"}],"author":[{"embeddable":true,"href":"https:\/\/arantv.az\/index.php?rest_route=\/wp\/v2\/users\/2"}],"replies":[{"embeddable":true,"href":"https:\/\/arantv.az\/index.php?rest_route=%2Fwp%2Fv2%2Fcomments&post=472111"}],"version-history":[{"count":0,"href":"https:\/\/arantv.az\/index.php?rest_route=\/wp\/v2\/posts\/472111\/revisions"}],"wp:featuredmedia":[{"embeddable":true,"href":"https:\/\/arantv.az\/index.php?rest_route=\/wp\/v2\/media\/472112"}],"wp:attachment":[{"href":"https:\/\/arantv.az\/index.php?rest_route=%2Fwp%2Fv2%2Fmedia&parent=472111"}],"wp:term":[{"taxonomy":"category","embeddable":true,"href":"https:\/\/arantv.az\/index.php?rest_route=%2Fwp%2Fv2%2Fcategories&post=472111"},{"taxonomy":"post_tag","embeddable":true,"href":"https:\/\/arantv.az\/index.php?rest_route=%2Fwp%2Fv2%2Ftags&post=472111"}],"curies":[{"name":"wp","href":"https:\/\/api.w.org\/{rel}","templated":true}]}}