{"id":472117,"date":"2022-05-07T08:58:14","date_gmt":"2022-05-07T05:58:14","guid":{"rendered":"https:\/\/arantv.az\/?p=472117"},"modified":"2022-05-07T08:58:14","modified_gmt":"2022-05-07T05:58:14","slug":"umummilli-liderimizin-yaratdigi-z%c9%99f%c9%99r-ordusu","status":"publish","type":"post","link":"https:\/\/arantv.az\/?p=472117","title":{"rendered":"\u00dcmummilli Liderimizin yaratd\u0131\u011f\u0131 Z\u0259f\u0259r Ordusu"},"content":{"rendered":"<p>Az\u0259rbaycan Xalq C\u00fcmhuriyy\u0259ti d\u00f6vr\u00fcnd\u0259 t\u0259m\u0259li qoyulmu\u015f Az\u0259rbaycan Milli \u00a0Ordusunun \u0259n\u0259n\u0259l\u0259ri m\u00fcst\u0259qilliyimizin yenid\u0259n b\u0259rpas\u0131ndan sonra \u00a0\u00a0da qorunub saxland\u0131 v\u0259 inki\u015faf etdirildi. Bu is\u0259 \u00fcmummilli liderimiz Heyd\u0259r \u018fliyevin ciddi s\u0259yl\u0259ri n\u0259tic\u0259sind\u0259 m\u00fcmk\u00fcn oldu. Heyd\u0259r \u018fliyevin r\u0259hb\u0259rliyi alt\u0131nda Silahl\u0131 Q\u00fcvv\u0259l\u0259r quruculu\u011fu sah\u0259sind\u0259 apar\u0131lan i\u015fl\u0259r \u00f6lk\u0259mizd\u0259 nizami ordu yaratma\u011fa imkan verdi v\u0259\u00a0 g\u0259l\u0259c\u0259kd\u0259 onun daha da m\u00f6hk\u0259ml\u0259nm\u0259si \u00fc\u00e7\u00fcn \u0259sasl\u0131 z\u0259min yaratd\u0131. Lakin m\u00fcst\u0259qilliyimizin ilk ill\u0259rind\u0259 \u00f6lk\u0259mizd\u0259ki imperiya n\u00f6k\u0259rl\u0259ri Az\u0259rbaycan Ordusunun \u00a0yarad\u0131lmas\u0131na h\u0259r vasit\u0259 il\u0259 mane olurdular. H\u0259m xaricd\u0259n, h\u0259m d\u0259 daxild\u0259n g\u00f6st\u0259ril\u0259n t\u0259zyiql\u0259rin \u0259sas m\u0259qs\u0259di ordu quruculu\u011funun qar\u015f\u0131s\u0131n\u0131 almaqla Az\u0259rbaycan\u0131n m\u00fcst\u0259qil bir d\u00f6vl\u0259t kimi m\u00f6vcudlu\u011funa \u0259ng\u0259l yaratmaq idi.<\/p>\n<p>M\u0259lumdur ki, sovet hakimiyy\u0259ti d\u00f6vr\u00fcnd\u0259 d\u0259 Rusiya imperiyas\u0131n\u0131n az\u0259rbaycanl\u0131lara qar\u015f\u0131 h\u0259rbi siyas\u0259ti d\u0259yi\u015fm\u0259mi\u015fdi. Sovet d\u00f6vr\u00fcnd\u0259 \u00e7ar d\u00f6vr\u00fcnd\u0259n f\u0259rqli olaraq az\u0259rbaycanl\u0131 g\u0259ncl\u0259r h\u0259rbi xidm\u0259t\u0259 \u00e7a\u011fr\u0131l\u0131rd\u0131lar. Lakin onlar d\u00f6y\u00fc\u015f \u00fc\u00e7\u00fcn n\u0259z\u0259rd\u0259 tutulmu\u015f h\u0259rbi hiss\u0259l\u0259r\u0259 deyil, \u0259sas\u0259n tikinti batalyonlar\u0131na g\u00f6nd\u0259rilirdil\u0259r. M\u0259qs\u0259d ayd\u0131n idi \u2013 az\u0259rbaycanl\u0131lar aras\u0131nda h\u0259rb elmin\u0259 d\u0259rind\u0259n yiy\u0259l\u0259n\u0259n, m\u00fcasir silahlarla r\u0259ftar etm\u0259yi bacaran pe\u015f\u0259kar h\u0259rbi kadrlar\u0131n yeti\u015fdirilm\u0259sin\u0259 imkan verm\u0259m\u0259k. Bu m\u0259krli siyas\u0259tin mahiyy\u0259tini yax\u015f\u0131 ba\u015fa d\u00fc\u015f\u0259n Heyd\u0259r \u018fliyev Az\u0259rbaycanda birinci d\u0259f\u0259 hakimiyy\u0259t\u0259 g\u0259ldikd\u0259n sonra, 1971-ci il iyunun 20-d\u0259 diviziya komandiri C\u0259m\u015fid Nax\u00e7\u0131vanski ad\u0131na ixtisasla\u015fd\u0131r\u0131lm\u0131\u015f h\u0259rbi m\u0259kt\u0259bin a\u00e7\u0131lmas\u0131na nail oldu. O d\u00f6vrd\u0259 bu add\u0131m\u0131 atmaq \u00e7\u0259tin bir i\u015f idi. M\u0259\u015fhur Suvorov ad\u0131na, Naximov ad\u0131na h\u0259rbi m\u0259kt\u0259bl\u0259rin m\u00f6vcud oldu\u011fu bir zamanda Az\u0259rbaycanda h\u0259rbi m\u0259kt\u0259bin yarad\u0131lmas\u0131 \u00e7\u0259tin idi. Ancaq burada da dahi liderimiz q\u0259tiyy\u0259tli add\u0131mlar atd\u0131. O, SSR\u0130 h\u00f6kum\u0259ti qar\u015f\u0131s\u0131nda az\u0259rbaycanl\u0131 t\u0259l\u0259b\u0259l\u0259rin rus dilini pis bildikl\u0259ri \u00fc\u00e7\u00fcn h\u0259min m\u0259kt\u0259bl\u0259rd\u0259 yax\u015f\u0131 t\u0259hsil ala bilm\u0259dikl\u0259rini \u0259sas g\u0259tirdi v\u0259 h\u0259min t\u0259l\u0259b\u0259l\u0259rin \u00f6z dill\u0259rind\u0259 t\u0259hsil almalar\u0131n\u0131n v\u0259 bunun \u00fc\u00e7\u00fcn d\u0259 Az\u0259rbaycanda h\u0259rbi m\u0259kt\u0259bin yarad\u0131lmas\u0131n\u0131n vacibliyini bildirdi. \u018fslind\u0259 o zaman Heyd\u0259r \u018fliyev g\u0259l\u0259c\u0259kd\u0259 Az\u0259rbaycan\u0131n m\u00fcst\u0259qil olaca\u011f\u0131na daxil\u0259n inan\u0131r v\u0259 bunun \u00fc\u00e7\u00fcn d\u0259 Az\u0259rbaycanda milli h\u0259rbi kadrlar\u0131n yeti\u015fdirilm\u0259si \u00fc\u00e7\u00fcn var q\u00fcvv\u0259si il\u0259 \u00e7al\u0131\u015f\u0131rd\u0131. Sonralar dahi r\u0259hb\u0259r deyirdi: \u201cBiz C\u0259m\u015fid Nax\u00e7\u0131vanski ad\u0131na h\u0259rbi liseyin ilk b\u00fcn\u00f6vr\u0259 da\u015flar\u0131n\u0131 qoyanda o bizim \u00fc\u00e7\u00fcn n\u0259z\u0259riyy\u0259 deyildi, b\u00f6y\u00fck g\u0259l\u0259c\u0259y\u0259, Az\u0259rbaycan\u0131n g\u0259l\u0259c\u0259yin\u0259 bax\u0131\u015f idi. Az\u0259rbaycan\u0131n milli zabit kadrlar\u0131n\u0131n haz\u0131rlanmas\u0131 \u00fc\u00e7\u00fcn ilk u\u011furlu add\u0131mlar idi. Biz bu add\u0131mlar\u0131 atark\u0259n d\u00fc\u015f\u00fcn\u00fcrd\u00fck ki, zaman g\u0259l\u0259c\u0259k, Az\u0259rbaycan xalq\u0131 \u00f6z milli azadl\u0131\u011f\u0131na qovu\u015facaq, \u00f6z d\u00f6vl\u0259t m\u00fcst\u0259qilliyini \u0259ld\u0259 ed\u0259c\u0259k, m\u00fcst\u0259qil Az\u0259rbaycan d\u00f6vl\u0259ti yaranacaq. Yarand\u0131 da. M\u0259hz bug\u00fcnk\u00fc m\u00fcst\u0259qilliyimiz\u0259 g\u00f6r\u0259 m\u0259n bu m\u0259kt\u0259bi yaratd\u0131m, ya\u015fatd\u0131m, b\u00f6y\u00fctd\u00fcm. Bilirsiniz, siz\u0259 s\u0259mimi deyir\u0259m, C\u0259m\u015fid Nax\u00e7\u0131vanski ad\u0131na lisey m\u0259nim \u00fc\u00e7\u00fcn bir \u00f6vladd\u0131r. Ona \u00f6z \u00f6vlad\u0131m kimi bax\u0131ram v\u0259 n\u0259 q\u0259d\u0259r ya\u015fay\u0131ramsa, ona bax, bu c\u00fcr baxaca\u011fam\u201d.<\/p>\n<p>\u00dcmummilli Liderimiz o d\u00f6vrd\u0259\u00a0 az\u0259rbaycanl\u0131 g\u0259ncl\u0259rin Bak\u0131 Ali Birl\u0259\u015fmi\u015f Komandanl\u0131q v\u0259 Bak\u0131 Ali H\u0259rbi D\u0259niz\u00e7ilik m\u0259kt\u0259bl\u0259rin\u0259, el\u0259c\u0259 d\u0259 SSR\u0130-nin dig\u0259r h\u0259rbi m\u0259kt\u0259bl\u0259rin\u0259 g\u00fcz\u0259\u015ftli \u015f\u0259rtl\u0259rl\u0259 q\u0259bul olunmas\u0131na nail oldu. Bu g\u00fcn C\u0259m\u015fid Nax\u00e7\u0131vanski ad\u0131na H\u0259rbi Liseyin milli zabit kadrlar\u0131m\u0131z\u0131n yeti\u015fdirilm\u0259sind\u0259 v\u0259 o d\u00f6vrd\u0259 ali h\u0259rbi m\u0259kt\u0259bl\u0259ri bitirmi\u015f \u015f\u0259xsl\u0259rin silahl\u0131 q\u00fcvv\u0259l\u0259rin formala\u015fmas\u0131nda \u0259h\u0259miyy\u0259tli rolu var. H\u0259min m\u0259kt\u0259bl\u0259rd\u0259 yeti\u015f\u0259n Az\u0259rbaycan h\u0259rb\u00e7il\u0259ri Birinci Qaraba\u011f m\u00fcharib\u0259sind\u0259 misilsiz igidlikl\u0259r g\u00f6st\u0259rdil\u0259r.<\/p>\n<p>Az\u0259rbaycan Respublikas\u0131 otuz bir \u00a0il \u0259vv\u0259l \u00f6z d\u00f6vl\u0259t m\u00fcst\u0259qilliyini b\u0259rpa ed\u0259rk\u0259n art\u0131q Erm\u0259nistanla m\u00fcharib\u0259 v\u0259ziyy\u0259tind\u0259 idi. Tarix boyu Az\u0259rbaycana qar\u015f\u0131 \u0259razi iddias\u0131nda olan erm\u0259nil\u0259r onlara havadarl\u0131q ed\u0259n v\u0259 \u00f6lk\u0259mizi par\u00e7alamaq, onun m\u00fcst\u0259qilliyin\u0259 mane olmaq ist\u0259y\u0259n dig\u0259r q\u00fcvv\u0259l\u0259rl\u0259 birlikd\u0259 Qaraba\u011f\u0131 i\u015f\u011fal etmi\u015fdil\u0259r. O zaman Az\u0259rbaycana r\u0259hb\u0259rlik ed\u0259n \u015f\u0259xsl\u0259r q\u0259tiyy\u0259tsizlikl\u0259ri \u00fcz\u00fcnd\u0259n milli ordu yarada bilm\u0259dil\u0259r.<\/p>\n<p>1991-ci ilin sentyabr\u0131n 5-d\u0259 M\u00fcdafi\u0259 Nazirliyinin yarad\u0131lmas\u0131 barad\u0259 q\u0259rar\u0131n v\u0259 h\u0259min ilin oktyabr\u0131n 9-da Az\u0259rbaycan Respublikas\u0131n\u0131n Ali Soveti t\u0259r\u0259find\u0259n Silahl\u0131 Q\u00fcvv\u0259l\u0259rin yarad\u0131lmas\u0131 haqq\u0131nda qanunun q\u0259bul edilm\u0259sin\u0259 baxmayaraq, o zamank\u0131 respublika r\u0259hb\u0259rliyi bu q\u0259rarlar\u0131n h\u0259yata ke\u00e7irilm\u0259si \u00fc\u00e7\u00fcn he\u00e7 bir s\u0259y g\u00f6st\u0259rm\u0259di. SSR\u0130-nin t\u0259rkibind\u0259 qalma\u011fa, ittifaq orqanlar\u0131n\u0131n himay\u0259si alt\u0131nda ya\u015fama\u011fa v\u0259 onun vahid ordusunun saxlanmas\u0131na meyli olan Ayaz M\u00fct\u0259llibov Az\u0259rbaycan\u0131n m\u00fcst\u0259qil ordusunun formala\u015fmas\u0131nda maraql\u0131 deyildi. Ona g\u00f6r\u0259 d\u0259 orduya d\u00f6vl\u0259t s\u0259viyy\u0259sind\u0259 laz\u0131mi diqq\u0259t yetirilmir, onun t\u0259\u015fkilatlanmas\u0131 \u00fc\u00e7\u00fcn z\u0259ruri t\u0259dbirl\u0259r g\u00f6r\u00fclm\u00fcrd\u00fc.<\/p>\n<p>AXC-M\u00fcsavat hakimiyy\u0259ti d\u00f6vr\u00fcnd\u0259 d\u0259 \u00f6lk\u0259mizin \u0259razi b\u00fct\u00f6vl\u00fcy\u00fcn\u00fcn qorunmas\u0131 \u00fc\u00e7\u00fcn laz\u0131mi t\u0259dbirl\u0259r h\u0259yata ke\u00e7irilm\u0259di. Ovaxtk\u0131 iqtidar s\u0259ri\u015ft\u0259sizliyi \u00fcz\u00fcnd\u0259n d\u00fczg\u00fcn h\u0259rbi siyas\u0259t yeritm\u0259k qabiliyy\u0259tind\u0259 olmad\u0131\u011f\u0131na g\u00f6r\u0259 \u00f6lk\u0259ni v\u0259 \u0259halini h\u0259r c\u00fcr silah v\u0259 h\u0259rbi texnika il\u0259 t\u0259chiz edilmi\u015f d\u00fc\u015fm\u0259n ordusundan qoruya bilmir, m\u0259\u011flubiyy\u0259tl\u0259r v\u0259 i\u015f\u011fallar s\u0131ralan\u0131rd\u0131.<\/p>\n<p>Bel\u0259 v\u0259ziyy\u0259tin yaranmas\u0131nda g\u00fcnahkar olan ozamank\u0131 d\u00f6vl\u0259t r\u0259hb\u0259rl\u0259ri sonralar bu hal\u0131 etiraf etm\u0259k m\u0259cburiyy\u0259tind\u0259 qalm\u0131\u015fd\u0131lar.<\/p>\n<p>H\u0259rbi i\u015f \u00fczr\u0259 he\u00e7 bir biliyi v\u0259 s\u0259ri\u015ft\u0259si olmayan F\u0259hmin Hac\u0131yevin v\u0259 bu bax\u0131mdan ondan f\u0259rql\u0259nm\u0259y\u0259n Tahir \u018fliyevin, R\u0259him Qaz\u0131yevin, Sur\u0259t H\u00fcseynovun Silahl\u0131 Q\u00fcvv\u0259l\u0259rd\u0259 y\u00fcks\u0259k v\u0259zif\u0259l\u0259r\u0259 t\u0259yin edilm\u0259l\u0259ri ordunun m\u0259nafel\u0259rin\u0259 ciddi ziyan vurmu\u015fdu. Bu \u015f\u0259xsl\u0259r pe\u015f\u0259kar zabit kadrlar\u0131na inams\u0131zl\u0131q g\u00f6st\u0259rir, onlar\u0131 ordudan uzaqla\u015fd\u0131r\u0131r, ordu quruculu\u011funda bacar\u0131\u011f\u0131 olmayan yax\u0131n adamlar\u0131n\u0131 y\u00fcks\u0259k v\u0259zif\u0259l\u0259r\u0259 t\u0259yin edirdil\u0259r.<\/p>\n<p>\u00d6lk\u0259nin b\u00fct\u00fcn sah\u0259l\u0259rini sars\u0131dan daxili qeyri-sabitlik, siyasi \u00e7\u0259ki\u015fm\u0259l\u0259rin geni\u015f v\u00fcs\u0259t almas\u0131, cinay\u0259tkar mafioz d\u0259st\u0259l\u0259rin fitn\u0259l\u0259ri, xarici x\u00fcsusi xidm\u0259t orqanlar\u0131n\u0131n qar\u015f\u0131s\u0131 al\u0131nmayan k\u0259\u015ffiyyat-t\u0259xribat f\u0259aliyy\u0259tinin ordu quruculu\u011fu prosesin\u0259 g\u00f6st\u0259rdiyi da\u011f\u0131d\u0131c\u0131 t\u0259siri 1993-c\u00fc ilin ortalar\u0131nda onsuz da z\u0259if olan ordunu tamamil\u0259 m\u0259hv olmaq t\u0259hl\u00fck\u0259si qar\u015f\u0131s\u0131nda qoydu. B\u00fct\u00fcn bunlar\u0131n n\u0259tic\u0259sind\u0259 erm\u0259ni silahl\u0131 q\u00fcvv\u0259l\u0259ri Az\u0259rbaycan torpaqlar\u0131n\u0131n 20 faizini z\u0259bt etdi, bir milyondan art\u0131q v\u0259t\u0259nda\u015f\u0131m\u0131z \u00f6z yurdlar\u0131ndan did\u0259rgin d\u00fc\u015fd\u00fc, minl\u0259rl\u0259 insan h\u0259lak oldu. \u00d6lk\u0259 daxilind\u0259 hakimiyy\u0259tsizlik, \u00a0d\u00f6vl\u0259tin par\u00e7alanmas\u0131 v\u0259 m\u00fcst\u0259qilliyin itirilm\u0259si t\u0259hl\u00fck\u0259si \u0259halid\u0259 ruh d\u00fc\u015fk\u00fcnl\u00fcy\u00fc, vahim\u0259 v\u0259 qorxu, d\u00f6vl\u0259t\u0259 v\u0259 orduya, sabahk\u0131 g\u00fcn\u0259 inams\u0131zl\u0131q yarad\u0131rd\u0131.<\/p>\n<p>Bel\u0259 bir a\u011f\u0131r b\u00f6hranl\u0131 \u015f\u0259raitd\u0259 Az\u0259rbaycan xalq\u0131 \u00f6z m\u00fcst\u0259qil d\u00f6vl\u0259tinin m\u0259hv edilm\u0259si t\u0259hl\u00fck\u0259si qar\u015f\u0131s\u0131nda \u00fcz\u00fcn\u00fc layiqli o\u011flu Heyd\u0259r \u018fliyev\u0259 tutaraq onu hakimiyy\u0259t\u0259 g\u0259tirdi. Heyd\u0259r \u018fliyevin 1993-c\u00fc ild\u0259 xalq\u0131n t\u0259kidli t\u0259l\u0259bi il\u0259 hakimiyy\u0259t\u0259 g\u0259lm\u0259si v\u0259 Az\u0259rbaycan Respublikas\u0131n\u0131n Prezidenti se\u00e7ilm\u0259si v\u0259ziyy\u0259ti k\u00f6k\u00fcnd\u0259n d\u0259yi\u015fdi, respublikam\u0131zda ordu quruculu\u011fu sah\u0259sind\u0259 m\u00fch\u00fcm t\u0259dbirl\u0259rin h\u0259yata ke\u00e7irilm\u0259sin\u0259 g\u00fccl\u00fc t\u0259kan verdi, c\u0259bh\u0259d\u0259 v\u0259ziyy\u0259tin m\u00fcsb\u0259t istiqam\u0259td\u0259 inki\u015faf\u0131na \u015f\u0259rait yaratd\u0131. Bu d\u00f6vrd\u0259n etibar\u0259n \u00f6lk\u0259d\u0259ki qanunsuz silahl\u0131 q\u00fcvv\u0259l\u0259r d\u00f6vl\u0259tin tam n\u0259zar\u0259tin\u0259 ke\u00e7di. Q\u0131sa zaman k\u0259siyind\u0259 F\u00fczuli v\u0259 A\u011fdam rayonlar\u0131n\u0131n bir s\u0131ra ya\u015fay\u0131\u015f m\u0259nt\u0259q\u0259l\u0259ri i\u015f\u011faldan azad edildi, c\u0259bh\u0259d\u0259 t\u0259\u015f\u0259bb\u00fcs Az\u0259rbaycan ordusunun \u0259lin\u0259 ke\u00e7di. Bu u\u011furlar\u0131n m\u00fcv\u0259qq\u0259ti oldu\u011funu g\u00fcman ed\u0259n d\u00fc\u015fm\u0259n \u00f6z havadarlar\u0131n\u0131n k\u00f6m\u0259yind\u0259n v\u0259 silah-sursat\u0131ndan istifad\u0259 ed\u0259r\u0259k 1994-c\u00fc ilin ilk aylar\u0131nda b\u00fct\u00fcn c\u0259bh\u0259 boyu irimiqyasl\u0131 h\u00fccum \u0259m\u0259liyyatlar\u0131na ba\u015flad\u0131. Lakin Az\u0259rbaycan ordu hiss\u0259l\u0259rinin F\u00fczuli, Beyl\u0259qan, A\u011fdam v\u0259 T\u0259rt\u0259r istiqam\u0259tl\u0259rind\u0259ki m\u00f6hk\u0259m m\u00fcqavim\u0259ti il\u0259 rastla\u015fan d\u00fc\u015fm\u0259n c\u0259bh\u0259d\u0259 at\u0259\u015fk\u0259s\u0259 raz\u0131l\u0131q verm\u0259li oldu.<\/p>\n<p>Ulu \u00f6nd\u0259r Heyd\u0259r \u018fliyev h\u0259rbi t\u0259hsil sisteminin daha da inki\u015faf etdirilm\u0259si m\u0259qs\u0259di il\u0259 1999-cu il yanvar\u0131n 20-d\u0259 H\u0259rbi Akademiyan\u0131n yarad\u0131lmas\u0131 haqq\u0131nda F\u0259rman imzalad\u0131. \u00dcmummilli Liderin 20 avqust 2001-ci il tarixli F\u0259rman\u0131 il\u0259 Silahl\u0131 Q\u00fcvv\u0259l\u0259r \u00fc\u00e7\u00fcn kadr haz\u0131rl\u0131\u011f\u0131n\u0131n t\u0259kmill\u0259\u015fdirilm\u0259si m\u0259qs\u0259dil\u0259 M\u00fcdafi\u0259 Nazirliyi sistemind\u0259 f\u0259aliyy\u0259t g\u00f6st\u0259r\u0259n m\u0259kt\u0259bl\u0259r-Az\u0259rbaycan H\u0259rbi D\u0259niz\u00e7ilik M\u0259kt\u0259bi v\u0259 Az\u0259rbaycan Ali H\u0259rbi T\u0259yyar\u0259\u00e7ilik M\u0259kt\u0259bi adland\u0131r\u0131ld\u0131.<\/p>\n<p>Sonrak\u0131 ill\u0259rd\u0259 Az\u0259rbaycan Silahl\u0131 Q\u00fcvv\u0259l\u0259rinin zabitl\u0259ri, h\u0259m\u00e7inin T\u00fcrkiy\u0259nin, Ukraynan\u0131n, Rusiyan\u0131n, Pakistan\u0131n, \u00c7inin, Almaniyan\u0131n, B\u00f6y\u00fck Britaniyan\u0131n, \u0130taliyan\u0131n, Rum\u0131niyan\u0131n, Macar\u0131stan\u0131n h\u0259rbi akademiyalar\u0131nda v\u0259 dinl\u0259m\u0259 kurslar\u0131nda da t\u0259hsil al\u0131rlar. Zabitl\u0259rimizin Amerika Birl\u0259\u015fmi\u015f \u015etatlar\u0131nda t\u0259hsil almas\u0131 haqq\u0131nda art\u0131q raz\u0131l\u0131q \u0259ld\u0259 edildi.<\/p>\n<p>2003-c\u00fc il aprelin 19-da C\u0259m\u015fid Nax\u00e7\u0131vanski ad\u0131na H\u0259rbi Liseyd\u0259 ke\u00e7iril\u0259n yubiley m\u0259rasimind\u0259 \u00e7\u0131x\u0131\u015f ed\u0259n ulu \u00f6nd\u0259r Heyd\u0259r \u018fliyev burada t\u0259hsil alan kursantlar\u0131n ali h\u0259rbi m\u0259kt\u0259bl\u0259r\u0259 daxil olmaq \u00fc\u00e7\u00fcn laz\u0131mi bilikl\u0259r toplayacaqlar\u0131na v\u0259 g\u0259l\u0259c\u0259kd\u0259 Az\u0259rbaycan\u0131n d\u0259y\u0259rli zabitl\u0259ri olacaqlar\u0131na inand\u0131\u011f\u0131n\u0131 qeyd etdi. Ulu \u00d6nd\u0259rimizin yubiley m\u0259rasimind\u0259 \u00e7\u0131x\u0131\u015f\u0131 zaman\u0131 ba\u015f ver\u0259n hadis\u0259 g\u0259nc h\u0259rbi\u00e7il\u0259rimiz\u0259 \u0259sl m\u0259tinlik n\u00fcmun\u0259si oldu. \u0130ki d\u0259f\u0259 k\u0259skin \u00fcr\u0259k a\u011fr\u0131s\u0131ndan nitqini\u00a0 dayand\u0131rmal\u0131 olan Heyd\u0259r \u018fliyev sonad\u0259k\u00a0 b\u00f6y\u00fck irad\u0259 n\u00fcmayi\u015f etdirdi. Yenid\u0259n tribunaya qay\u0131d\u0131b \u00e7\u0131x\u0131\u015f\u0131n\u0131 sona \u00e7atd\u0131rd\u0131. Bu, add\u0131m g\u0259nc zabitl\u0259rimiz \u00fc\u00e7\u00fcn \u0259sl \u00f6rn\u0259k olacaq bir add\u0131m idi.<\/p>\n<p>Bu g\u00fcn Az\u0259rbaycan Silahl\u0131 Q\u00fcvv\u0259l\u0259rinin quruculu\u011fu prosesi davam etdirilir v\u0259 ordumuz inki\u015faf, t\u0259kmill\u0259\u015fm\u0259 d\u00f6vr\u00fcn\u00fc ya\u015fay\u0131r. H\u0259rt\u0259r\u0259fli g\u00fccl\u0259n\u0259n, h\u0259rbi q\u00fcdr\u0259ti, d\u00f6y\u00fc\u015f qabiliyy\u0259ti artan Az\u0259rbaycan Ordusu b\u00f6y\u00fck inki\u015faf yolundad\u0131r. Silahl\u0131 Q\u00fcvv\u0259l\u0259rimizin kadrlar\u0131 NATO standartlar\u0131 s\u0259viyy\u0259sind\u0259 haz\u0131rlan\u0131b.<\/p>\n<p>\u00dcmummilli Liderimizin yaratd\u0131\u011f\u0131 v\u0259 Prezident \u0130lham \u018fliyevin inki\u015faf etdirdiyi Az\u0259rbaycan Ordusu 2020-ci il sentyabr\u0131n 27-d\u0259 ba\u015flad\u0131\u011f\u0131 \u0259ks-h\u00fccumla c\u0259mi 44 g\u00fcn \u0259rzind\u0259 Erm\u0259nistan ordusunu darmada\u011f\u0131n ed\u0259r\u0259k i\u015f\u011fal alt\u0131nda olan b\u00fct\u00fcn torpaqlar\u0131m\u0131z\u0131 azad etdi. \u0130ndi Az\u0259rbaycan Ordusu d\u00fcnyan\u0131n g\u00fccl\u00fc ordular\u0131 s\u0131ras\u0131nda yer tutub. Bu, b\u00f6y\u00fck Heyd\u0259r \u018fliyev siyas\u0259tinin t\u0259nt\u0259n\u0259sidir.<\/p>\n","protected":false},"excerpt":{"rendered":"<p>Az\u0259rbaycan Xalq C\u00fcmhuriyy\u0259ti d\u00f6vr\u00fcnd\u0259 t\u0259m\u0259li qoyulmu\u015f Az\u0259rbaycan Milli \u00a0Ordusunun \u0259n\u0259n\u0259l\u0259ri m\u00fcst\u0259qilliyimizin yenid\u0259n b\u0259rpas\u0131ndan sonra \u00a0\u00a0da qorunub saxland\u0131 v\u0259 inki\u015faf etdirildi. Bu is\u0259 \u00fcmummilli liderimiz Heyd\u0259r \u018fliyevin ciddi s\u0259yl\u0259ri n\u0259tic\u0259sind\u0259 m\u00fcmk\u00fcn oldu. Heyd\u0259r \u018fliyevin r\u0259hb\u0259rliyi alt\u0131nda Silahl\u0131 Q\u00fcvv\u0259l\u0259r quruculu\u011fu sah\u0259sind\u0259 apar\u0131lan i\u015fl\u0259r \u00f6lk\u0259mizd\u0259 nizami ordu yaratma\u011fa imkan verdi v\u0259\u00a0 g\u0259l\u0259c\u0259kd\u0259 onun daha da m\u00f6hk\u0259ml\u0259nm\u0259si \u00fc\u00e7\u00fcn \u0259sasl\u0131 z\u0259min yaratd\u0131. Lakin m\u00fcst\u0259qilliyimizin ilk ill\u0259rind\u0259 \u00f6lk\u0259mizd\u0259ki imperiya n\u00f6k\u0259rl\u0259ri Az\u0259rbaycan Ordusunun \u00a0yarad\u0131lmas\u0131na h\u0259r vasit\u0259 il\u0259 mane olurdular. H\u0259m xaricd\u0259n, h\u0259m d\u0259 daxild\u0259n g\u00f6st\u0259ril\u0259n t\u0259zyiql\u0259rin \u0259sas m\u0259qs\u0259di ordu quruculu\u011funun qar\u015f\u0131s\u0131n\u0131 almaqla Az\u0259rbaycan\u0131n m\u00fcst\u0259qil bir d\u00f6vl\u0259t kimi&hellip;<\/p>\n","protected":false},"author":2,"featured_media":472118,"comment_status":"closed","ping_status":"closed","sticky":false,"template":"","format":"standard","meta":{"om_disable_all_campaigns":false,"_monsterinsights_skip_tracking":false,"_monsterinsights_sitenote_active":false,"_monsterinsights_sitenote_note":"","_monsterinsights_sitenote_category":0},"categories":[19],"tags":[],"aioseo_notices":[],"gutentor_comment":0,"rttpg_featured_image_url":{"full":["https:\/\/arantv.az\/wp-content\/uploads\/2022\/05\/04fcc654165186070686203627710378039.jpg",975,540,false],"landscape":["https:\/\/arantv.az\/wp-content\/uploads\/2022\/05\/04fcc654165186070686203627710378039.jpg",975,540,false],"portraits":["https:\/\/arantv.az\/wp-content\/uploads\/2022\/05\/04fcc654165186070686203627710378039.jpg",975,540,false],"thumbnail":["https:\/\/arantv.az\/wp-content\/uploads\/2022\/05\/04fcc654165186070686203627710378039-500x280.jpg",500,280,true],"medium":["https:\/\/arantv.az\/wp-content\/uploads\/2022\/05\/04fcc654165186070686203627710378039-660x365.jpg",660,365,true],"large":["https:\/\/arantv.az\/wp-content\/uploads\/2022\/05\/04fcc654165186070686203627710378039-840x465.jpg",640,354,true],"1536x1536":["https:\/\/arantv.az\/wp-content\/uploads\/2022\/05\/04fcc654165186070686203627710378039.jpg",975,540,false],"2048x2048":["https:\/\/arantv.az\/wp-content\/uploads\/2022\/05\/04fcc654165186070686203627710378039.jpg",975,540,false],"post-thumbnail":["https:\/\/arantv.az\/wp-content\/uploads\/2022\/05\/04fcc654165186070686203627710378039-240x172.jpg",240,172,true],"advps-thumb-one":["https:\/\/arantv.az\/wp-content\/uploads\/2022\/05\/04fcc654165186070686203627710378039.jpg",975,540,false]},"rttpg_author":{"display_name":"V\u00fcsal Rafiqo\u011flu","author_link":"https:\/\/arantv.az\/?author=2"},"rttpg_comment":0,"rttpg_category":"<a href=\"https:\/\/arantv.az\/?cat=19\" rel=\"category\">G\u00fcnd\u0259m<\/a>","rttpg_excerpt":"Az\u0259rbaycan Xalq C\u00fcmhuriyy\u0259ti d\u00f6vr\u00fcnd\u0259 t\u0259m\u0259li qoyulmu\u015f Az\u0259rbaycan Milli \u00a0Ordusunun \u0259n\u0259n\u0259l\u0259ri m\u00fcst\u0259qilliyimizin yenid\u0259n b\u0259rpas\u0131ndan sonra \u00a0\u00a0da qorunub saxland\u0131 v\u0259 inki\u015faf etdirildi. Bu is\u0259 \u00fcmummilli liderimiz Heyd\u0259r \u018fliyevin ciddi s\u0259yl\u0259ri n\u0259tic\u0259sind\u0259 m\u00fcmk\u00fcn oldu. Heyd\u0259r \u018fliyevin r\u0259hb\u0259rliyi alt\u0131nda Silahl\u0131 Q\u00fcvv\u0259l\u0259r quruculu\u011fu sah\u0259sind\u0259 apar\u0131lan i\u015fl\u0259r \u00f6lk\u0259mizd\u0259 nizami ordu yaratma\u011fa imkan verdi v\u0259\u00a0 g\u0259l\u0259c\u0259kd\u0259 onun daha da m\u00f6hk\u0259ml\u0259nm\u0259si \u00fc\u00e7\u00fcn \u0259sasl\u0131&hellip;","_links":{"self":[{"href":"https:\/\/arantv.az\/index.php?rest_route=\/wp\/v2\/posts\/472117"}],"collection":[{"href":"https:\/\/arantv.az\/index.php?rest_route=\/wp\/v2\/posts"}],"about":[{"href":"https:\/\/arantv.az\/index.php?rest_route=\/wp\/v2\/types\/post"}],"author":[{"embeddable":true,"href":"https:\/\/arantv.az\/index.php?rest_route=\/wp\/v2\/users\/2"}],"replies":[{"embeddable":true,"href":"https:\/\/arantv.az\/index.php?rest_route=%2Fwp%2Fv2%2Fcomments&post=472117"}],"version-history":[{"count":0,"href":"https:\/\/arantv.az\/index.php?rest_route=\/wp\/v2\/posts\/472117\/revisions"}],"wp:featuredmedia":[{"embeddable":true,"href":"https:\/\/arantv.az\/index.php?rest_route=\/wp\/v2\/media\/472118"}],"wp:attachment":[{"href":"https:\/\/arantv.az\/index.php?rest_route=%2Fwp%2Fv2%2Fmedia&parent=472117"}],"wp:term":[{"taxonomy":"category","embeddable":true,"href":"https:\/\/arantv.az\/index.php?rest_route=%2Fwp%2Fv2%2Fcategories&post=472117"},{"taxonomy":"post_tag","embeddable":true,"href":"https:\/\/arantv.az\/index.php?rest_route=%2Fwp%2Fv2%2Ftags&post=472117"}],"curies":[{"name":"wp","href":"https:\/\/api.w.org\/{rel}","templated":true}]}}