{"id":472133,"date":"2022-05-07T09:04:53","date_gmt":"2022-05-07T06:04:53","guid":{"rendered":"https:\/\/arantv.az\/?p=472133"},"modified":"2022-05-07T09:04:53","modified_gmt":"2022-05-07T06:04:53","slug":"guclu-xarizmatik-s%c9%99xsiyy%c9%99t-fenomenal-siyas%c9%99tci-v%c9%99-dovl%c9%99t-xadimi","status":"publish","type":"post","link":"https:\/\/arantv.az\/?p=472133","title":{"rendered":"G\u00fccl\u00fc xarizmatik \u015f\u0259xsiyy\u0259t, fenomenal siyas\u0259t\u00e7i v\u0259 d\u00f6vl\u0259t xadimi"},"content":{"rendered":"<p>\u00d6mr\u00fcn\u00fc \u00f6lk\u0259sin\u0259 v\u0259 xalq\u0131na xidm\u0259t\u0259 h\u0259sr ed\u0259n dahi \u015f\u0259xsiyy\u0259t Heyd\u0259r \u018fliyev m\u00fcst\u0259qil Az\u0259rbaycan\u0131n tarixind\u0259 xilaskar kimi \u0259b\u0259di qalacaqd\u0131r. Az\u0259rbaycanda el\u0259 bir sah\u0259 yoxdur ki, orada ulu \u00f6nd\u0259r Heyd\u0259r \u018fliyevin misilsiz xidm\u0259tl\u0259ri olmas\u0131n. M\u0259hz bu s\u0259b\u0259bd\u0259n d\u0259 Az\u0259rbaycan dey\u0259nd\u0259 Heyd\u0259r \u018fliyev, Heyd\u0259r \u018fliyev dey\u0259nd\u0259 is\u0259 Az\u0259rbaycan yada d\u00fc\u015f\u00fcr. Milli liderlikl\u0259 siyasi liderlik keyfiyy\u0259tl\u0259rinin bir d\u00f6vl\u0259t adam\u0131nda birl\u0259\u015fm\u0259si b\u0259\u015f\u0259r tarixind\u0259 nadir rast g\u0259lin\u0259n hald\u0131r. Ulu \u00d6nd\u0259r f\u0259aliyy\u0259t g\u00f6st\u0259rdiyi b\u00fct\u00fcn sah\u0259l\u0259rd\u0259 \u00f6z\u00fcn\u00fc m\u0259hz birinci \u015f\u0259xs kimi, lider kimi t\u0259sdiq etmi\u015fdir. O, idar\u0259etm\u0259nin ustad\u0131 v\u0259 siyas\u0259tin kamil bilicisi idi. D\u00fcnya tarixi s\u00fcbut etmi\u015fdir ki, \u015f\u0259xsiyy\u0259tl\u0259rin g\u00fcc\u00fc, siyasi irad\u0259si v\u0259 m\u00fcdrikliyi m\u0259nsub oldu\u011fu xalq\u0131n, onun yaratd\u0131\u011f\u0131 d\u00f6vl\u0259tin h\u0259yat\u0131nda \u0259v\u0259zedilm\u0259z rola malikdir. Heyd\u0259r \u018fliyev g\u00fccl\u00fc xarizmatik \u015f\u0259xsiyy\u0259t, fenomenal siyas\u0259t\u00e7i v\u0259 d\u00f6vl\u0259t xadimi idi. Ulu \u00d6nd\u0259rin \u0259n b\u00f6y\u00fck g\u00fcc\u00fc d\u0259rin v\u0259 universal biliyind\u0259, q\u0259tiyy\u0259tind\u0259, i\u015fg\u00fczarl\u0131\u011f\u0131nda, qeyri-adi yadda\u015f\u0131nda, t\u00fck\u0259nm\u0259z s\u0259brind\u0259, uzaqg\u00f6r\u0259nliyind\u0259 v\u0259 m\u00fcdrikliyind\u0259 idi. Ulu \u00d6nd\u0259r \u00f6z m\u00fcdrikliyi, c\u0259sar\u0259ti il\u0259 Az\u0259rbaycan xalq\u0131n\u0131n sevgisini qazanm\u0131\u015fd\u0131r. Dahi \u015f\u0259xsiyy\u0259t h\u0259r zaman Az\u0259rbaycan\u0131 d\u00fc\u015f\u00fcnm\u00fc\u015f, xalq\u0131n milli maraqlar\u0131n\u0131n qarant\u0131 olmu\u015fdur.<\/p>\n<p>H\u0259l\u0259 Sovetl\u0259r d\u00f6vr\u00fcnd\u0259 \u00f6lk\u0259miz\u0259 r\u0259hb\u0259rlik ed\u0259n Ulu \u00d6nd\u0259r Heyd\u0259r \u018fliyev Az\u0259rbaycan\u0131n inki\u015faf\u0131 namin\u0259 m\u00fch\u00fcm siyasi q\u0259rarlar\u0131n verilm\u0259sin\u0259 nail olmu\u015fdur. Eyni zamanda, xalq\u0131n milli m\u0259d\u0259ni d\u0259y\u0259rl\u0259rinin qorunub saxlanmas\u0131 da Ulu \u00d6nd\u0259rin ad\u0131 il\u0259 ba\u011fl\u0131d\u0131r. Dahi \u015f\u0259xsiyy\u0259tin Az\u0259rbaycan dili il\u0259 ba\u011fl\u0131 tarixi t\u0259\u015f\u0259bb\u00fcs\u00fc milli dilimizin qorunub saxlanms\u0131 \u00fc\u00e7\u00fcn at\u0131lm\u0131\u015f \u00e7ox b\u00f6y\u00fck v\u0259 q\u0259tiyy\u0259tli add\u0131m olmu\u015fdur. Ulu \u00f6nd\u0259r Heyd\u0259r \u018fliyevin \u201cAz\u0259rbaycan Sovet Sosialist Respublikas\u0131n\u0131n d\u00f6vl\u0259t dili Az\u0259rbaycan dilidir.\u201d- t\u0259klifi\u00a0 1978-ci il 21 aprel tarixind\u0259 q\u0259bul olunmu\u015f Az\u0259rbaycan SSR Konstitusiyas\u0131nda \u00f6z \u0259ksini tapm\u0131\u015fd\u0131r. Az\u0259rbaycan dilin\u0259 d\u00f6vl\u0259t dili statusunun verilm\u0259si \u00fcmummilli lider Heyd\u0259r \u018fliyevin xalq qar\u015f\u0131s\u0131nda \u0259n b\u00f6y\u00fck tarixi xidm\u0259tl\u0259rind\u0259n biridir. Ulu \u00d6nd\u0259r bununla g\u0259l\u0259c\u0259k m\u00fcst\u0259qil d\u00f6vl\u0259t\u00e7iliyin milli r\u0259mzl\u0259rind\u0259n birini m\u0259har\u0259tl\u0259 qorumu\u015fdur.<\/p>\n<p>Milli d\u00f6vl\u0259t\u00e7ilik \u0259n\u0259n\u0259l\u0259rin\u0259 b\u00f6y\u00fck ehtiram b\u0259sl\u0259y\u0259n ulu \u00f6nd\u0259r Heyd\u0259r \u018fliyev\u00a0 Sovet imperiyas\u0131 tamamil\u0259 s\u00fcqut etm\u0259mi\u015f, 1990-c\u0131 il noyabr\u0131n 17-d\u0259 Az\u0259rbaycan Xalq C\u00fcmhuriyy\u0259tinin \u00fc\u00e7r\u0259ngli D\u00f6vl\u0259t bayra\u011f\u0131n\u0131 Nax\u00e7\u0131van Muxtar Respublikas\u0131n\u0131n d\u00f6vl\u0259t bayra\u011f\u0131 olaraq t\u0259sdiq etmi\u015f, Az\u0259rbaycan SSR Ali Soveti qar\u015f\u0131s\u0131nda \u00fc\u00e7r\u0259ngli bayra\u011f\u0131n Az\u0259rbaycan\u0131n r\u0259smi d\u00f6vl\u0259t r\u0259mzi kimi tan\u0131nmas\u0131 haqq\u0131nda v\u0259sat\u0259t qald\u0131rm\u0131\u015fd\u0131. Ulu \u00d6nd\u0259r h\u0259r zaman xalq\u0131n milli birliyinin t\u0259min olunmas\u0131 \u00fc\u00e7\u00fcn d\u0259 var g\u00fcc\u00fc il\u0259 \u00e7al\u0131\u015fm\u0131\u015fd\u0131r. Bel\u0259 ki, Nax\u00e7\u0131van Muxtar Respublikas\u0131 Ali M\u0259clisinin 1991-ci il dekabr\u0131n 16-da Heyd\u0259r \u018fliyevin s\u0259drliyi il\u0259 ke\u00e7\u0259n iclas\u0131nda 31 dekabr\u0131n D\u00fcnya Az\u0259rbaycanl\u0131lar\u0131n\u0131n H\u0259mr\u0259ylik bayram\u0131 kimi qeyd olunmas\u0131 bar\u0259d\u0259 q\u0259rar q\u0259bul edilmi\u015f, Ali M\u0259clis bununla ba\u011fl\u0131 qanunvericilik akt\u0131n\u0131n q\u0259bul olunmas\u0131 \u00fc\u00e7\u00fcn \u00f6lk\u0259 parlamentin\u0259 &#8211; Az\u0259rbaycan Respublikas\u0131n\u0131n Ali Sovetin\u0259 m\u00fcraci\u0259t etmi\u015fdi. Art\u0131q \u00a031 ildir ki, \u00a0D\u00fcnya az\u0259rbaycanl\u0131lar\u0131 bu g\u00fcn\u00fc bayram kimi qeyd edir. D\u00fcnya az\u0259rbaycanl\u0131lar\u0131n\u0131n h\u0259mr\u0259yliyi, onlar\u0131n t\u0259\u015fkilatlanmas\u0131 prosesini daim diqq\u0259t m\u0259rk\u0259zind\u0259 saxlayan Ulu \u00d6nd\u0259r h\u0259mr\u0259ylik g\u00fcn\u00fcn\u00fc t\u0259sis etm\u0259kl\u0259 xalq\u0131n birl\u0259\u015fm\u0259sin\u0259 v\u0259 ideoloji h\u0259mr\u0259yliyin\u0259 m\u00fcv\u0259ff\u0259q olmu\u015fdur. H\u0259mr\u0259ylik g\u00fcn\u00fc d\u00fcnyan\u0131n 70-d\u0259n \u00e7ox \u00f6lk\u0259sind\u0259 ya\u015fayan 50 milyondan art\u0131q az\u0259rbaycanl\u0131 il\u0259 \u0259laq\u0259 qurmaq, onlar aras\u0131nda birlik v\u0259 h\u0259mr\u0259ylik yaratmaq i\u015find\u0259 m\u00fch\u00fcm rol oynay\u0131r.<\/p>\n<p>Az\u0259rbaycan xalq\u0131 da h\u0259r zaman ulu \u00f6nd\u0259r Heyd\u0259r \u018fliyev\u0259 \u00fcmid b\u0259sl\u0259mi\u015f, \u00e7\u0259tin m\u0259qamlarda xalq \u00f6z b\u00f6y\u00fck o\u011flunun \u0259traf\u0131nda birl\u0259\u015fmi\u015fdir. Az\u0259rbaycan bel\u0259 \u00e7\u0259tin bir d\u00f6vr\u00fc 1990-c\u0131 ill\u0259rin \u0259vv\u0259ll\u0259rind\u0259 ya\u015fay\u0131rd\u0131. M\u0259hz h\u0259min m\u0259qamda xalq \u00f6z qurtulu\u015f nicat\u0131n\u0131 Ulu \u00d6nd\u0259r Heyd\u0259r \u018fliyev\u0259 m\u00fcraci\u0259t etm\u0259kd\u0259 g\u00f6rd\u00fc. Xalq dahi \u015f\u0259xsiyy\u0259tin \u0259traf\u0131nda birl\u0259\u015fm\u0259k \u00fc\u00e7\u00fcn siyasi bir t\u0259\u015fkilata ehtiyac duyurdu. Az\u0259rbaycan\u0131n taleyini d\u00fc\u015f\u00fcn\u0259n insanlar \u00f6lk\u0259ni b\u00f6hrandan \u00e7\u0131xara bil\u0259c\u0259k yeni bir partiya yaratmaq t\u0259\u015f\u0259bb\u00fcs\u00fc il\u0259 \u00e7\u0131x\u0131\u015f etdil\u0259r v\u0259 bu m\u0259qs\u0259dl\u0259 xalq\u0131n s\u0131nanm\u0131\u015f lideri v\u0259 m\u00fcdrik o\u011flu Heyd\u0259r \u018fliyevin \u015f\u0259xsiyy\u0259ti \u0259traf\u0131nda birl\u0259\u015fdil\u0259r. Yeni Az\u0259rbaycan Partiyas\u0131n\u0131n yaranmas\u0131 1988-ci ild\u0259n ba\u015flayaraq \u00f6lk\u0259mizd\u0259 c\u0259r\u0259yan ed\u0259n hadis\u0259l\u0259rin yekunu v\u0259 m\u00f6vcud olan ictimai-siyasi \u015f\u0259raitin m\u0259ntiqi n\u0259tic\u0259si idi. Az\u0259rbaycan\u0131n b\u00fct\u00fcn regionlar\u0131ndan se\u00e7ilmi\u015f n\u00fcmay\u0259nd\u0259l\u0259rin t\u0259msil olundu\u011fu konfrans 1992-ci il noyabr\u0131n 21-d\u0259 Heyd\u0259r \u018fliyevin s\u0259drliyi il\u0259 ke\u00e7irildi. 550 n\u0259f\u0259rd\u0259n ibar\u0259t t\u0259\u015f\u0259bb\u00fcs qrupu Nax\u00e7\u0131vana ged\u0259r\u0259k partiyan\u0131n t\u0259sis konfrans\u0131n\u0131 orada ke\u00e7irm\u0259y\u0259 nail oldular. T\u0259sis konfrans\u0131 Yeni Az\u0259rbaycan Partiyas\u0131n\u0131n yarad\u0131lmas\u0131 haqq\u0131nda q\u0259rar, partiyan\u0131n Proqram v\u0259 Nizamnam\u0259sini q\u0259bul etdi. Konfransda Heyd\u0259r \u018fliyev yekdillikl\u0259 partiyan\u0131n S\u0259dri se\u00e7ildi. Bel\u0259likl\u0259, m\u00fcst\u0259qil Az\u0259rbaycan\u0131n tarixind\u0259 \u00f6z \u00fcz\u0259rin\u0259 b\u00f6y\u00fck tarixi missiya g\u00f6t\u00fcr\u0259n Yeni Az\u0259rbaycan Partiyas\u0131 yarand\u0131. Ulu \u00d6nd\u0259r c\u0259miyy\u0259timizin apar\u0131c\u0131 siyasi q\u00fcvv\u0259si olan Yeni Az\u0259rbaycan Partiyas\u0131n\u0131 q\u0131sa zamanda inki\u015faf etdirdi, \u00f6z\u00fcn\u00fcn dediyi kimi, \u201cd\u00fcn\u0259nin, bu g\u00fcn\u00fcn v\u0259 sabah\u0131n partiyas\u0131\u201d s\u0259viyy\u0259sin\u0259 y\u00fcks\u0259ltdi.<\/p>\n<p>\u00dcmummilli Liderimiz r\u0259hb\u0259rlik etdiyi d\u00f6vr \u0259rzind\u0259 Az\u0259rbaycan\u0131 bir d\u00f6vl\u0259t kimi zaman\u0131n a\u011f\u0131r v\u0259 s\u0259rt s\u0131naqlar\u0131ndan \u00e7\u0131xara bilmi\u015f, \u00f6lk\u0259nin g\u0259l\u0259c\u0259k inki\u015faf strategiyas\u0131n\u0131 m\u00fc\u0259yy\u0259n etmi\u015f v\u0259 onun h\u0259yata ke\u00e7irilm\u0259si \u00fc\u00e7\u00fcn m\u00fch\u00fcm add\u0131mlar atm\u0131\u015fd\u0131r. Ulu \u00d6nd\u0259rin 1993-c\u00fc ilin oktyabr\u0131nda d\u00f6vl\u0259t ba\u015f\u00e7\u0131s\u0131 se\u00e7ilm\u0259sind\u0259n sonra m\u00fcst\u0259qil Az\u0259rbaycan\u0131n h\u00fcquqi v\u0259 siyasi-iqtisadi suverenliyinin t\u0259min olunmas\u0131n \u0259sas\u0131 qoyulmu\u015fdur. \u00dcmummilli Lider ilk n\u00f6vb\u0259d\u0259, \u00f6lk\u0259d\u0259 ictimai-siyasi sabitliyin b\u0259rpas\u0131 istiqam\u0259tind\u0259 g\u0259rgin i\u015f aparm\u0131\u015f, \u00f6lk\u0259d\u0259ki qeyri-qanuni silahl\u0131 d\u0259st\u0259l\u0259r z\u0259r\u0259rsizl\u0259\u015fdirilmi\u015f, respublikam\u0131z\u0131n sosial-iqtisadi y\u00fcks\u0259li\u015fin\u0259 yol a\u00e7an \u0259n m\u00fch\u00fcm amil kimi c\u0259miyy\u0259td\u0259 ictimai-siyasi sabitlik b\u0259rq\u0259rar edilmi\u015fdir.<\/p>\n<p>\u0130ctimai-siyasi sabitlik b\u0259rq\u0259rar edilm\u0259kl\u0259 paralel \u00f6lk\u0259d\u0259 ordu quruculu\u011fu m\u0259s\u0259l\u0259l\u0259rin\u0259 x\u00fcsusi diqq\u0259t ayr\u0131l\u0131rd\u0131. M\u00fcst\u0259qilliyin ilk ill\u0259rind\u0259 m\u00f6vcud olan ayr\u0131-ayr\u0131 \u015f\u0259xsl\u0259r\u0259 v\u0259 siyasi qrupla\u015fmalara xidm\u0259t ed\u0259n silahl\u0131 birl\u0259\u015fm\u0259l\u0259r Ali Ba\u015f Komandan Heyd\u0259r \u018fliyevin m\u0259qs\u0259dy\u00f6nl\u00fc v\u0259 q\u0259tiyy\u0259tli siyas\u0259ti n\u0259tic\u0259sind\u0259 l\u0259\u011fv edilmi\u015f, Milli Ordunun formala\u015fd\u0131r\u0131lmas\u0131, Az\u0259rbaycan\u0131n nizami Silahl\u0131 Q\u00fcvv\u0259l\u0259rinin yarad\u0131lmas\u0131 il\u0259 ba\u011fl\u0131 t\u0259xir\u0259sal\u0131nmaz t\u0259dbirl\u0259r g\u00f6r\u00fclm\u00fc\u015f, orduda k\u00fctl\u0259vi f\u0259rarilik hallar\u0131na son qoyulmu\u015f, h\u0259rbi intizam m\u00f6hk\u0259ml\u0259ndirilmi\u015fdir. 1994-c\u00fc il may\u0131n 12-d\u0259 Erm\u0259nistan-Az\u0259rbaycan h\u0259rbi m\u00fcnaqi\u015f\u0259sind\u0259 at\u0259\u015fk\u0259s haqq\u0131nda sazi\u015f imzaland\u0131qdan sonra Az\u0259rbaycan Milli Ordusunun formala\u015fmas\u0131 daha da s\u00fcr\u0259tl\u0259ndi. Milli Ordunun formala\u015fmas\u0131nda ulu \u00f6nd\u0259r Heyd\u0259r \u018fliyevin h\u0259l\u0259 sovet d\u00f6n\u0259nimd\u0259 m\u00fcst\u0259sna xidm\u0259tl\u0259ri say\u0259sind\u0259 yarad\u0131lan h\u0259rbi kadrlar haz\u0131rlayan m\u0259kt\u0259bin \u2013 g\u00f6rk\u0259mli s\u0259rk\u0259rd\u0259 C\u0259m\u015fid Nax\u00e7\u0131vanskinin ad\u0131n\u0131 da\u015f\u0131yan h\u0259rbi liseyin m\u0259zunlar\u0131ndan istifad\u0259 edildi. Ulu \u00f6nd\u0259r Heyd\u0259r \u018fliyevin 1998-ci il 22 may tarixli S\u0259r\u0259ncam\u0131na \u0259sas\u0259n, \u018flahidd\u0259 Az\u0259rbaycan Korpusunun yarand\u0131\u011f\u0131 g\u00fcn \u2013 26 iyun Az\u0259rbaycan Respublikas\u0131n\u0131n Silahl\u0131 Q\u00fcvv\u0259l\u0259ri G\u00fcn\u00fc elan olundu v\u0259 h\u0259r il bu tarix r\u0259smi d\u00f6vl\u0259t bayram\u0131 kimi qeyd edilir.<\/p>\n<p>Ulu \u00f6nd\u0259r Heyd\u0259r \u018fliyevin Az\u0259rbaycan d\u00f6vl\u0259t\u00e7iliyi qar\u015f\u0131s\u0131ndak\u0131 \u0259n b\u00f6y\u00fck xidm\u0259tl\u0259rind\u0259n biri d\u0259 m\u00fcst\u0259qil d\u00f6vl\u0259tin yeni, m\u00fcasir Konstitusiyas\u0131n\u0131n haz\u0131rlanmas\u0131d\u0131r. M\u00fcst\u0259qil Az\u0259rbaycan\u0131n ilk Konstitusiyas\u0131n\u0131n m\u00fc\u0259llifi olan Heyd\u0259r \u018fliyev demokratik, h\u00fcquqi d\u00f6vl\u0259t quruculu\u011fu istiqam\u0259tind\u0259 davaml\u0131 siyas\u0259t yerid\u0259r\u0259k, \u00f6lk\u0259d\u0259 insan h\u00fcquq v\u0259 azadl\u0131qlar\u0131n\u0131n ba\u015fl\u0131ca prinsipl\u0259rinin b\u0259rq\u0259rar olmas\u0131 \u00fc\u00e7\u00fcn \u0259sasl\u0131 z\u0259min yaratm\u0131\u015fd\u0131r. 1995-ci il noyabr\u0131n 12-d\u0259 ke\u00e7irilmi\u015f referendumda se\u00e7icil\u0259rin 86 faizi i\u015ftirak etmi\u015f v\u0259 onlar\u0131n 91,9 faizi Konstitusiyan\u0131n q\u0259bul edilm\u0259sinin lehin\u0259 s\u0259s vermi\u015fdir. D\u00f6vl\u0259tin \u018fsas Qanunu 1995-ci il noyabr\u0131n 27-d\u0259 q\u00fcvv\u0259y\u0259 minmi\u015fdir. Ulu \u00f6nd\u0259r Heyd\u0259r \u018fliyevin r\u0259hb\u0259rliyi il\u0259 h\u0259yata ke\u00e7iril\u0259n siyas\u0259t fonunda \u00f6lk\u0259nin siyasi-h\u00fcquqi sistemind\u0259 m\u00fcsb\u0259t m\u0259nada \u0259sasl\u0131 d\u0259yi\u015fiklikl\u0259r oldu. D\u00f6vl\u0259tin h\u00fcquqi bazas\u0131n\u0131n m\u00f6hk\u0259ml\u0259ndirilm\u0259si istiqam\u0259tind\u0259 n\u00f6vb\u0259ti add\u0131mlar at\u0131ld\u0131: m\u0259hk\u0259m\u0259 islahatlar\u0131n\u0131n h\u0259yata ke\u00e7irilm\u0259si, Konstitusiya M\u0259hk\u0259m\u0259sinin v\u0259 Ombudsman t\u0259sisat\u0131n\u0131n yarad\u0131lmas\u0131, \u00f6l\u00fcm h\u00f6km\u00fcn\u00fcn l\u0259\u011fv edilm\u0259si v\u0259 onlarla dig\u0259r bu kimi islahat xarakterli demokratik t\u0259\u015f\u0259bb\u00fcsl\u0259r bilavasit\u0259 Heyd\u0259r \u018fliyevin g\u0259rgin \u0259m\u0259yinin n\u0259tic\u0259sidir. Bir s\u00f6zl\u0259, ulu \u00f6nd\u0259r Heyd\u0259r \u018fliyev h\u00fcquqi d\u00f6vl\u0259tin sars\u0131lmaz \u0259saslar\u0131n\u0131 qoydu.<\/p>\n<p>Az\u0259rbaycan Heyd\u0259r \u018fliyevin u\u011furlu siyas\u0259ti say\u0259sind\u0259 d\u00fcnyada tan\u0131nan n\u00fcfuzlu bir d\u00f6vl\u0259t\u0259 \u00e7evrilmi\u015fdir \u2013 q\u0131sa m\u00fcdd\u0259t \u0259rzind\u0259 xarici siyas\u0259t sah\u0259sind\u0259 b\u00f6y\u00fck d\u00f6n\u00fc\u015f yaranm\u0131\u015f, u\u011furlar \u0259ld\u0259 olunmu\u015fdur. Yaln\u0131z Heyd\u0259r \u018fliyevin hakimiyy\u0259t\u0259 qay\u0131d\u0131\u015f\u0131ndan sonra Az\u0259rbaycan \u00f6z\u00fcn\u00fcn geosiyasi imkanlar\u0131n\u0131 ger\u00e7\u0259kl\u0259\u015fdirm\u0259y\u0259 ba\u015flam\u0131\u015fd\u0131r. Az\u0259rbaycan\u0131n beyn\u0259lxalq al\u0259md\u0259n t\u0259crid olunmaq t\u0259hl\u00fck\u0259si aradan qald\u0131r\u0131lm\u0131\u015fd\u0131r. D\u00fcnya siyas\u0259t meydan\u0131nda c\u0259r\u0259yan ed\u0259n prosesl\u0259r\u0259 t\u0259sir bax\u0131m\u0131ndan Ulu \u00d6nd\u0259r h\u0259mi\u015f\u0259 \u00f6z s\u00f6z\u00fc v\u0259 \u00e7\u0259kisi il\u0259 se\u00e7ilmi\u015fdir. Heyd\u0259r \u018fliyevin xarici siyas\u0259t m\u0259s\u0259l\u0259l\u0259rin\u0259 m\u00fcst\u0259sna \u0259h\u0259miyy\u0259t verm\u0259si, beyn\u0259lxalq miqyasda u\u011furlu v\u0259 c\u0259sar\u0259tli add\u0131mlar atmas\u0131, milli m\u0259qs\u0259dl\u0259r namin\u0259 \u0259n n\u00fcfuzlu tribunalardan bacar\u0131q v\u0259 m\u0259har\u0259tl\u0259 istifad\u0259 etm\u0259si Az\u0259rbaycan d\u00f6vl\u0259t\u00e7iliyinin bu g\u00fcn\u00fc v\u0259 g\u0259l\u0259c\u0259yi bax\u0131m\u0131ndan son d\u0259r\u0259c\u0259 \u0259h\u0259miyy\u0259tli olmu\u015fdur. F\u0259al diplomatiyan\u0131n n\u0259tic\u0259sind\u0259 d\u00fcnyan\u0131n demokratik d\u00f6vl\u0259tl\u0259rinin v\u0259 apar\u0131c\u0131 t\u0259\u015fkilatlar\u0131n\u0131n \u00f6lk\u0259miz\u0259, onun zorla c\u0259lb olundu\u011fu silahl\u0131 m\u00fcnaqi\u015f\u0259y\u0259 m\u00fcnasib\u0259tinin \u0259sasl\u0131 sur\u0259td\u0259 d\u0259yi\u015fm\u0259si m\u00fcmk\u00fcn olmu\u015fdur. Heyd\u0259r \u018fliyevin xarici siyas\u0259tinin \u0259sas\u0131n\u0131 s\u00fclh, beyn\u0259lxalq h\u00fcquq normalar\u0131na, s\u0259rh\u0259dl\u0259rin b\u00fct\u00f6vl\u00fcy\u00fcn\u0259 v\u0259 toxunulmazl\u0131\u011f\u0131na, d\u00f6vl\u0259tl\u0259rin \u0259razi b\u00fct\u00f6vl\u00fcy\u00fcn\u0259 h\u00f6rm\u0259t v\u0259 qar\u015f\u0131l\u0131ql\u0131 sur\u0259td\u0259 faydal\u0131 \u0259m\u0259kda\u015fl\u0131q prinsipl\u0259ri t\u0259\u015fkil etmi\u015fdir.<\/p>\n<p>\u00dcmummilli lider Heyd\u0259r \u018fliyevin formala\u015fd\u0131rd\u0131\u011f\u0131 v\u0259 inki\u015faf etdirdiyi az\u0259rbaycan\u00e7\u0131l\u0131q f\u0259ls\u0259f\u0259si Az\u0259rbaycan\u0131n m\u00fcasir d\u00fcnyada yerini m\u00fc\u0259yy\u0259n etmi\u015f, milli d\u00f6vl\u0259t\u00e7iliyimizin ideya \u0259sas\u0131n\u0131 t\u0259\u015fkil ed\u0259r\u0259k D\u00fcnya az\u0259rbaycanl\u0131lar\u0131n\u0131n h\u0259mr\u0259yliyi \u00fc\u00e7\u00fcn m\u00f6hk\u0259m z\u0259min yaratm\u0131\u015fd\u0131r. Az\u0259rbaycan ziyal\u0131s\u0131n\u0131 son y\u00fczillikl\u0259rd\u0259 \u0259n ciddi formada d\u00fc\u015f\u00fcnd\u00fcr\u0259n milli dir\u00e7\u0259li\u015f probleml\u0259ri b\u00fct\u00f6v \u015f\u0259kild\u0259 Ulu \u00f6nd\u0259r Heyd\u0259r \u018fliyevin h\u0259min ill\u0259rd\u0259ki f\u0259aliyy\u0259ti il\u0259 strateji d\u00f6vl\u0259t siyas\u0259tin\u0259, elmd\u0259n, sosiologiyadan v\u0259 f\u0259ls\u0259f\u0259d\u0259n \u0259m\u0259li siyas\u0259t m\u00fcst\u0259visin\u0259 ke\u00e7mi\u015fdir. Az\u0259rbaycan\u00e7\u0131l\u0131q ideologiyas\u0131 t\u0259kc\u0259 bu d\u00f6vl\u0259tin \u0259razisind\u0259 ya\u015fayan \u015f\u0259xsl\u0259ri yox, eyni zamanda, b\u00fct\u00fcn d\u00fcnyada m\u0259skunla\u015fan az\u0259rbaycanl\u0131lar\u0131 \u0259hat\u0259 ed\u0259n, D\u00fcnya az\u0259rbaycanl\u0131lar\u0131n\u0131 vahid ideologiya \u0259traf\u0131nda birl\u0259\u015fdir\u0259n milli m\u0259fkur\u0259y\u0259 \u00e7evrildi. \u201cH\u0259r bir insan \u00fc\u00e7\u00fcn onun milli m\u0259nsubiyy\u0259ti onun q\u00fcrur m\u0259nb\u0259yidir. M\u0259n h\u0259mi\u015f\u0259 f\u0259xr etmi\u015f\u0259m, bu g\u00fcn d\u0259 f\u0259xr edir\u0259m ki, m\u0259n az\u0259rbaycanl\u0131yam!\u201d \u2013 Ulu \u00f6nd\u0259r Heyd\u0259r \u018fliyevin bu k\u0259lamlar\u0131 h\u0259r bir h\u0259mv\u0259t\u0259nimiz \u00fc\u00e7\u00fcn milli q\u00fcrur r\u0259mzin\u0259 \u00e7evrilmi\u015fdir.<\/p>\n<p><strong>Cavid Osmanov,<\/strong><br \/>\n<u>Milli M\u0259clisin deputat\u0131<\/u><\/p>\n","protected":false},"excerpt":{"rendered":"<p>\u00d6mr\u00fcn\u00fc \u00f6lk\u0259sin\u0259 v\u0259 xalq\u0131na xidm\u0259t\u0259 h\u0259sr ed\u0259n dahi \u015f\u0259xsiyy\u0259t Heyd\u0259r \u018fliyev m\u00fcst\u0259qil Az\u0259rbaycan\u0131n tarixind\u0259 xilaskar kimi \u0259b\u0259di qalacaqd\u0131r. Az\u0259rbaycanda el\u0259 bir sah\u0259 yoxdur ki, orada ulu \u00f6nd\u0259r Heyd\u0259r \u018fliyevin misilsiz xidm\u0259tl\u0259ri olmas\u0131n. M\u0259hz bu s\u0259b\u0259bd\u0259n d\u0259 Az\u0259rbaycan dey\u0259nd\u0259 Heyd\u0259r \u018fliyev, Heyd\u0259r \u018fliyev dey\u0259nd\u0259 is\u0259 Az\u0259rbaycan yada d\u00fc\u015f\u00fcr. Milli liderlikl\u0259 siyasi liderlik keyfiyy\u0259tl\u0259rinin bir d\u00f6vl\u0259t adam\u0131nda birl\u0259\u015fm\u0259si b\u0259\u015f\u0259r tarixind\u0259 nadir rast g\u0259lin\u0259n hald\u0131r. Ulu \u00d6nd\u0259r f\u0259aliyy\u0259t g\u00f6st\u0259rdiyi b\u00fct\u00fcn sah\u0259l\u0259rd\u0259 \u00f6z\u00fcn\u00fc m\u0259hz birinci \u015f\u0259xs kimi, lider kimi t\u0259sdiq etmi\u015fdir. O, idar\u0259etm\u0259nin ustad\u0131 v\u0259 siyas\u0259tin kamil bilicisi idi. D\u00fcnya tarixi s\u00fcbut etmi\u015fdir ki,&hellip;<\/p>\n","protected":false},"author":2,"featured_media":472134,"comment_status":"closed","ping_status":"closed","sticky":false,"template":"","format":"standard","meta":{"om_disable_all_campaigns":false,"_monsterinsights_skip_tracking":false,"_monsterinsights_sitenote_active":false,"_monsterinsights_sitenote_note":"","_monsterinsights_sitenote_category":0},"categories":[19],"tags":[],"aioseo_notices":[],"gutentor_comment":0,"rttpg_featured_image_url":{"full":["https:\/\/arantv.az\/wp-content\/uploads\/2022\/05\/b8af7d0f159211842652545923811035784.jpg",975,540,false],"landscape":["https:\/\/arantv.az\/wp-content\/uploads\/2022\/05\/b8af7d0f159211842652545923811035784.jpg",975,540,false],"portraits":["https:\/\/arantv.az\/wp-content\/uploads\/2022\/05\/b8af7d0f159211842652545923811035784.jpg",975,540,false],"thumbnail":["https:\/\/arantv.az\/wp-content\/uploads\/2022\/05\/b8af7d0f159211842652545923811035784-500x280.jpg",500,280,true],"medium":["https:\/\/arantv.az\/wp-content\/uploads\/2022\/05\/b8af7d0f159211842652545923811035784-660x365.jpg",660,365,true],"large":["https:\/\/arantv.az\/wp-content\/uploads\/2022\/05\/b8af7d0f159211842652545923811035784-840x465.jpg",640,354,true],"1536x1536":["https:\/\/arantv.az\/wp-content\/uploads\/2022\/05\/b8af7d0f159211842652545923811035784.jpg",975,540,false],"2048x2048":["https:\/\/arantv.az\/wp-content\/uploads\/2022\/05\/b8af7d0f159211842652545923811035784.jpg",975,540,false],"post-thumbnail":["https:\/\/arantv.az\/wp-content\/uploads\/2022\/05\/b8af7d0f159211842652545923811035784-240x172.jpg",240,172,true],"advps-thumb-one":["https:\/\/arantv.az\/wp-content\/uploads\/2022\/05\/b8af7d0f159211842652545923811035784.jpg",975,540,false]},"rttpg_author":{"display_name":"V\u00fcsal Rafiqo\u011flu","author_link":"https:\/\/arantv.az\/?author=2"},"rttpg_comment":0,"rttpg_category":"<a href=\"https:\/\/arantv.az\/?cat=19\" rel=\"category\">G\u00fcnd\u0259m<\/a>","rttpg_excerpt":"\u00d6mr\u00fcn\u00fc \u00f6lk\u0259sin\u0259 v\u0259 xalq\u0131na xidm\u0259t\u0259 h\u0259sr ed\u0259n dahi \u015f\u0259xsiyy\u0259t Heyd\u0259r \u018fliyev m\u00fcst\u0259qil Az\u0259rbaycan\u0131n tarixind\u0259 xilaskar kimi \u0259b\u0259di qalacaqd\u0131r. Az\u0259rbaycanda el\u0259 bir sah\u0259 yoxdur ki, orada ulu \u00f6nd\u0259r Heyd\u0259r \u018fliyevin misilsiz xidm\u0259tl\u0259ri olmas\u0131n. M\u0259hz bu s\u0259b\u0259bd\u0259n d\u0259 Az\u0259rbaycan dey\u0259nd\u0259 Heyd\u0259r \u018fliyev, Heyd\u0259r \u018fliyev dey\u0259nd\u0259 is\u0259 Az\u0259rbaycan yada d\u00fc\u015f\u00fcr. Milli liderlikl\u0259 siyasi liderlik keyfiyy\u0259tl\u0259rinin bir d\u00f6vl\u0259t adam\u0131nda&hellip;","_links":{"self":[{"href":"https:\/\/arantv.az\/index.php?rest_route=\/wp\/v2\/posts\/472133"}],"collection":[{"href":"https:\/\/arantv.az\/index.php?rest_route=\/wp\/v2\/posts"}],"about":[{"href":"https:\/\/arantv.az\/index.php?rest_route=\/wp\/v2\/types\/post"}],"author":[{"embeddable":true,"href":"https:\/\/arantv.az\/index.php?rest_route=\/wp\/v2\/users\/2"}],"replies":[{"embeddable":true,"href":"https:\/\/arantv.az\/index.php?rest_route=%2Fwp%2Fv2%2Fcomments&post=472133"}],"version-history":[{"count":0,"href":"https:\/\/arantv.az\/index.php?rest_route=\/wp\/v2\/posts\/472133\/revisions"}],"wp:featuredmedia":[{"embeddable":true,"href":"https:\/\/arantv.az\/index.php?rest_route=\/wp\/v2\/media\/472134"}],"wp:attachment":[{"href":"https:\/\/arantv.az\/index.php?rest_route=%2Fwp%2Fv2%2Fmedia&parent=472133"}],"wp:term":[{"taxonomy":"category","embeddable":true,"href":"https:\/\/arantv.az\/index.php?rest_route=%2Fwp%2Fv2%2Fcategories&post=472133"},{"taxonomy":"post_tag","embeddable":true,"href":"https:\/\/arantv.az\/index.php?rest_route=%2Fwp%2Fv2%2Ftags&post=472133"}],"curies":[{"name":"wp","href":"https:\/\/api.w.org\/{rel}","templated":true}]}}