{"id":47214,"date":"2019-03-25T16:22:32","date_gmt":"2019-03-25T13:22:32","guid":{"rendered":"http:\/\/arantv.az\/?p=47214"},"modified":"2019-03-25T16:22:32","modified_gmt":"2019-03-25T13:22:32","slug":"kurd%c9%99mird%c9%99-d%c9%99hs%c9%99t-2-usaq-anasi-olan-28-yasli-qadin","status":"publish","type":"post","link":"https:\/\/arantv.az\/?p=47214","title":{"rendered":"K\u00fcrd\u0259mird\u0259 D\u018fH\u015e\u018fT &#8211; 2 u\u015faq anas\u0131 olan 28 ya\u015fl\u0131 qad\u0131n&#8230;"},"content":{"rendered":"<p>K\u00fcrd\u0259mir rayonunda intihar hadis\u0259si ba\u015f verib.<\/p>\n<div id=\"AdributorNativeVideo0\" class=\"AdributorNativeVideo\"><\/div>\n<p><b>ARANTV.AZ\u00a0<\/b>\u00a0publika.az-a istinad\u0259n x\u0259b\u0259r verir ki, rayonun Pirili k\u0259nd sakini, 1991-ci il t\u0259v\u0259ll\u00fcdl\u00fc S\u0259f\u0259rova G\u00fclnar\u0259 \u018fliyar q\u0131z\u0131 \u00f6z\u00fcn\u00fc ya\u015fad\u0131\u011f\u0131 evd\u0259 asaraq intihar edib.<br \/>\n<ins><\/ins><\/p>\n<div id=\"beacon_e77ca4ee71\"><img loading=\"lazy\" src=\"https:\/\/ads2.newmedia.az\/www\/delivery\/lg.php?bannerid=0&amp;campaignid=0&amp;zoneid=975&amp;loc=https%3A%2F%2Fbig.az%2F348599-kurdemirde_dehset_-_2_usaq_anasi_olan_28_yasli_qadin.html&amp;referer=https%3A%2F%2Fbig.az%2F&amp;cb=e77ca4ee71\" alt=\"\" width=\"0\" height=\"0\" \/><\/div>\n<p>2 u\u015faq anas\u0131 olan qad\u0131n\u0131n hans\u0131 s\u0259b\u0259bd\u0259n h\u0259yat\u0131na son qoymas\u0131 h\u0259l\u0259lik b\u0259lli deyil. Ail\u0259 \u00fczvl\u0259ri G\u00fclnar\u0259nin h\u0259r hans\u0131 ciddi probleminin olmad\u0131\u011f\u0131n\u0131 bildiribl\u0259r.<\/p>\n<p>Faktla ba\u011fl\u0131 cinay\u0259t i\u015fi ba\u015flan\u0131l\u0131b, ara\u015fd\u0131rma apar\u0131l\u0131r.<\/p>\n<p>&nbsp;<\/p>\n","protected":false},"excerpt":{"rendered":"<p>K\u00fcrd\u0259mir rayonunda intihar hadis\u0259si ba\u015f verib. ARANTV.AZ\u00a0\u00a0publika.az-a istinad\u0259n x\u0259b\u0259r verir ki, rayonun Pirili k\u0259nd sakini, 1991-ci il t\u0259v\u0259ll\u00fcdl\u00fc S\u0259f\u0259rova G\u00fclnar\u0259 \u018fliyar q\u0131z\u0131 \u00f6z\u00fcn\u00fc ya\u015fad\u0131\u011f\u0131 evd\u0259 asaraq intihar edib. 2 u\u015faq anas\u0131 olan qad\u0131n\u0131n hans\u0131 s\u0259b\u0259bd\u0259n h\u0259yat\u0131na son qoymas\u0131 h\u0259l\u0259lik b\u0259lli deyil. Ail\u0259 \u00fczvl\u0259ri G\u00fclnar\u0259nin h\u0259r hans\u0131 ciddi probleminin olmad\u0131\u011f\u0131n\u0131 bildiribl\u0259r. Faktla ba\u011fl\u0131 cinay\u0259t i\u015fi ba\u015flan\u0131l\u0131b, ara\u015fd\u0131rma apar\u0131l\u0131r. &nbsp;<\/p>\n","protected":false},"author":2,"featured_media":47215,"comment_status":"closed","ping_status":"closed","sticky":false,"template":"","format":"standard","meta":{"om_disable_all_campaigns":false,"_monsterinsights_skip_tracking":false,"_monsterinsights_sitenote_active":false,"_monsterinsights_sitenote_note":"","_monsterinsights_sitenote_category":0},"categories":[5],"tags":[],"aioseo_notices":[],"gutentor_comment":0,"rttpg_featured_image_url":{"full":["https:\/\/arantv.az\/wp-content\/uploads\/2019\/03\/baliq_1530104911_21553519693.jpg",649,365,false],"landscape":["https:\/\/arantv.az\/wp-content\/uploads\/2019\/03\/baliq_1530104911_21553519693.jpg",649,365,false],"portraits":["https:\/\/arantv.az\/wp-content\/uploads\/2019\/03\/baliq_1530104911_21553519693.jpg",649,365,false],"thumbnail":["https:\/\/arantv.az\/wp-content\/uploads\/2019\/03\/baliq_1530104911_21553519693-150x150.jpg",150,150,true],"medium":["https:\/\/arantv.az\/wp-content\/uploads\/2019\/03\/baliq_1530104911_21553519693-300x169.jpg",300,169,true],"large":["https:\/\/arantv.az\/wp-content\/uploads\/2019\/03\/baliq_1530104911_21553519693.jpg",640,360,false],"1536x1536":["https:\/\/arantv.az\/wp-content\/uploads\/2019\/03\/baliq_1530104911_21553519693.jpg",649,365,false],"2048x2048":["https:\/\/arantv.az\/wp-content\/uploads\/2019\/03\/baliq_1530104911_21553519693.jpg",649,365,false],"post-thumbnail":["https:\/\/arantv.az\/wp-content\/uploads\/2019\/03\/baliq_1530104911_21553519693-240x172.jpg",240,172,true],"advps-thumb-one":["https:\/\/arantv.az\/wp-content\/uploads\/2019\/03\/baliq_1530104911_21553519693.jpg",649,365,false]},"rttpg_author":{"display_name":"V\u00fcsal Rafiqo\u011flu","author_link":"https:\/\/arantv.az\/?author=2"},"rttpg_comment":0,"rttpg_category":"<a href=\"https:\/\/arantv.az\/?cat=5\" rel=\"category\">Hadis\u0259<\/a>","rttpg_excerpt":"K\u00fcrd\u0259mir rayonunda intihar hadis\u0259si ba\u015f verib. ARANTV.AZ\u00a0\u00a0publika.az-a istinad\u0259n x\u0259b\u0259r verir ki, rayonun Pirili k\u0259nd sakini, 1991-ci il t\u0259v\u0259ll\u00fcdl\u00fc S\u0259f\u0259rova G\u00fclnar\u0259 \u018fliyar q\u0131z\u0131 \u00f6z\u00fcn\u00fc ya\u015fad\u0131\u011f\u0131 evd\u0259 asaraq intihar edib. 2 u\u015faq anas\u0131 olan qad\u0131n\u0131n hans\u0131 s\u0259b\u0259bd\u0259n h\u0259yat\u0131na son qoymas\u0131 h\u0259l\u0259lik b\u0259lli deyil. Ail\u0259 \u00fczvl\u0259ri G\u00fclnar\u0259nin h\u0259r hans\u0131 ciddi probleminin olmad\u0131\u011f\u0131n\u0131 bildiribl\u0259r. Faktla ba\u011fl\u0131 cinay\u0259t i\u015fi ba\u015flan\u0131l\u0131b,&hellip;","_links":{"self":[{"href":"https:\/\/arantv.az\/index.php?rest_route=\/wp\/v2\/posts\/47214"}],"collection":[{"href":"https:\/\/arantv.az\/index.php?rest_route=\/wp\/v2\/posts"}],"about":[{"href":"https:\/\/arantv.az\/index.php?rest_route=\/wp\/v2\/types\/post"}],"author":[{"embeddable":true,"href":"https:\/\/arantv.az\/index.php?rest_route=\/wp\/v2\/users\/2"}],"replies":[{"embeddable":true,"href":"https:\/\/arantv.az\/index.php?rest_route=%2Fwp%2Fv2%2Fcomments&post=47214"}],"version-history":[{"count":0,"href":"https:\/\/arantv.az\/index.php?rest_route=\/wp\/v2\/posts\/47214\/revisions"}],"wp:featuredmedia":[{"embeddable":true,"href":"https:\/\/arantv.az\/index.php?rest_route=\/wp\/v2\/media\/47215"}],"wp:attachment":[{"href":"https:\/\/arantv.az\/index.php?rest_route=%2Fwp%2Fv2%2Fmedia&parent=47214"}],"wp:term":[{"taxonomy":"category","embeddable":true,"href":"https:\/\/arantv.az\/index.php?rest_route=%2Fwp%2Fv2%2Fcategories&post=47214"},{"taxonomy":"post_tag","embeddable":true,"href":"https:\/\/arantv.az\/index.php?rest_route=%2Fwp%2Fv2%2Ftags&post=47214"}],"curies":[{"name":"wp","href":"https:\/\/api.w.org\/{rel}","templated":true}]}}