{"id":472161,"date":"2022-05-07T09:18:07","date_gmt":"2022-05-07T06:18:07","guid":{"rendered":"https:\/\/arantv.az\/?p=472161"},"modified":"2022-05-07T09:18:07","modified_gmt":"2022-05-07T06:18:07","slug":"bakinin-5-s%c9%99rtin%c9%99-qarsi-ir%c9%99vanin-6-ci-s%c9%99rti-erm%c9%99nistan-yen%c9%99-ati-dasliga-surur","status":"publish","type":"post","link":"https:\/\/arantv.az\/?p=472161","title":{"rendered":"Bak\u0131n\u0131n 5 \u015f\u0259rtin\u0259 qar\u015f\u0131 \u0130r\u0259van\u0131n \u201c6-c\u0131 \u015f\u0259rti\u201d &#8211; Erm\u0259nistan yen\u0259 \u201cat\u0131 da\u015fl\u0131\u011fa s\u00fcr\u00fcr\u201d"},"content":{"rendered":"<h3><strong>Az\u0259rbaycan bir daha \u00f6z d\u00f6vl\u0259t\u00e7iliyinin alt\u0131na gec partlayan mina qoyulmas\u0131na imkan verm\u0259y\u0259c\u0259k; s\u00fclh prosesinin yerind\u0259 saymas\u0131n\u0131n s\u0259b\u0259bi&#8230;<\/strong><\/h3>\n<p><em>Aprelin 6-da Br\u00fcsseld\u0259 Az\u0259rbaycan Prezidenti \u0130lham \u018fliyev Avropa \u0130ttifaq\u0131 \u015euras\u0131n\u0131n Prezidenti \u015earl Mi\u015fel v\u0259 Erm\u0259nistan Ba\u015f naziri Nikol Pa\u015finyan aras\u0131nda \u00fc\u00e7l\u00fc g\u00f6r\u00fc\u015fd\u0259n bir ay \u00f6td\u00fc. G\u00f6r\u00fc\u015f\u0259 \u0259ld\u0259 olunan \u0259n m\u00fch\u00fcm n\u0259tic\u0259 s\u0259rh\u0259dl\u0259rin delimitasiyas\u0131 v\u0259 s\u00fclh m\u00fcqavil\u0259si il\u0259 ba\u011fl\u0131 aprelin sonunad\u0259k ortaq i\u015f\u00e7i komissiyalar\u0131n\u0131n yarad\u0131lmas\u0131 bar\u0259d\u0259 idi. Ancaq ay ba\u015fa \u00e7atsa da, bu qurumlar h\u0259l\u0259 d\u0259 formala\u015fmay\u0131b. H\u0259r\u00e7\u0259nd, Az\u0259rbaycan t\u0259r\u0259fd\u0259n komissiyan\u0131n milli t\u0259rkibi art\u0131q m\u00fc\u0259yy\u0259nl\u0259\u015fib.<\/em><\/p>\n<p>Qeyd ed\u0259k ki, prosesi davaml\u0131 el\u0259m\u0259k v\u0259 ir\u0259li aparmaq \u00fc\u00e7\u00fcn may\u0131n 2-d\u0259 is\u0259 Br\u00fcsseld\u0259 Az\u0259rbaycan Prezidentinin k\u00f6m\u0259k\u00e7isi &#8211; Prezident Administrasiyas\u0131n\u0131n Xarici siyas\u0259t m\u0259s\u0259l\u0259l\u0259ri \u015f\u00f6b\u0259sinin m\u00fcdiri Hikm\u0259t Hac\u0131yevl\u0259 Erm\u0259nistan T\u0259hl\u00fck\u0259sizlik \u015euras\u0131n\u0131n katibi Armen Qriqoryan aras\u0131nda Avropa \u0130ttifaq\u0131n\u0131n vasit\u0259\u00e7iliyi il\u0259 dan\u0131\u015f\u0131qlar apar\u0131l\u0131b. Bu dan\u0131\u015f\u0131qlar\u0131n n\u0259tic\u0259si kimi Az\u0259rbaycan v\u0259 Erm\u0259nistan r\u0259hb\u0259rl\u0259rinin t\u0259z\u0259d\u0259n Br\u00fcsseld\u0259 bir araya g\u0259l\u0259 bil\u0259c\u0259yi haqda m\u0259lumat da yay\u0131lm\u0131\u015fd\u0131. H\u0259m\u00e7inin iki \u00f6lk\u0259 X\u0130N r\u0259hb\u0259rl\u0259ri aras\u0131nda iki d\u0259f\u0259 telefon dan\u0131\u015f\u0131\u011f\u0131 olub.<\/p>\n<p><img src=\"https:\/\/moderator.az\/file\/articles\/2022\/05\/02\/1651506131_frwxrwyxmamjayr.jpg\" alt=\"Hikm\u0259t Hac\u0131yev Erm\u0259nistan\u0131n T\u0259hl\u00fck\u0259sizlik \u015euras\u0131n\u0131n katibi il\u0259 g\u00f6r\u00fc\u015f\u00fcb -  FOTO\" \/><\/p>\n<p>Bu arada Erm\u0259nistan T\u0259hl\u00fck\u0259sizlik \u015euras\u0131n\u0131n katibi b\u0259zi ikiba\u015fl\u0131 a\u00e7\u0131qlamalar verib. O, Az\u0259rbaycanla s\u0259rh\u0259din delimitasiyas\u0131 \u00fczr\u0259 komissiyan\u0131n yarad\u0131lmas\u0131 m\u0259s\u0259l\u0259sinin intensiv m\u00fczakir\u0259 edildiyini, lakin \u201cErm\u0259nistan\u0131n h\u0259ll etm\u0259li oldu\u011fu b\u0259zi m\u0259s\u0259l\u0259l\u0259rin oldu\u011funu\u201d s\u00f6yl\u0259yib.<\/p>\n<p>\u201cBiz bu suallara cavab tapan kimi strukturun formala\u015fmas\u0131 \u00fc\u00e7\u00fcn g\u00f6r\u00fc\u015fl\u0259r ba\u015flayacaq. Habel\u0259 Erm\u0259nistan Ba\u015f naziri Nikol Pa\u015finyan v\u0259 Az\u0259rbaycan Prezidenti \u0130lham \u018fliyev aras\u0131nda g\u00f6r\u00fc\u015f\u00fcn m\u00fcmk\u00fcnl\u00fcy\u00fc d\u0259 m\u00fczakir\u0259 olunur\u201d, &#8211; dey\u0259 Qriqoryan vur\u011fulay\u0131b.<\/p>\n<p>*****<\/p>\n<p><strong>B\u0259s \u201cErm\u0259nistan\u0131n h\u0259ll etm\u0259li oldu\u011fu b\u0259zi m\u0259s\u0259l\u0259l\u0259r\u201d dey\u0259nd\u0259 n\u0259l\u0259r n\u0259z\u0259rd\u0259 tutulur, yoxsa \u0130r\u0259van yen\u0259 vaxt\u0131 uzatmaq, \u201cat\u0131 da\u015fl\u0131\u011fa s\u00fcrm\u0259k\u201d ist\u0259yir?\u00a0<\/strong><\/p>\n<p>Suala cavab\u0131 Erm\u0259nistan T\u0259hl\u00fck\u0259sizlik \u015euras\u0131n\u0131n katibinin ba\u015fqa bir a\u00e7\u0131qlamas\u0131nda tapmaq m\u00fcmk\u00fcnd\u00fcr. Bel\u0259 ki, Qriqoryan\u0131n s\u00f6zl\u0259rin\u0259 g\u00f6r\u0259, Az\u0259rbaycanla s\u00fclh m\u00fcqavil\u0259si Qaraba\u011f probleminin d\u0259 h\u0259lli dem\u0259kdir. Onun fikrinc\u0259, \u201cErm\u0259nistan bel\u0259 bir h\u0259lli Qaraba\u011f erm\u0259nil\u0259rinin t\u0259hl\u00fck\u0259sizliyinin v\u0259 h\u00fcquqlar\u0131n\u0131n t\u0259min edilm\u0259sind\u0259\u201d g\u00f6r\u00fcr.<\/p>\n<p>\u201cBunun \u0259sas\u0131nda Qaraba\u011f\u0131n statusunu q\u0259bul etm\u0259k laz\u0131md\u0131r v\u0259 yen\u0259 d\u0259 bunun \u0259sas\u0131nda t\u0259hl\u00fck\u0259sizlik t\u0259minatlar\u0131 olmal\u0131d\u0131r. \u0130nstitusional t\u0259minatlar\u0131n n\u0259 olaca\u011f\u0131n\u0131 bilmirik. \u018fg\u0259r bir q\u0259rara g\u0259ls\u0259k v\u0259 g\u00f6rs\u0259k ki, erm\u0259nil\u0259rin t\u0259hl\u00fck\u0259sizliyi v\u0259 h\u00fcquqlar\u0131 t\u0259min edilir, raz\u0131la\u015far\u0131q\u201d, &#8211; Qriqoryan bildirib.<\/p>\n<p><img src=\"https:\/\/sesqazeti.az\/storage\/2020\/09\/22\/ermenistan1.jpg\" alt=\"Erm\u0259nistan m\u0259suliyy\u0259tsizlik g\u00f6st\u0259rir&quot;\" \/><\/p>\n<p><strong>O \u0259lav\u0259 edib ki, Az\u0259rbaycan\u0131n m\u0259lum 5 b\u0259ndin\u0259 cavab olaraq, Erm\u0259nistan\u0131n 6 b\u0259ndlik (5+1) t\u0259klifi ir\u0259li s\u00fcr\u00fcl\u00fcb:<\/strong>\u00a0\u201cBu iki paketi birl\u0259\u015fdirib m\u00fczakir\u0259l\u0259r\u0259 ba\u015flamaq laz\u0131md\u0131r. Bu m\u0259s\u0259l\u0259d\u0259 h\u0259m Az\u0259rbaycan, h\u0259m d\u0259 dig\u0259r beyn\u0259lxalq t\u0259r\u0259fda\u015flar t\u0259r\u0259find\u0259n anla\u015fma var. Az\u0259rbaycan\u0131n b\u0259ndl\u0259rind\u0259 Erm\u0259nistan \u00fc\u00e7\u00fcn q\u0259buledilm\u0259z he\u00e7 n\u0259 yox idi. Erm\u0259nistan h\u0259rt\u0259r\u0259fli s\u00fclh m\u00fcqavil\u0259sinin olmas\u0131 \u00fc\u00e7\u00fcn Qaraba\u011f m\u0259s\u0259l\u0259sinin d\u0259 h\u0259ll edilm\u0259li oldu\u011funu bildirib. M\u0259n a\u00e7\u0131q \u015f\u0259kild\u0259 Bak\u0131n\u0131n t\u0259klifl\u0259rimizi r\u0259dd etdiyini g\u00f6rm\u0259mi\u015f\u0259m\u201d.<\/p>\n<p>*****<\/p>\n<p><strong>G\u00f6r\u00fcnd\u00fcy\u00fc kimi, r\u0259smi \u0130r\u0259van Az\u0259rbaycanla s\u00fclh m\u00fcqavil\u0259sini yen\u0259 \u201cartsax \u015f\u0259rti\u201dn\u0259, \u201cstatus m\u0259s\u0259l\u0259si\u201dn\u0259 apar\u0131b ba\u011flama\u011fa \u00e7al\u0131\u015f\u0131r, \u201ch\u0259ll olunmayan Qaraba\u011f problemind\u0259n\u201d dan\u0131\u015f\u0131r. \u0130stisna deyil ki, Erm\u0259nistanda m\u00f6vcud hakimiyy\u0259t\u0259 qar\u015f\u0131 radikal m\u00fcxalif\u0259tin artan t\u0259zyiql\u0259ri bu x\u00fcsusda Pa\u015finyan h\u00f6kum\u0259tini bir az da ehtiyatl\u0131 davranma\u011fa vadar edir.<\/strong><\/p>\n<p>T\u0259sad\u00fcfi deyil ki, 6 aprel Br\u00fcssel g\u00f6r\u00fc\u015f\u00fcnd\u0259n qay\u0131dan kimi \u201cAz\u0259rbaycanla s\u00fclh m\u00fcqavil\u0259sini tezl\u0259\u015fdirm\u0259k laz\u0131md\u0131r\u201d, \u201cbeyn\u0259lxalq birlik bizd\u0259n Qaraba\u011fa statusla ba\u011fl\u0131 blank\u0131 endirm\u0259yi t\u0259l\u0259b edir\u201d dey\u0259n ba\u015f nazir N. Pa\u015finyan az sonra val\u0131 d\u0259yi\u015fdi v\u0259 h\u0259tta Az\u0259rbaycanla s\u00fclh m\u00fcqavil\u0259sind\u0259 \u201cartsax erm\u0259nil\u0259rinin\u201d d\u0259 m\u00f6vqeyinin ciddiy\u0259 al\u0131naca\u011f\u0131n\u0131 s\u00f6yl\u0259di.<\/p>\n<p>Bu el\u0259 Bak\u0131n\u0131n 5 b\u0259ndlik s\u00fclh t\u0259klifini iqnor el\u0259m\u0259k anlam\u0131na g\u0259lir. Yoxsa 5 b\u0259nd\u0259 qar\u015f\u0131 hans\u0131sa \u201c6-c\u0131 b\u0259ndd\u0259n\u201d dan\u0131\u015f\u0131lmazd\u0131. He\u00e7 bir 6-c\u0131 b\u0259nd olmayacaq! \u018fks halda m\u00fcharib\u0259 45-ci g\u00fcn\u0259 ke\u00e7\u0259 bil\u0259r. Bunun is\u0259 Erm\u0259nistan \u00fc\u00e7\u00fcn daha a\u011f\u0131r n\u0259tic\u0259si olacaq.<\/p>\n<p>Bir \u015feyi \u0259minlikl\u0259 s\u00f6yl\u0259m\u0259k olar ki, Az\u0259rbaycan 1923-c\u00fc ild\u0259 oldu\u011fu kimi, bir daha \u00f6z d\u00f6vl\u0259t\u00e7iliyinun alt\u0131na \u201cerm\u0259ni muxtariyy\u0259ti\u201d adl\u0131 gec partlayan mina qoyulmas\u0131na imkan verm\u0259y\u0259c\u0259k&#8230;<\/p>\n<p>*****<\/p>\n<p><img loading=\"lazy\" src=\"https:\/\/upload.wikimedia.org\/wikipedia\/commons\/5\/53\/Elchinmirzabayli.jpg\" alt=\"El\u00e7in Mirz\u0259b\u0259yli \u2014 Vikipediya\" width=\"806\" height=\"537\" \/><\/p>\n<p><strong>S\u00f6zs\u00fcz ki, \u0130r\u0259van\u0131n ikili oyunlar\u0131nda Rusiya amilinin d\u0259 t\u0259siri var. Politoloq El\u00e7in Mirz\u0259b\u0259ylinin fikrinc\u0259, Nikol Pa\u015finyan\u0131n z\u0259if xarakterli siyas\u0259t\u00e7i oldu\u011fu Rusiyan\u0131n siyasi texnoloqlar\u0131na b\u0259llidir v\u0259 onu Br\u00fcsselin vasit\u0259\u00e7iliyi il\u0259 h\u0259yata ke\u00e7irilm\u0259si n\u0259z\u0259rd\u0259 tutulan s\u00fclh m\u00fcqavil\u0259sinin imzalanmas\u0131 \u00fczr\u0259 dan\u0131\u015f\u0131qlardan yay\u0131nd\u0131rma\u011fa \u00e7al\u0131\u015f\u0131rlar.<\/strong><\/p>\n<p>\u201cOnsuz da Nikol Pa\u015finyan\u0131n m\u00f6vqeyind\u0259 d\u0259yi\u015fiklikl\u0259r n\u0259z\u0259r\u0259 \u00e7arpmaqdad\u0131r. Pa\u015finyan Br\u00fcsseld\u0259ki g\u00f6r\u00fc\u015fd\u0259n sonra ba\u015fqa a\u00e7\u0131qlamalar verdi, Moskva g\u00f6r\u00fc\u015f\u00fcnd\u0259n sonra is\u0259 tamam \u0259ks istiqam\u0259td\u0259 fikirl\u0259r s\u0259sl\u0259ndirdi. Amma Br\u00fcsseld\u0259n olan telefon z\u0259ngl\u0259rind\u0259n sonra yenid\u0259n m\u00f6vqel\u0259rind\u0259 m\u00fc\u0259yy\u0259n q\u0259d\u0259r d\u0259 olsa, d\u0259yi\u015fiklik \u0259m\u0259l\u0259 g\u0259ldi\u201d, &#8211; dey\u0259 o qeyd edib.<\/p>\n<p>Politoloqa g\u00f6r\u0259, y\u0259ni Nikol Pa\u015finyan situasiyaya uy\u011fun oynama\u011fa \u00e7al\u0131\u015f\u0131r: \u201cQ\u0259rbd\u0259n t\u0259zyiq g\u0259lirs\u0259, bu t\u0259zyiql\u0259ri azaltmaq \u00fc\u00e7\u00fcn manevrl\u0259r edir, Rusiyadan t\u0259zyiq olursa, bunu azaltmaq \u00fc\u00e7\u00fcn add\u0131mlar at\u0131r. N\u0259tic\u0259d\u0259 prosesd\u0259 d\u0259yi\u015fikliyin \u015fahidi olmuruq\u201d.<\/p>\n<p>Ancaq Erm\u0259nistan r\u0259hb\u0259rliyinin t\u0259r\u0259fl\u0259r aras\u0131nda \u201cyell\u0259nm\u0259si\u201d sonsuzad\u0259k s\u00fcr\u0259 bilm\u0259z. \u00c7\u00fcnki \u015fifahi v\u0259 yaz\u0131l\u0131 \u00f6hd\u0259likl\u0259ri enind\u0259-sonunda yerin\u0259 yetirm\u0259k laz\u0131m g\u0259l\u0259c\u0259k&#8230;<\/p>\n","protected":false},"excerpt":{"rendered":"<p>Az\u0259rbaycan bir daha \u00f6z d\u00f6vl\u0259t\u00e7iliyinin alt\u0131na gec partlayan mina qoyulmas\u0131na imkan verm\u0259y\u0259c\u0259k; s\u00fclh prosesinin yerind\u0259 saymas\u0131n\u0131n s\u0259b\u0259bi&#8230; Aprelin 6-da Br\u00fcsseld\u0259 Az\u0259rbaycan Prezidenti \u0130lham \u018fliyev Avropa \u0130ttifaq\u0131 \u015euras\u0131n\u0131n Prezidenti \u015earl Mi\u015fel v\u0259 Erm\u0259nistan Ba\u015f naziri Nikol Pa\u015finyan aras\u0131nda \u00fc\u00e7l\u00fc g\u00f6r\u00fc\u015fd\u0259n bir ay \u00f6td\u00fc. G\u00f6r\u00fc\u015f\u0259 \u0259ld\u0259 olunan \u0259n m\u00fch\u00fcm n\u0259tic\u0259 s\u0259rh\u0259dl\u0259rin delimitasiyas\u0131 v\u0259 s\u00fclh m\u00fcqavil\u0259si il\u0259 ba\u011fl\u0131 aprelin sonunad\u0259k ortaq i\u015f\u00e7i komissiyalar\u0131n\u0131n yarad\u0131lmas\u0131 bar\u0259d\u0259 idi. Ancaq ay ba\u015fa \u00e7atsa da, bu qurumlar h\u0259l\u0259 d\u0259 formala\u015fmay\u0131b. H\u0259r\u00e7\u0259nd, Az\u0259rbaycan t\u0259r\u0259fd\u0259n komissiyan\u0131n milli t\u0259rkibi art\u0131q m\u00fc\u0259yy\u0259nl\u0259\u015fib. Qeyd ed\u0259k ki, prosesi davaml\u0131 el\u0259m\u0259k v\u0259 ir\u0259li aparmaq&hellip;<\/p>\n","protected":false},"author":2,"featured_media":472163,"comment_status":"closed","ping_status":"closed","sticky":false,"template":"","format":"standard","meta":{"om_disable_all_campaigns":false,"_monsterinsights_skip_tracking":false,"_monsterinsights_sitenote_active":false,"_monsterinsights_sitenote_note":"","_monsterinsights_sitenote_category":0},"categories":[19],"tags":[],"aioseo_notices":[],"gutentor_comment":0,"rttpg_featured_image_url":{"full":["https:\/\/arantv.az\/wp-content\/uploads\/2022\/05\/e206959ea6de300693c808c814c96f77-1.jpg",450,300,false],"landscape":["https:\/\/arantv.az\/wp-content\/uploads\/2022\/05\/e206959ea6de300693c808c814c96f77-1.jpg",450,300,false],"portraits":["https:\/\/arantv.az\/wp-content\/uploads\/2022\/05\/e206959ea6de300693c808c814c96f77-1.jpg",450,300,false],"thumbnail":["https:\/\/arantv.az\/wp-content\/uploads\/2022\/05\/e206959ea6de300693c808c814c96f77-1-450x280.jpg",450,280,true],"medium":["https:\/\/arantv.az\/wp-content\/uploads\/2022\/05\/e206959ea6de300693c808c814c96f77-1.jpg",450,300,false],"large":["https:\/\/arantv.az\/wp-content\/uploads\/2022\/05\/e206959ea6de300693c808c814c96f77-1.jpg",450,300,false],"1536x1536":["https:\/\/arantv.az\/wp-content\/uploads\/2022\/05\/e206959ea6de300693c808c814c96f77-1.jpg",450,300,false],"2048x2048":["https:\/\/arantv.az\/wp-content\/uploads\/2022\/05\/e206959ea6de300693c808c814c96f77-1.jpg",450,300,false],"post-thumbnail":["https:\/\/arantv.az\/wp-content\/uploads\/2022\/05\/e206959ea6de300693c808c814c96f77-1-240x172.jpg",240,172,true],"advps-thumb-one":["https:\/\/arantv.az\/wp-content\/uploads\/2022\/05\/e206959ea6de300693c808c814c96f77-1.jpg",450,300,false]},"rttpg_author":{"display_name":"V\u00fcsal Rafiqo\u011flu","author_link":"https:\/\/arantv.az\/?author=2"},"rttpg_comment":0,"rttpg_category":"<a href=\"https:\/\/arantv.az\/?cat=19\" rel=\"category\">G\u00fcnd\u0259m<\/a>","rttpg_excerpt":"Az\u0259rbaycan bir daha \u00f6z d\u00f6vl\u0259t\u00e7iliyinin alt\u0131na gec partlayan mina qoyulmas\u0131na imkan verm\u0259y\u0259c\u0259k; s\u00fclh prosesinin yerind\u0259 saymas\u0131n\u0131n s\u0259b\u0259bi&#8230; Aprelin 6-da Br\u00fcsseld\u0259 Az\u0259rbaycan Prezidenti \u0130lham \u018fliyev Avropa \u0130ttifaq\u0131 \u015euras\u0131n\u0131n Prezidenti \u015earl Mi\u015fel v\u0259 Erm\u0259nistan Ba\u015f naziri Nikol Pa\u015finyan aras\u0131nda \u00fc\u00e7l\u00fc g\u00f6r\u00fc\u015fd\u0259n bir ay \u00f6td\u00fc. G\u00f6r\u00fc\u015f\u0259 \u0259ld\u0259 olunan \u0259n m\u00fch\u00fcm n\u0259tic\u0259 s\u0259rh\u0259dl\u0259rin delimitasiyas\u0131 v\u0259 s\u00fclh m\u00fcqavil\u0259si il\u0259 ba\u011fl\u0131&hellip;","_links":{"self":[{"href":"https:\/\/arantv.az\/index.php?rest_route=\/wp\/v2\/posts\/472161"}],"collection":[{"href":"https:\/\/arantv.az\/index.php?rest_route=\/wp\/v2\/posts"}],"about":[{"href":"https:\/\/arantv.az\/index.php?rest_route=\/wp\/v2\/types\/post"}],"author":[{"embeddable":true,"href":"https:\/\/arantv.az\/index.php?rest_route=\/wp\/v2\/users\/2"}],"replies":[{"embeddable":true,"href":"https:\/\/arantv.az\/index.php?rest_route=%2Fwp%2Fv2%2Fcomments&post=472161"}],"version-history":[{"count":0,"href":"https:\/\/arantv.az\/index.php?rest_route=\/wp\/v2\/posts\/472161\/revisions"}],"wp:featuredmedia":[{"embeddable":true,"href":"https:\/\/arantv.az\/index.php?rest_route=\/wp\/v2\/media\/472163"}],"wp:attachment":[{"href":"https:\/\/arantv.az\/index.php?rest_route=%2Fwp%2Fv2%2Fmedia&parent=472161"}],"wp:term":[{"taxonomy":"category","embeddable":true,"href":"https:\/\/arantv.az\/index.php?rest_route=%2Fwp%2Fv2%2Fcategories&post=472161"},{"taxonomy":"post_tag","embeddable":true,"href":"https:\/\/arantv.az\/index.php?rest_route=%2Fwp%2Fv2%2Ftags&post=472161"}],"curies":[{"name":"wp","href":"https:\/\/api.w.org\/{rel}","templated":true}]}}