{"id":47228,"date":"2019-03-25T16:29:04","date_gmt":"2019-03-25T13:29:04","guid":{"rendered":"http:\/\/arantv.az\/?p=47228"},"modified":"2019-03-25T16:29:04","modified_gmt":"2019-03-25T13:29:04","slug":"bakidan-ged%c9%99n-qatari-b%c9%99y-g%c9%99lin-qarsiladi-fotolar","status":"publish","type":"post","link":"https:\/\/arantv.az\/?p=47228","title":{"rendered":"Bak\u0131dan ged\u0259n qatar\u0131 b\u0259y-g\u0259lin qar\u015f\u0131lad\u0131 &#8211; Fotolar"},"content":{"rendered":"<p>Bak\u0131-Ankara mar\u015frutu \u00fczr\u0259 s\u0259rni\u015fin da\u015f\u0131yan qatar\u0131n Qarsda qar\u015f\u0131lanmas\u0131 zaman\u0131 maraql\u0131 hadis\u0259 ya\u015fan\u0131b.<\/p>\n<p>Qatar\u0131n yolunu g\u00f6zl\u0259y\u0259nl\u0259r aras\u0131nda yeni evl\u0259n\u0259n b\u0259yl\u0259 g\u0259lin d\u0259 olub. Tarix g\u00fcnd\u0259n xatir\u0259 saxlamaq ist\u0259y\u0259n Qas\u0131m-G\u00fcls\u00fcm Sait c\u00fctl\u00fcy\u00fc \u015f\u0259kil \u00e7\u0259kdirm\u0259k \u00fc\u00e7\u00fcn d\u0259miryol stansiyas\u0131na g\u0259libl\u0259r. Onlar Bak\u0131n\u0131 g\u00f6rm\u0259k, g\u0259zm\u0259k x\u0259yallar\u0131 qurduqlar\u0131n\u0131, ilk f\u00fcrs\u0259td\u0259 Bak\u0131ya g\u0259l\u0259c\u0259kl\u0259rini deyibl\u0259r.<\/p>\n<div id=\"AdributorNativeVideo0\" class=\"AdributorNativeVideo\"><\/div>\n<p>Qeyd ed\u0259k ki, Az\u0259rbaycan\u0131n sifari\u015fi il\u0259 \u0130sve\u00e7r\u0259d\u0259 istehsal edil\u0259n x\u00fcsusi s\u0259rni\u015fin qatar\u0131 Az\u0259rbaycan, G\u00fcrc\u00fcstan v\u0259 T\u00fcrkiy\u0259 aras\u0131nda dayanmadan h\u0259r\u0259k\u0259t ed\u0259c\u0259k. Gec\u0259 s\u0259f\u0259rl\u0259rini yerin\u0259 yetir\u0259c\u0259k qatarda 9 yataql\u0131 vaqon v\u0259 bir yem\u0259k vaqonu var.<br \/>\n<ins><\/ins><\/p>\n<div id=\"beacon_0c41cd7773\"><img loading=\"lazy\" src=\"https:\/\/ads2.newmedia.az\/www\/delivery\/lg.php?bannerid=0&amp;campaignid=0&amp;zoneid=975&amp;loc=https%3A%2F%2Fbig.az%2F348603-bakidan_geden_qatari_bey-gelin_qarsiladi_-_fotolar.html&amp;referer=https%3A%2F%2Fbig.az%2F&amp;cb=0c41cd7773\" alt=\"\" width=\"0\" height=\"0\" \/><\/div>\n<p><img class=\"imgbcodecent\" src=\"https:\/\/upload.az\/foto\/arxiv\/d2_71553520342.jpg\" alt=\"Bak\u0131dan ged\u0259n qatar\u0131 b\u0259y-g\u0259lin qar\u015f\u0131lad\u0131 - Fotolar\" \/><br \/>\n<img class=\"imgbcodecent\" src=\"https:\/\/upload.az\/foto\/arxiv\/d3_81553520342.jpg\" alt=\"Bak\u0131dan ged\u0259n qatar\u0131 b\u0259y-g\u0259lin qar\u015f\u0131lad\u0131 - Fotolar\" \/><br \/>\n<img class=\"imgbcodecent\" src=\"https:\/\/upload.az\/foto\/arxiv\/d4_71553520342.jpg\" alt=\"Bak\u0131dan ged\u0259n qatar\u0131 b\u0259y-g\u0259lin qar\u015f\u0131lad\u0131 - Fotolar\" \/><\/p>\n<p>m\u0259nb\u0259: qafqazinfo<\/p>\n<p>&nbsp;<\/p>\n","protected":false},"excerpt":{"rendered":"<p>Bak\u0131-Ankara mar\u015frutu \u00fczr\u0259 s\u0259rni\u015fin da\u015f\u0131yan qatar\u0131n Qarsda qar\u015f\u0131lanmas\u0131 zaman\u0131 maraql\u0131 hadis\u0259 ya\u015fan\u0131b. Qatar\u0131n yolunu g\u00f6zl\u0259y\u0259nl\u0259r aras\u0131nda yeni evl\u0259n\u0259n b\u0259yl\u0259 g\u0259lin d\u0259 olub. Tarix g\u00fcnd\u0259n xatir\u0259 saxlamaq ist\u0259y\u0259n Qas\u0131m-G\u00fcls\u00fcm Sait c\u00fctl\u00fcy\u00fc \u015f\u0259kil \u00e7\u0259kdirm\u0259k \u00fc\u00e7\u00fcn d\u0259miryol stansiyas\u0131na g\u0259libl\u0259r. Onlar Bak\u0131n\u0131 g\u00f6rm\u0259k, g\u0259zm\u0259k x\u0259yallar\u0131 qurduqlar\u0131n\u0131, ilk f\u00fcrs\u0259td\u0259 Bak\u0131ya g\u0259l\u0259c\u0259kl\u0259rini deyibl\u0259r. Qeyd ed\u0259k ki, Az\u0259rbaycan\u0131n sifari\u015fi il\u0259 \u0130sve\u00e7r\u0259d\u0259 istehsal edil\u0259n x\u00fcsusi s\u0259rni\u015fin qatar\u0131 Az\u0259rbaycan, G\u00fcrc\u00fcstan v\u0259 T\u00fcrkiy\u0259 aras\u0131nda dayanmadan h\u0259r\u0259k\u0259t ed\u0259c\u0259k. Gec\u0259 s\u0259f\u0259rl\u0259rini yerin\u0259 yetir\u0259c\u0259k qatarda 9 yataql\u0131 vaqon v\u0259 bir yem\u0259k vaqonu var. m\u0259nb\u0259: qafqazinfo &nbsp;<\/p>\n","protected":false},"author":2,"featured_media":47229,"comment_status":"closed","ping_status":"closed","sticky":false,"template":"","format":"standard","meta":{"om_disable_all_campaigns":false,"_monsterinsights_skip_tracking":false,"_monsterinsights_sitenote_active":false,"_monsterinsights_sitenote_note":"","_monsterinsights_sitenote_category":0},"categories":[1],"tags":[],"aioseo_notices":[],"gutentor_comment":0,"rttpg_featured_image_url":{"full":["https:\/\/arantv.az\/wp-content\/uploads\/2019\/03\/d1_31553520342.jpg",637,400,false],"landscape":["https:\/\/arantv.az\/wp-content\/uploads\/2019\/03\/d1_31553520342.jpg",637,400,false],"portraits":["https:\/\/arantv.az\/wp-content\/uploads\/2019\/03\/d1_31553520342.jpg",637,400,false],"thumbnail":["https:\/\/arantv.az\/wp-content\/uploads\/2019\/03\/d1_31553520342-150x150.jpg",150,150,true],"medium":["https:\/\/arantv.az\/wp-content\/uploads\/2019\/03\/d1_31553520342-300x188.jpg",300,188,true],"large":["https:\/\/arantv.az\/wp-content\/uploads\/2019\/03\/d1_31553520342.jpg",637,400,false],"1536x1536":["https:\/\/arantv.az\/wp-content\/uploads\/2019\/03\/d1_31553520342.jpg",637,400,false],"2048x2048":["https:\/\/arantv.az\/wp-content\/uploads\/2019\/03\/d1_31553520342.jpg",637,400,false],"post-thumbnail":["https:\/\/arantv.az\/wp-content\/uploads\/2019\/03\/d1_31553520342-240x172.jpg",240,172,true],"advps-thumb-one":["https:\/\/arantv.az\/wp-content\/uploads\/2019\/03\/d1_31553520342.jpg",637,400,false]},"rttpg_author":{"display_name":"V\u00fcsal Rafiqo\u011flu","author_link":"https:\/\/arantv.az\/?author=2"},"rttpg_comment":0,"rttpg_category":"<a href=\"https:\/\/arantv.az\/?cat=1\" rel=\"category\">C\u0259miyy\u0259t<\/a>","rttpg_excerpt":"Bak\u0131-Ankara mar\u015frutu \u00fczr\u0259 s\u0259rni\u015fin da\u015f\u0131yan qatar\u0131n Qarsda qar\u015f\u0131lanmas\u0131 zaman\u0131 maraql\u0131 hadis\u0259 ya\u015fan\u0131b. Qatar\u0131n yolunu g\u00f6zl\u0259y\u0259nl\u0259r aras\u0131nda yeni evl\u0259n\u0259n b\u0259yl\u0259 g\u0259lin d\u0259 olub. Tarix g\u00fcnd\u0259n xatir\u0259 saxlamaq ist\u0259y\u0259n Qas\u0131m-G\u00fcls\u00fcm Sait c\u00fctl\u00fcy\u00fc \u015f\u0259kil \u00e7\u0259kdirm\u0259k \u00fc\u00e7\u00fcn d\u0259miryol stansiyas\u0131na g\u0259libl\u0259r. Onlar Bak\u0131n\u0131 g\u00f6rm\u0259k, g\u0259zm\u0259k x\u0259yallar\u0131 qurduqlar\u0131n\u0131, ilk f\u00fcrs\u0259td\u0259 Bak\u0131ya g\u0259l\u0259c\u0259kl\u0259rini deyibl\u0259r. Qeyd ed\u0259k ki, Az\u0259rbaycan\u0131n sifari\u015fi il\u0259 \u0130sve\u00e7r\u0259d\u0259 istehsal&hellip;","_links":{"self":[{"href":"https:\/\/arantv.az\/index.php?rest_route=\/wp\/v2\/posts\/47228"}],"collection":[{"href":"https:\/\/arantv.az\/index.php?rest_route=\/wp\/v2\/posts"}],"about":[{"href":"https:\/\/arantv.az\/index.php?rest_route=\/wp\/v2\/types\/post"}],"author":[{"embeddable":true,"href":"https:\/\/arantv.az\/index.php?rest_route=\/wp\/v2\/users\/2"}],"replies":[{"embeddable":true,"href":"https:\/\/arantv.az\/index.php?rest_route=%2Fwp%2Fv2%2Fcomments&post=47228"}],"version-history":[{"count":0,"href":"https:\/\/arantv.az\/index.php?rest_route=\/wp\/v2\/posts\/47228\/revisions"}],"wp:featuredmedia":[{"embeddable":true,"href":"https:\/\/arantv.az\/index.php?rest_route=\/wp\/v2\/media\/47229"}],"wp:attachment":[{"href":"https:\/\/arantv.az\/index.php?rest_route=%2Fwp%2Fv2%2Fmedia&parent=47228"}],"wp:term":[{"taxonomy":"category","embeddable":true,"href":"https:\/\/arantv.az\/index.php?rest_route=%2Fwp%2Fv2%2Fcategories&post=47228"},{"taxonomy":"post_tag","embeddable":true,"href":"https:\/\/arantv.az\/index.php?rest_route=%2Fwp%2Fv2%2Ftags&post=47228"}],"curies":[{"name":"wp","href":"https:\/\/api.w.org\/{rel}","templated":true}]}}