{"id":472459,"date":"2022-05-09T09:19:08","date_gmt":"2022-05-09T06:19:08","guid":{"rendered":"https:\/\/arantv.az\/?p=472459"},"modified":"2022-05-09T09:19:08","modified_gmt":"2022-05-09T06:19:08","slug":"xosb%c9%99xt-adamam-ki-ata-v%c9%99siyy%c9%99tini-yerin%c9%99-yetirdim-2","status":"publish","type":"post","link":"https:\/\/arantv.az\/?p=472459","title":{"rendered":"\u201cXo\u015fb\u0259xt adamam ki,  ata v\u0259siyy\u0259tini yerin\u0259 yetirdim\u201d"},"content":{"rendered":"<p><em><strong>Z\u0259f\u0259r tarixini yazan d\u00f6vl\u0259t ba\u015f\u00e7\u0131s\u0131, M\u00fcz\u0259ff\u0259r Ali Ba\u015f Komandan \u0130lham \u018fliyevin b\u00f6y\u00fck q\u00fcrur hissi il\u0259 s\u00f6yl\u0259diyi bu fikir \u00dcmummilli Liderin yaratd\u0131\u011f\u0131 m\u00f6hk\u0259m t\u0259m\u0259l \u00fcz\u0259rind\u0259 inamla add\u0131mlayan Az\u0259rbaycan\u0131n d\u00fcn\u0259nin\u0259 v\u0259 bu fonda g\u0259l\u0259c\u0259yin\u0259 bir bax\u0131\u015fd\u0131r<\/strong><\/em><\/p>\n<p>D\u00f6vl\u0259t ba\u015f\u00e7\u0131s\u0131, M\u00fcz\u0259ff\u0259r Ali Ba\u015f Komandan \u0130lham \u018fliyevin \u00f6t\u0259n ilin avqustunda \u015eu\u015fada Vaqif Poeziya G\u00fcnl\u0259rinin a\u00e7\u0131l\u0131\u015f\u0131nda s\u0259sl\u0259ndirdiyi bu fikirl\u0259ri yada salmaq ist\u0259rdik: \u00abT\u0259xmin\u0259n 40 il bundan \u0259vv\u0259l, bax, bu yerd\u0259 atam durmu\u015fdu, m\u0259n is\u0259 o t\u0259r\u0259fd\u0259 durmu\u015fdum. \u015eaxtal\u0131-qarl\u0131 havada Vaqifin m\u0259qb\u0259r\u0259sinin a\u00e7\u0131l\u0131\u015f\u0131 idi. Ondan sonra 1982-ci il iyulun 29-da atamla b\u0259rab\u0259r ikinci d\u0259f\u0259 \u015eu\u015faya g\u0259lmi\u015fdim. O vaxt Vaqif Poeziya G\u00fcnl\u0259ri ke\u00e7irilirdi. Bu g\u00fcn is\u0259 ikinci d\u0259f\u0259 Vaqifin m\u0259qb\u0259r\u0259sinin a\u00e7\u0131l\u0131\u015f\u0131n\u0131 biz qeyd edirik. Vaqif Poeziya G\u00fcnl\u0259ri ke\u00e7iril\u0259rk\u0259n atam\u0131n 59 ya\u015f\u0131 var idi. Bu g\u00fcn m\u0259nim 59 ya\u015f\u0131m var. B\u0259zil\u0259ri hesab ed\u0259 bil\u0259r ki, bu, t\u0259sad\u00fcfd\u00fcr. Ancaq m\u0259n hesab edir\u0259m ki, burada b\u00f6y\u00fck r\u0259mzi m\u0259na var, tarix t\u0259krarlan\u0131r. Az\u0259rbaycan tarixinin qara s\u0259hif\u0259si art\u0131q arxada qald\u0131 v\u0259 biz yenid\u0259n n\u0259f\u0259s alma\u011fa ba\u015flam\u0131\u015f\u0131q.\u00bb Bu fikirl\u0259r \u00f6z\u00fcnd\u0259 bir \u00e7ox m\u0259qamlar\u0131 ehtiva edir. M\u00fcasir m\u00fcst\u0259qil Az\u0259rbaycan d\u00f6vl\u0259tinin qurucusu, ulu \u00f6nd\u0259r Heyd\u0259r \u018fliyevin hakimiyy\u0259tinin h\u0259r iki d\u00f6vr\u00fcnd\u0259 Az\u0259rbaycan\u0131n xo\u015fb\u0259xt g\u0259l\u0259c\u0259yi \u00fc\u00e7\u00fcn\u00a0 formala\u015fd\u0131rd\u0131\u011f\u0131 m\u00f6hk\u0259m t\u0259m\u0259l tarixi Z\u0259f\u0259rimizi \u015f\u0259rtl\u0259ndirdi. Bel\u0259 ki, \u00f6lk\u0259mizi h\u0259min t\u0259m\u0259l \u00fcz\u0259rind\u0259 daha da m\u00f6hk\u0259ml\u0259ndir\u0259n, q\u0259l\u0259b\u0259y\u0259 haz\u0131rlayan Prezident \u0130lham \u018fliyev tariximizin \u0259n \u015fanl\u0131 Z\u0259f\u0259r s\u0259hif\u0259sini yazd\u0131.<\/p>\n<p>T\u0259bii ki, h\u0259r bir u\u011fur b\u00f6y\u00fck s\u0259yl\u0259rin, q\u0259tiyy\u0259tin n\u0259tic\u0259sidir. Ke\u00e7il\u0259n yola n\u0259z\u0259r salaq.\u00a0\u00a0 Tarixi \u015f\u0259xsiyy\u0259tl\u0259rin\u00a0 g\u00f6rd\u00fcy\u00fc i\u015fl\u0259rd\u0259n, d\u00f6vl\u0259t, xalq qar\u015f\u0131s\u0131nda xidm\u0259tl\u0259rind\u0259n b\u0259hs ed\u0259rk\u0259n ke\u00e7il\u0259n yolun t\u0259hlili bir z\u0259rur\u0259t kimi qar\u015f\u0131da dayan\u0131r. \u00a0XX \u0259sr tarixind\u0259\u00a0 fenomen \u015f\u0259xsiyy\u0259t Heyd\u0259r \u018fliyevin yaratd\u0131\u011f\u0131 milli d\u00f6vl\u0259t\u00e7ilik \u0259n\u0259n\u0259si tarixin biz\u0259 b\u0259x\u015f etdiyi milli s\u0259rv\u0259tdir.\u00a0 Bu s\u0259rv\u0259tin\u00a0 d\u0259y\u0259ri ill\u0259r ke\u00e7dikc\u0259 daha d\u0259rind\u0259n d\u0259rk olunur.<\/p>\n<p>1991-ci il oktyabr\u0131n 18-d\u0259\u00a0 Az\u0259rbaycan d\u00f6vl\u0259t m\u00fcst\u0259qilliyini yenid\u0259n b\u0259rpa etdi. M\u00fcst\u0259qilliyimizin ilk ill\u0259rind\u0259 Az\u0259rbaycan b\u00f6y\u00fck faci\u0259l\u0259rl\u0259, \u00e7\u0259tinlikl\u0259rl\u0259 \u00fcz-\u00fcz\u0259 qalsa da, 1993-c\u00fc ild\u0259\u00a0 ulu \u00f6nd\u0259r Heyd\u0259r \u018fliyevin xalq\u0131n t\u0259kidli t\u0259l\u0259bi il\u0259 hakimiyy\u0259t\u0259 qay\u0131d\u0131\u015f\u0131\u00a0\u00a0 v\u0259 davaml\u0131 u\u011furlara yol a\u00e7\u0131lmas\u0131\u00a0 bu g\u00fcn harada ya\u015famas\u0131ndan as\u0131l\u0131 olmayaraq h\u0259r bir Az\u0259rbaycan v\u0259t\u0259nda\u015f\u0131 t\u0259r\u0259find\u0259n b\u00f6y\u00fck q\u00fcrur hissi il\u0259 xat\u0131rlan\u0131r, g\u0259l\u0259c\u0259yimizin daha parlaq, i\u015f\u0131ql\u0131 olaca\u011f\u0131na b\u00f6y\u00fck \u0259minlik yarad\u0131r. \u00c7\u00fcnki bu yol h\u0259r g\u00fcn\u00fc\u00a0 Az\u0259rbaycan\u0131n tarixin\u0259 m\u00fch\u00fcm u\u011fur s\u0259hif\u0259si kimi\u00a0 yaz\u0131r.<\/p>\n<p>M\u00fcst\u0259qilliyimizin ilk ill\u0259rind\u0259 xaos, anarxiya,\u00a0 \u00f6zba\u015f\u0131nal\u0131q, iqtisadi b\u00f6hran ba\u015f al\u0131b gedirdi. Dig\u0259r t\u0259r\u0259fd\u0259n is\u0259\u00a0\u00a0 Az\u0259rbaycan Silahl\u0131 Q\u00fcvv\u0259l\u0259rinin torpaqlar\u0131m\u0131z\u0131n deyil, ayr\u0131-ayr\u0131\u00a0 q\u00fcvv\u0259l\u0259rin maraqlar\u0131n\u0131n m\u00fcdafi\u0259sin\u0259 xidm\u0259t etm\u0259si \u0259razil\u0259rimizin i\u015f\u011fal\u0131na s\u0259b\u0259b olmu\u015fdu. Bel\u0259 \u00e7\u0259tin\u00a0 m\u0259qamda xalq \u00fcz\u00fcn\u00fc \u00fcmummilli lider\u00a0 Heyd\u0259r \u018fliyev\u0259 tutmaqla\u00a0 bug\u00fcnk\u00fc u\u011furlar\u0131m\u0131z\u0131, m\u00fcst\u0259qil Az\u0259rbaycan\u0131n bir d\u00f6vl\u0259t olaraq varl\u0131\u011f\u0131n\u0131n t\u0259sdiqini t\u0259min etdi.\u00a0 Son\u00a0 18 ild\u0259n art\u0131q d\u00f6vrd\u0259 \u00a0ulu \u00f6nd\u0259r Heyd\u0259r \u018fliyevin siyasi kursunu b\u00fct\u00fcn sah\u0259l\u0259rd\u0259 u\u011furla davam etdir\u0259n Prezident \u0130lham \u018fliyev \u201cBizim art\u0131q g\u00fccl\u00fc d\u00f6vl\u0259timiz vard\u0131r- m\u00fcst\u0259qil Az\u0259rbaycan d\u00f6vl\u0259ti. Bizim d\u0259qiq konsepsiyam\u0131z, inki\u015faf proqram\u0131m\u0131z vard\u0131r. Bu proqram\u0131n realla\u015fmas\u0131 n\u0259tic\u0259sind\u0259 Az\u0259rbaycan inki\u015faf etmi\u015f \u00f6lk\u0259l\u0259rin s\u0131ras\u0131na daxil edil\u0259c\u0259kdir. \u018fg\u0259r g\u0259l\u0259c\u0259kl\u0259 ba\u011fl\u0131 fikirl\u0259rimizi bir c\u00fcml\u0259 il\u0259 ifad\u0259 ets\u0259k dem\u0259liyik: Biz inki\u015faf etmi\u015f \u00f6lk\u0259y\u0259 \u00e7evrilm\u0259liyik! \u0130nki\u015faf etmi\u015f \u00f6lk\u0259l\u0259rin meyarlar\u0131 vard\u0131r. Bunlar\u0131 bilirik v\u0259 biz h\u0259r bir istiqam\u0259t \u00fczr\u0259 o meyarlara \u00e7atmal\u0131y\u0131q-h\u0259m siyasi, iqtisadi islahatlar, sosial siyas\u0259t v\u0259 dig\u0259r istiqam\u0259tl\u0259rd\u0259\u201d fikirl\u0259ri il\u0259 ulu \u00f6nd\u0259r Heyd\u0259r \u018fliyevin d\u00fc\u015f\u00fcn\u00fclm\u00fc\u015f v\u0259 m\u0259qs\u0259dy\u00f6nl\u00fc siyas\u0259tinin bug\u00fcn\u00fcm\u00fcz \u00fc\u00e7\u00fcn m\u00f6hk\u0259m t\u0259m\u0259l yaratd\u0131\u011f\u0131n\u0131\u00a0 \u0259sasl\u0131 \u015f\u0259kild\u0259 diqq\u0259t\u0259 \u00e7atd\u0131r\u0131r.<\/p>\n<p>\u00dcmummilli Liderin Az\u0259rbaycan d\u00f6vl\u0259ti, xalq\u0131 qar\u015f\u0131s\u0131ndak\u0131 xidm\u0259tl\u0259rind\u0259n b\u0259hs ed\u0259rk\u0259n ilk olaraq g\u00f6z \u00f6n\u00fcn\u0259 Onun xilaskarl\u0131q missiyas\u0131 g\u0259lir. B\u00f6y\u00fck q\u0259tiyy\u0259ti, siyasi irad\u0259si il\u0259 xilaskarl\u0131q missiyas\u0131n\u0131 yerin\u0259 yetir\u0259n \u00dcmummilli Lider\u00a0 yeni, m\u00fcasir Az\u0259rbaycan\u0131 qurdu. O, \u201cM\u0259nim \u00fc\u00e7\u00fcn h\u0259r \u015feyd\u0259n \u0259ziz m\u0259nim xalq\u0131md\u0131r, m\u0259nim V\u0259t\u0259nimdir, m\u0259nim torpa\u011f\u0131md\u0131r\u201d fikirl\u0259ri il\u0259 xalq\u0131na, d\u00f6vl\u0259tin\u0259 ba\u011fl\u0131l\u0131\u011f\u0131n\u0131 ifad\u0259 etm\u0259kl\u0259 yana\u015f\u0131, Az\u0259rbaycan\u0131n bir d\u00f6vl\u0259t olaraq d\u00fcnyada tan\u0131nmas\u0131n\u0131, yeri v\u0259 rolunun m\u00f6hk\u0259ml\u0259nm\u0259sini, \u0259n \u0259sas\u0131 sabitlik diyar\u0131, iqtisadi m\u00f6c\u00fcz\u0259l\u0259r \u00f6lk\u0259si kimi tan\u0131tmaq\u00a0 ist\u0259yini yegan\u0259 h\u0259yat amal\u0131na \u00e7evirdiyini diqq\u0259t\u0259 \u00e7atd\u0131rd\u0131. Dahi \u015f\u0259xsiyy\u0259t\u00a0 bildirmi\u015fdir: \u201cM\u00fcst\u0259qilliyin \u0259ld\u0259 olunmas\u0131 n\u0259 q\u0259d\u0259r \u00e7\u0259tindirs\u0259, onun saxlan\u0131lmas\u0131, daimi, \u0259b\u0259di olmas\u0131 bundan da \u00e7\u0259tindir.\u201d\u00a0 D\u00fc\u015f\u00fcn\u00fclm\u00fc\u015f v\u0259 m\u0259qs\u0259dy\u00f6nl\u00fc siyas\u0259ti n\u0259tic\u0259sind\u0259 \u00f6lk\u0259d\u0259 daxili sabitliyi t\u0259min ed\u0259n ulu \u00f6nd\u0259r Heyd\u0259r \u018fliyev m\u00fcst\u0259qillik yolunda ilk add\u0131mlar\u0131n\u0131 atan d\u00f6vl\u0259tin qar\u015f\u0131s\u0131nda dayanan v\u0259zif\u0259l\u0259ri b\u0259yan etdi. Sabitlik b\u00fct\u00fcn inki\u015faf\u0131n \u0259sas\u0131 kimi d\u0259y\u0259rl\u0259ndirildi.\u00a0 1995-ci ilin 12 noyabr\u0131nda\u00a0 ulu \u00f6nd\u0259r Heyd\u0259r \u018fliyevin r\u0259hb\u0259rliyi il\u0259 i\u015fl\u0259nib haz\u0131rlanan v\u0259 \u00fcmumxalq s\u0259sverm\u0259si yolu il\u0259 q\u0259bul edil\u0259n Konstitusiyam\u0131zdan sonrak\u0131 d\u00f6vr\u00a0 d\u00f6vl\u0259t\u00e7iliyin m\u00f6hk\u0259ml\u0259nm\u0259si,\u00a0 demokratik prinsipl\u0259rin b\u0259rq\u0259rar olmas\u0131, demokratik, h\u00fcquqi, d\u00fcny\u0259vi d\u00f6vl\u0259t quruculu\u011fu prosesinin u\u011furla, s\u00fcr\u0259tl\u0259 h\u0259yata ke\u00e7irilm\u0259si d\u00f6vr\u00fc kimi xarakteriz\u0259 olunur.\u00a0 \u00dcmummilli Lider bildirmi\u015fdir ki, demokratik c\u0259miyy\u0259tin varl\u0131\u011f\u0131n\u0131 t\u0259sdiql\u0259y\u0259n insan h\u00fcquq v\u0259 azadl\u0131qlar\u0131n\u0131n qorunmas\u0131, azad m\u0259tbuat\u0131n formala\u015fmas\u0131, \u00e7oxpartiyal\u0131 sistemin yarad\u0131lmas\u0131, se\u00e7kil\u0259rin demokratik, beyn\u0259lxalq standartlara uy\u011fun ke\u00e7irilm\u0259si v\u0259 sair kimi b\u00fct\u00fcn atributlar \u00f6lk\u0259mizd\u0259 b\u0259rq\u0259rar edilm\u0259lidir.<\/p>\n<p>Az\u0259rbaycan\u0131n bu g\u00fcn demokratiya t\u0259cr\u00fcb\u0259sinin dig\u0259r \u00f6lk\u0259l\u0259r\u0259 n\u00fcmun\u0259 g\u00f6st\u0259rilm\u0259si d\u0259 dahi \u015f\u0259xsiyy\u0259t Heyd\u0259r \u018fliyevin Az\u0259rbaycan\u0131n g\u0259l\u0259c\u0259k inki\u015faf yolunun parametrl\u0259rini m\u00fc\u0259yy\u0259nl\u0259\u015fdir\u0259rk\u0259n demokratik prinsipl\u0259ri \u00f6nd\u0259 saxlamas\u0131ndan ir\u0259li g\u0259lir: \u201cM\u00fcst\u0259qil Az\u0259rbaycanda h\u00fcquqi demokratik d\u00f6vl\u0259t qurulmal\u0131d\u0131r, Az\u0259rbaycan d\u00f6vl\u0259ti demokratik prinsipl\u0259r \u0259sas\u0131nda f\u0259aliyy\u0259t g\u00f6st\u0259rm\u0259lidir v\u0259 tarixi \u0259n\u0259n\u0259l\u0259rind\u0259n, milli \u0259n\u0259n\u0259l\u0259rd\u0259n b\u0259hr\u0259l\u0259n\u0259r\u0259k, d\u00fcnya demokratiyas\u0131ndan, \u00fcmumb\u0259\u015f\u0259ri d\u0259y\u0259rl\u0259rd\u0259n s\u0259m\u0259r\u0259li istifad\u0259 ed\u0259r\u0259k demokratik d\u00f6vl\u0259t quruculu\u011fu yolu il\u0259 getm\u0259lidir.\u201d<\/p>\n<p>Ulu \u00f6nd\u0259r Heyd\u0259r \u018fliyevin g\u0259rgin s\u0259yl\u0259ri n\u0259tic\u0259sind\u0259 1994-c\u00fc il may\u0131n 12-d\u0259 Erm\u0259nistanla at\u0259\u015fk\u0259s sazi\u015finin imzalanmas\u0131\u00a0 Az\u0259rbaycanda daxili sabitliyin t\u0259min olunmas\u0131nda, dig\u0259r sah\u0259l\u0259rd\u0259 \u0259h\u0259miyy\u0259tli add\u0131mlar\u0131n at\u0131lmas\u0131nda m\u00fch\u00fcm rol oynad\u0131. M\u0259hz h\u0259min il sentyabr\u0131n 20-d\u0259 tarix\u0259 \u201c\u018fsrin m\u00fcqavil\u0259si\u201d kimi daxil olan\u00a0 neft sazi\u015fi imzaland\u0131.\u00a0 Bu m\u00fch\u00fcm add\u0131m Az\u0259rbaycan\u0131n d\u00fcnya iqtisadi sistemin\u0259 inteqrasiyas\u0131n\u0131 s\u00fcr\u0259tl\u0259ndirm\u0259kl\u0259 yana\u015f\u0131, xalq\u0131m\u0131z\u0131n uzun ill\u0259rd\u0259n b\u0259ri \u00fcr\u0259yind\u0259 g\u0259zdirdiyi bu ist\u0259yinin reall\u0131\u011fa \u00e7evrilm\u0259si oldu. Daim \u00f6z t\u0259bii s\u0259rv\u0259tl\u0259rinin \u0259sl sahibi olmaq ist\u0259y\u0259n Az\u0259rbaycan xalq\u0131 ulu \u00f6nd\u0259r Heyd\u0259r \u018fliyevin m\u00fc\u0259llifi oldu\u011fu neft strategiyas\u0131n\u0131n u\u011furlar\u0131n\u0131 g\u00f6rd\u00fckc\u0259 bundan daha da ruhlan\u0131r, g\u0259l\u0259c\u0259y\u0259 b\u00f6y\u00fck inamla add\u0131mlay\u0131rd\u0131. \u00c7oxlar\u0131na \u0259fsan\u0259 kimi g\u00f6r\u00fcn\u0259n BTC v\u0259 BT\u018f neft-qaz layih\u0259l\u0259rinin 2006 v\u0259 2007-ci ill\u0259rd\u0259 reall\u0131\u011fa \u00e7evrilm\u0259si, bunun ard\u0131nca\u00a0 d\u00fcnyan\u0131n enerji t\u0259hl\u00fck\u0259sizliyinin t\u0259minat\u0131nda Az\u0259rbaycan\u0131n rolunu art\u0131ran\u00a0 C\u0259nub Qaz D\u0259hlizinin\u00a0\u00a0 r\u0259smi a\u00e7\u0131l\u0131\u015f\u0131,\u00a0 2017-ci ild\u0259 \u201cYeni \u0259srin m\u00fcqavil\u0259si\u201dnin imzalanmas\u0131, h\u0259m\u00e7inin C\u0259nub Qaz D\u0259hlizinin \u0259sas t\u0259rkib hiss\u0259l\u0259rind\u0259n olan TANAP v\u0259 TAP-\u0131n istifad\u0259y\u0259 verilm\u0259si v\u0259 sair kimi biri-birind\u0259n m\u00fch\u00fcm hadis\u0259l\u0259r \u201c\u018fsrin m\u00fcqavil\u0259si\u201dnin \u00f6lk\u0259miz\u0259\u00a0 b\u00f6y\u00fck u\u011furlar qazand\u0131rd\u0131\u011f\u0131n\u0131 bir daha\u00a0 d\u00fcnyaya b\u0259yan edir.<\/p>\n<p>T\u0259bii ehtiyatlar\u0131n xalqa m\u0259xsuslu\u011funun s\u00f6zd\u0259 deyil, \u0259m\u0259ld\u0259 h\u0259yata ke\u00e7irilm\u0259sinin t\u0259r\u0259fdar\u0131 olan \u00fcmummilli lider Heyd\u0259r \u018fliyev 1999-cu ilin dekabr\u0131nda D\u00f6vl\u0259t Neft Fondunu yaratmaqla \u0259ld\u0259 olunan neft g\u0259lirl\u0259rinin \u015f\u0259ffaf v\u0259 \u0259dal\u0259tli b\u00f6l\u00fcnm\u0259sini t\u0259min etdi.\u00a0 D\u00f6vl\u0259t siyas\u0259tinin prioritetl\u0259rini m\u00fc\u0259yy\u0259nl\u0259\u015fdir\u0259n D\u00f6vl\u0259t Neft Fondu \u015f\u0259ffafl\u0131q kriteriyalar\u0131na g\u00f6r\u0259 n\u00fcmun\u0259vi qurum kimi d\u0259y\u0259rl\u0259ndirilir. Fondun v\u0259saitl\u0259rinin d\u00fczg\u00fcn istiqam\u0259tl\u0259ndirilm\u0259si v\u0259 \u015f\u0259ffafl\u0131\u011f\u0131n t\u0259minat\u0131 \u0259h\u0259miyy\u0259tli sosial-iqtisadi layih\u0259l\u0259rin h\u0259yata ke\u00e7irilm\u0259sini s\u00fcr\u0259tl\u0259ndirir.<\/p>\n<p>Bu g\u00fcn b\u00f6y\u00fck inamla qeyd edirik ki, neft siyas\u0259tinin m\u0259ntiqi davam\u0131 kimi d\u0259y\u0259rl\u0259ndiril\u0259n iqtisadiyyat\u0131n \u015fax\u0259l\u0259ndirilm\u0259si siyas\u0259ti u\u011furla h\u0259yata ke\u00e7irilir. C\u0259nab \u0130lham \u018fliyev Prezident kimi f\u0259aliyy\u0259t\u0259 ba\u015flad\u0131\u011f\u0131 ilk g\u00fcnd\u0259n iqtisadi art\u0131m\u0131n qeyri-neft sektorunun hesab\u0131na olmas\u0131n\u0131 qar\u015f\u0131ya m\u00fch\u00fcm v\u0259zif\u0259 kimi qoydu.\u00a0 Regionlar\u0131n malik oldu\u011fu potensial imkanlardan maksimum istifad\u0259 etm\u0259k \u00fc\u00e7\u00fcn D\u00f6vl\u0259t proqramlar\u0131 t\u0259sdiql\u0259ndi v\u0259 u\u011furla icra edilir.\u00a0 Ulu \u00f6nd\u0259r Heyd\u0259r \u018fliyevin \u201cNeft- Az\u0259rbaycan\u0131n \u0259n b\u00f6y\u00fck s\u0259rv\u0259ti olub, xalqa, \u00f6z\u00fc d\u0259\u00a0 t\u0259kc\u0259 indiki n\u0259sl\u0259 deyil, h\u0259m d\u0259 g\u0259l\u0259c\u0259k n\u0259sill\u0259r\u0259 m\u0259nsubdur\u201d \u00e7a\u011f\u0131r\u0131\u015f\u0131 b\u00fct\u00fcn d\u00f6vrl\u0259rd\u0259 \u00f6z aktuall\u0131\u011f\u0131n\u0131 qorumaqla yana\u015f\u0131, d\u00f6vl\u0259t siyas\u0259tinin \u0259sas\u0131n\u0131 t\u0259\u015fkil edir.\u00a0 D\u00f6vl\u0259timizin ba\u015f\u00e7\u0131s\u0131 \u0130lham \u018fliyev\u00a0 2003-c\u00fc ild\u0259 ke\u00e7iril\u0259n andi\u00e7m\u0259 m\u0259rasimind\u0259 bildirmi\u015fdir ki,\u00a0 iqtisadi inki\u015fafa uy\u011fun olaraq \u0259m\u0259khaqq\u0131 ild\u0259 \u0259n az\u0131 iki d\u0259f\u0259 art\u0131r\u0131lmal\u0131d\u0131r. \u00d6t\u0259n 18 ild\u0259 h\u0259yata ke\u00e7iril\u0259n t\u0259kmil sosial-iqtisadi islahatlar Az\u0259rbaycan\u0131n\u00a0 \u0259n islahat\u00e7\u0131 \u00f6lk\u0259 kimi tan\u0131nmas\u0131n\u0131 \u015f\u0259rtl\u0259ndirib.<\/p>\n<p>Dahi \u015f\u0259xsiyy\u0259t Heyd\u0259r \u018fliyev\u00a0 bu \u00e7a\u011f\u0131r\u0131\u015f\u0131 da\u00a0 etmi\u015fdir ki, Az\u0259rbaycan\u0131\u00a0 t\u0259kc\u0259 m\u00fcst\u0259qil bir d\u00f6vl\u0259t, z\u0259ngin t\u0259bii s\u0259rv\u0259tl\u0259r\u0259 malik \u00f6lk\u0259 kimi yox, z\u0259ngin tarixi, m\u0259d\u0259niyy\u0259ti olan \u00f6lk\u0259 kimi tan\u0131tmal\u0131y\u0131q.\u00a0 Ulu \u00d6nd\u0259r\u00a0 harada ya\u015famas\u0131ndan as\u0131l\u0131 olmayaraq b\u00fct\u00fcn az\u0259rbaycanl\u0131lar bir amal-az\u0259rbaycan\u00e7\u0131l\u0131q ideyas\u0131 \u0259traf\u0131nda s\u0131x birl\u0259\u015fm\u0259y\u0259 \u00e7a\u011f\u0131rd\u0131. \u00d6nc\u0259 ayr\u0131-ayr\u0131 d\u00f6vl\u0259tl\u0259rd\u0259 Az\u0259rbaycan c\u0259miyy\u0259tl\u0259ri, m\u0259rk\u0259zl\u0259ri yarad\u0131ld\u0131.\u00a0 Sonra\u00a0 onlar\u0131n vahid m\u0259rk\u0259zd\u0259n idar\u0259 olunmas\u0131n\u0131 t\u0259min etm\u0259k \u00fc\u00e7\u00fcn 2001-ci il noyabr\u0131n 9-10-da\u00a0 Bak\u0131da D\u00fcnya Az\u0259rbaycanl\u0131lar\u0131n\u0131n I Qurultay\u0131 ke\u00e7irildi. D\u00fcnyan\u0131n m\u00fcxt\u0259lif \u00f6lk\u0259l\u0259rind\u0259 ya\u015fayan az\u0259rbaycanl\u0131lar\u0131n m\u00fcst\u0259qil Az\u0259rbaycan\u0131 \u00f6z V\u0259t\u0259ni saymas\u0131, onu milli ruhun, milli-m\u0259n\u0259vi d\u0259y\u0259rl\u0259rin, milli m\u0259d\u0259niyy\u0259tin m\u0259b\u0259di kimi q\u0259bul etm\u0259si v\u0259 az\u0259rbaycan\u00e7\u0131l\u0131q ideyas\u0131 \u0259traf\u0131nda birl\u0259\u015fm\u0259si m\u0259hz \u00fcmummilli lider\u00a0 Heyd\u0259r \u018fliyevin\u00a0 s\u0259yl\u0259rinin n\u0259tic\u0259sidir. Sevindirici hald\u0131r ki,\u00a0 D\u00fcnya Az\u0259rbaycanl\u0131lar\u0131n\u0131n V Qurultay\u0131 Z\u0259f\u0259r ab-havas\u0131nda qeyd olundu. Qaraba\u011f\u0131n tac\u0131, Az\u0259rbaycan\u0131n, T\u00fcrk d\u00fcnyas\u0131n\u0131n m\u0259d\u0259niyy\u0259t paytaxt\u0131 \u015eu\u015fa 65 \u00f6lk\u0259d\u0259n 400-\u0259 yax\u0131n diaspor n\u00fcmay\u0259nd\u0259sini bir araya g\u0259tir\u0259r\u0259k Z\u0259f\u0259rimizin sevincini\u00a0 ya\u015fama\u011fa v\u0259 qar\u015f\u0131ya qoydu\u011fu h\u0259d\u0259fl\u0259rin m\u00fczakir\u0259sini aparma\u011fa \u015f\u0259rait yaratd\u0131. Z\u0259f\u0259r Qurultay\u0131 kimi tarix\u0259 yaz\u0131lan bu qurultay d\u00f6vl\u0259t ba\u015f\u00e7\u0131s\u0131, M\u00fcz\u0259ff\u0259r Ali Ba\u015f Komandan \u0130lham \u018fliyevin m\u00fch\u00fcm mesajlar\u0131 il\u0259 yadda qald\u0131.<\/p>\n<p>Bu fakt inkaredilm\u0259zdir ki, m\u00fcst\u0259qilliyimizin ilk ill\u0259rind\u0259 Az\u0259rbaycan haqq\u0131nda m\u0259lumats\u0131zl\u0131q bir s\u0131ra probleml\u0259rin yaranmas\u0131na, erm\u0259ni yalanlar\u0131n\u0131n ayaq tutub yerim\u0259sin\u0259 s\u0259b\u0259b olmu\u015fdu. Ulu \u00f6nd\u0259r Heyd\u0259r \u018fliyevin xalq\u0131n t\u0259kidli t\u0259l\u0259bi il\u0259 hakimiyy\u0259t\u0259 qay\u0131d\u0131\u015f\u0131ndan sonra f\u0259aliyy\u0259tinin \u0259sas istiqam\u0259tl\u0259rind\u0259n biri m\u0259hz \u00f6lk\u0259mizin \u0259traf\u0131nda yarad\u0131lan informasiya blokadas\u0131n\u0131n yar\u0131lmas\u0131 oldu v\u0259 u\u011furlu siyas\u0259ti il\u0259 bu ist\u0259yini ger\u00e7\u0259kl\u0259\u015fdirdi. M\u0259hz \u00dcmummilli Liderin q\u0259tiyy\u0259tli add\u0131mlar\u0131 say\u0259sind\u0259 diplomatiyam\u0131z\u0131n f\u0259al m\u00f6vqeyi formala\u015fd\u0131, xarici siyas\u0259timizin \u0259sas m\u0259s\u0259l\u0259si olan v\u0259 haz\u0131rda tarix\u0259 qovu\u015fan \u00a0\u00a0\u00a0Da\u011fl\u0131q Qaraba\u011f m\u00fcnaqi\u015f\u0259sin\u0259 d\u00fcnya ictimaiyy\u0259tinin m\u00fcnasib\u0259ti d\u0259yi\u015fdi, \u00f6lk\u0259mizin suverenliyi, \u0259razi b\u00fct\u00f6vl\u00fcy\u00fc v\u0259 s\u0259rh\u0259dl\u0259rinin toxunulmazl\u0131\u011f\u0131 b\u00fct\u00fcn beyn\u0259lxalq h\u00fcququn normativ s\u0259n\u0259dl\u0259rind\u0259 \u00f6z \u0259ksini tapd\u0131.<\/p>\n<p>Son 18 ild\u0259n art\u0131q d\u00f6vrd\u0259 \u00a0ulu \u00f6nd\u0259r Heyd\u0259r \u018fliyevin siyasi kursunu b\u00fct\u00fcn istiqam\u0259tl\u0259rd\u0259 u\u011furla davam etdir\u0259n Prezident \u0130lham \u018fliyev\u00a0 b\u00f6y\u00fck inam v\u0259 q\u0259tiyy\u0259tl\u0259 bildirir ki, g\u00fccl\u00fc, q\u00fcdr\u0259tli Az\u0259rbaycan b\u00fct\u00fcn d\u00fcnya az\u0259rbaycanl\u0131lar\u0131n\u0131n q\u00fcrur m\u0259nb\u0259yidir. Haz\u0131rda \u00f6lk\u0259mizin sabitlik diyar\u0131,\u00a0 iqtisadi m\u00f6c\u00fcz\u0259l\u0259r \u00f6lk\u0259si kimi tan\u0131nmas\u0131, m\u00fcxt\u0259lif m\u0259d\u0259niyy\u0259tl\u0259rin, sivilizasiyalar\u0131n qovu\u015fdu\u011fu m\u0259kanda yerl\u0259\u015f\u0259n \u00f6lk\u0259 olaraq beyn\u0259lxalq t\u0259dbirl\u0259r\u0259 ev sahibliyi etm\u0259si, \u0259n \u0259sas\u0131 d\u00fcnyan\u0131n\u00a0 inki\u015faf\u0131n Az\u0259rbaycan modelini t\u0259qdir\u00a0 etm\u0259si, siyasi, iqtisadi, humanitar m\u0259rk\u0259z\u0259 \u00e7evrilm\u0259si\u00a0\u00a0\u00a0 t\u0259m\u0259li ulu \u00f6nd\u0259r Heyd\u0259r \u018fliyev t\u0259r\u0259find\u0259n qoyulan d\u00fczg\u00fcn siyas\u0259t\u0259 \u0259saslan\u0131r.\u00a0 Bu g\u00fcn Az\u0259rbaycan\u0131n \u00fc\u00e7r\u0259ngli bayra\u011f\u0131n\u0131n n\u0259inki d\u00fcnyan\u0131n \u0259n n\u00fcfuzlu t\u0259\u015fkilatlar\u0131n\u0131n qar\u015f\u0131s\u0131nda, h\u0259m\u00e7inin 30 il\u0259 yax\u0131n m\u00fcdd\u0259td\u0259 i\u015f\u011fal alt\u0131nda olan torpaqlar\u0131m\u0131zda\u00a0 dal\u011falanmas\u0131 Az\u0259rbaycan\u0131n haqqa, \u0259dal\u0259t\u0259, beyn\u0259lxalq h\u00fcquqa \u0259saslanan siyas\u0259tinin n\u0259tic\u0259sidir. \u018fn \u0259sas\u0131 2011-ci ilin m\u00fch\u00fcm u\u011furlar\u0131ndan olan Az\u0259rbaycan\u0131n 193 \u00f6lk\u0259d\u0259n 155- nin d\u0259st\u0259yini qazanaraq BMT T\u0259hl\u00fck\u0259sizlik \u015euras\u0131na qeyri-daimi \u00fczv se\u00e7ilm\u0259si, 2019-cu ild\u0259 BMT Ba\u015f Assambleyas\u0131ndan sonra d\u00fcnya d\u00f6vl\u0259tl\u0259rinin t\u0259msil olundu\u011fu \u0259n b\u00f6y\u00fck\u00a0\u00a0 siyasi t\u0259sisat olan, 120 \u00fczv\u00fc s\u0131ralar\u0131nda birl\u0259\u015fdir\u0259n\u00a0 Qo\u015fulmama H\u0259r\u0259kat\u0131n\u0131n XVIII Zirv\u0259 G\u00f6r\u00fc\u015f\u00fcn\u0259 ev sahibliyi etm\u0259si v\u0259 sonda q\u0259bul olunan s\u0259n\u0259dd\u0259 Az\u0259rbaycan\u0131n Da\u011fl\u0131q Qaraba\u011fla ba\u011fl\u0131 m\u00f6vqeyinin d\u0259st\u0259kl\u0259nm\u0259si m\u00fch\u00fcm diplomatik u\u011furlar\u0131m\u0131z s\u0131ras\u0131ndad\u0131r. H\u0259m\u00e7inin d\u00f6vl\u0259timizin ba\u015f\u00e7\u0131s\u0131 \u0130lham \u018fliyevin 2019-cu ild\u0259 \u00a0\u00a0Rusiyan\u0131n So\u00e7i \u015f\u0259h\u0259rind\u0259 d\u00fcnyan\u0131n m\u0259\u015fhur \u201cbeyin m\u0259rk\u0259zl\u0259ri\u201dnd\u0259n biri olan \u201cValday\u201d Beyn\u0259lxalq Diskussiya Klubunun \u00ab\u015e\u0259rq \u015f\u0259f\u0259ql\u0259ri v\u0259 d\u00fcnya siyasi qurulu\u015fu\u00bb m\u00f6vzusunda\u00a0 XVI illik iclas\u0131nda, MDB D\u00f6vl\u0259t Ba\u015f\u00e7\u0131lar\u0131 \u015euras\u0131n\u0131n A\u015fqabad sammitind\u0259 \u00e7\u0131x\u0131\u015flar, \u00abQaraba\u011f Az\u0259rbaycand\u0131r v\u0259 nida i\u015far\u0259si\u00bb b\u0259yanat\u0131, h\u0259m\u00e7inin\u00a0 T\u00fcrkdilli D\u00f6vl\u0259tl\u0259rin \u018fm\u0259kda\u015fl\u0131q \u015euras\u0131n\u0131n VII Zirv\u0259 G\u00f6r\u00fc\u015f\u00fcn\u0259 ev sahibliyi Heyd\u0259r \u018fliyev ideyalar\u0131n\u0131n, Prezident \u0130lham \u018fliyevin u\u011furlu siyas\u0259tinin t\u0259nt\u0259n\u0259si idi. \u00abValday\u00bb Beyn\u0259lxalq Diskussiya Klubunun iclas\u0131nda c\u0259nab \u0130lham \u018fliyevin Erm\u0259nistan\u0131n ba\u015f naziri Nikol Pa\u015finyan\u0131n \u00abQaraba\u011f Az\u0259rbaycand\u0131r v\u0259 n\u00f6qt\u0259\u00bb s\u0259rs\u0259m b\u0259yanat\u0131na verdiyi \u00abQaraba\u011f Az\u0259rbaycand\u0131r v\u0259 nida i\u015far\u0259si\u00bb\u00a0 cavab\u0131\u00a0 h\u0259min t\u0259dbird\u0259n bir il sonra\u00a0 reall\u0131\u011fa \u00e7evrildi, 44 g\u00fcnl\u00fck V\u0259t\u0259n m\u00fcharib\u0259sinin r\u0259mzi kimi \u00f6nd\u0259 dayand\u0131. \u00a0Az\u0259rbaycan haqq\u0131, \u0259dal\u0259ti m\u00fcdafi\u0259 ed\u0259n, b\u00fct\u00fcn m\u00fcnaqi\u015f\u0259li m\u0259s\u0259l\u0259l\u0259rin beyn\u0259lxalq h\u00fcququn norma v\u0259 prinsipl\u0259ri \u0259sas\u0131nda \u00e7\u00f6z\u00fclm\u0259sini ist\u0259y\u0259n \u00f6lk\u0259 olaraq\u00a0 \u0259dal\u0259ti b\u0259rpa etdi, 30 illik i\u015f\u011fala son qoydu, 2020-ci ilin 8 noyabr tarixini Z\u0259f\u0259r G\u00fcn\u00fcm\u00fcz kimi tarix\u0259 yazd\u0131. T\u0259bii ki, bu Z\u0259f\u0259r\u0259 q\u0259d\u0259r ged\u0259n yol Heyd\u0259r \u018fliyev siyas\u0259tin\u0259 v\u0259 bu x\u0259ttin Prezident \u0130lham \u018fliyev t\u0259r\u0259find\u0259n u\u011furla davam etdirilm\u0259sin\u0259 \u0259saslan\u0131r.<\/p>\n<p>Xarici siyas\u0259tind\u0259 beyn\u0259lxalq h\u00fcququn norma v\u0259 prinsipl\u0259rin\u0259 x\u00fcsusi \u00f6n\u0259m ver\u0259n, h\u0259r bir m\u0259s\u0259l\u0259nin\u00a0 \u0259dal\u0259t prinsipi \u0259sas\u0131nda \u00e7\u00f6z\u00fclm\u0259sind\u0259 maraql\u0131 olan Az\u0259rbaycan d\u00f6vl\u0259ti daim d\u00fcnyaya bu \u00e7a\u011f\u0131r\u0131\u015f\u0131 edirdi ki, ikili standartlara son qoyulsun, beyn\u0259lxalq h\u00fcquq normalar\u0131n\u0131n icras\u0131 \u00fc\u00e7\u00fcn vahid mexanizm m\u00fc\u0259yy\u0259nl\u0259\u015fdirilsin, Da\u011fl\u0131q Qaraba\u011f m\u00fcnaqi\u015f\u0259sinin \u0259dal\u0259tli h\u0259lli t\u0259min edilsin. Problemin h\u0259lli\u00a0 \u00fc\u00e7\u00fcn m\u00f6hk\u0259m h\u00fcquqi baza m\u00f6vcud idi. BMT T\u0259hl\u00fck\u0259sizlik \u015euras\u0131n\u0131n 4 q\u0259tnam\u0259sind\u0259\u00a0 Az\u0259rbaycan\u0131n \u0259razi b\u00fct\u00f6vl\u00fcy\u00fc d\u0259st\u0259kl\u0259nir, erm\u0259ni i\u015f\u011fal\u00e7\u0131lar\u0131n\u0131n \u0259razil\u0259rimizd\u0259n qeyd-\u015f\u0259rtsiz \u00e7\u0131xar\u0131lmas\u0131 \u00f6z \u0259ksini tapd\u0131. Eyni zamanda, dig\u0259r beyn\u0259lxalq qurumlar\u0131n, d\u00f6vl\u0259tl\u0259rin q\u0259rar v\u0259 q\u0259tnam\u0259l\u0259rind\u0259 d\u0259 Az\u0259rbaycan\u0131n m\u00f6vqeyi d\u0259st\u0259kl\u0259nirdi. Son bir il\u0259 Az\u0259rbaycan\u0131n diplomatik u\u011furlar\u0131 g\u00f6z \u00f6n\u00fcnd\u0259dir v\u0259 onlar\u0131n bir qismini yaz\u0131n\u0131n \u0259vv\u0259lin\u0259 qeyd etdik.\u00a0\u00a0\u00a0\u00a0 R\u0259smi Bak\u0131\u00a0 b\u0259yanatlar\u0131nda bu fikri d\u0259 s\u0259sl\u0259ndirirdi ki,\u00a0 problemin s\u00fclh yolu il\u0259 h\u0259lli imkanlar\u0131 t\u00fck\u0259n\u0259rs\u0259, h\u0259rb variant\u0131\u00a0 istisna edilmir. Az\u0259rbaycan\u0131n tam haqq\u0131 var ki, i\u015f\u011fal alt\u0131nda olan topaqlar\u0131n\u0131\u00a0 ist\u0259nil\u0259n yolla azad etsin. Ulu \u00f6nd\u0259r Heyd\u0259r \u018fliyev bildirmi\u015fdir ki, s\u00fclh dan\u0131\u015f\u0131qlar\u0131n\u0131 c\u0259sar\u0259tl\u0259 apara bilm\u0259k \u00fc\u00e7\u00fcn g\u00fccl\u00fc orduya malik olmaq laz\u0131md\u0131r.<\/p>\n<p>Bu kimi b\u0259yanatlar, \u0259n \u0259sas\u0131 1994-c\u00fc il may\u0131n 12-d\u0259 c\u0259bh\u0259 x\u0259ttind\u0259 at\u0259\u015fk\u0259s sazi\u015finin imzalanmas\u0131 Az\u0259rbaycan\u0131n s\u00fclh siyas\u0259tin\u0259 sadiqliyini, h\u0259m\u00e7inin b\u00fct\u00fcn m\u00fcnaqi\u015f\u0259li m\u0259s\u0259l\u0259l\u0259rin beyn\u0259lxalq h\u00fcququn norma v\u0259 prinsipl\u0259ri \u0259sas\u0131nda \u00e7\u00f6z\u00fclm\u0259sinin t\u0259r\u0259fdar\u0131 oldu\u011funu n\u00fcmayi\u015f etdirirdi.\u00a0 Amma qar\u015f\u0131\u00a0 t\u0259r\u0259f, i\u015f\u011fal\u00e7\u0131 Erm\u0259nistan qeyri-konstruktiv m\u00f6vqeyind\u0259n \u0259l \u00e7\u0259kmir, problemin sulh yolu il\u0259 h\u0259llini m\u00fcmk\u00fcns\u00fcz edirdi.\u00a0\u00a0 Az\u0259rbaycan Ordusunun g\u00fcc\u00fc, q\u00fcdr\u0259ti\u00a0 bu\u00a0 fikri b\u00f6y\u00fck inamla s\u00f6yl\u0259m\u0259y\u0259 \u0259sas verdi ki, i\u015f\u011fal alt\u0131nda olan torpaqlar\u0131m\u0131z azad edil\u0259c\u0259k, \u00fc\u00e7r\u0259ngli bayra\u011f\u0131m\u0131z bu \u0259razil\u0259rimizd\u0259 dal\u011falanacaq.<\/p>\n<p>2003-c\u00fc ild\u0259n ba\u015flanan B\u00f6y\u00fck Yolun davam\u0131 ulu \u00f6nd\u0259r Heyd\u0259r \u018fliyevin daim b\u00f6y\u00fck inamla torpaqlar\u0131m\u0131z\u0131n i\u015f\u011faldan azad olunaca\u011f\u0131 g\u00fcnl\u0259 ba\u011fl\u0131 fikirl\u0259rinin reallaqda \u00f6z \u0259ksini tapmas\u0131n\u0131 \u015f\u0259rtl\u0259ndirdi. D\u00f6vr\u00fcn v\u0259 zaman\u0131n t\u0259l\u0259bl\u0259rin\u0259 uy\u011fun olaraq t\u0259kmill\u0259\u015fm\u0259, islahatlar\u00a0 qar\u015f\u0131ya qoyulan h\u0259r bir h\u0259d\u0259f\u0259 y\u00fcks\u0259k s\u0259viyy\u0259d\u0259 nail olma\u011fa \u0259sas verdi. Az\u0259rbaycan ulu \u00f6nd\u0259r Heyd\u0259r \u018fliyevin g\u00f6rm\u0259k ist\u0259diyi Az\u0259rbaycan kimi d\u00fcnyaya t\u0259qdim olundu. \u00dcmummilli Liderin m\u00f6hk\u0259m t\u0259m\u0259l \u00fcz\u0259rind\u0259 formala\u015fd\u0131rd\u0131\u011f\u0131 siyas\u0259t Az\u0259rbaycana bug\u00fcnk\u00fc u\u011furlar\u0131 qazand\u0131rd\u0131. \u015e\u00fcbh\u0259siz, dahi \u015f\u0259xsiyy\u0259t Heyd\u0259r \u018fliyevin Az\u0259rbaycan d\u00f6vl\u0259ti, xalq\u0131 qar\u015f\u0131s\u0131ndak\u0131 xidm\u0259tl\u0259rini bir yaz\u0131 \u00e7\u0259r\u00e7iv\u0259sind\u0259 \u0259hat\u0259 etm\u0259k qeyri-m\u00fcmk\u00fcnd\u00fcr. Bunlar\u0131n \u00fcmumil\u0259\u015fdirilmi\u015f ifad\u0259si bug\u00fcnk\u00fc Z\u0259f\u0259r sevincimizdir.\u00a0\u00a0 Son\u00a0\u00a0 18 ild\u0259 Az\u0259rbaycan xalq\u0131 h\u0259mi\u015f\u0259 \u00f6z liderin\u0259 g\u00fcv\u0259nib, ona \u0259n g\u00fccl\u00fc dayaq olub. Prezident \u0130lham \u018fliyev respublikam\u0131z\u0131n s\u00fcr\u0259tli inki\u015faf\u0131ndan, qazan\u0131lan nailiyy\u0259tl\u0259rd\u0259n b\u0259hs ed\u0259rk\u0259n h\u0259mi\u015f\u0259 b\u00f6y\u00fck f\u0259xrl\u0259 bildirir ki, bu u\u011furlar\u0131n \u0259sas\u0131nda m\u0259hz \u00f6lk\u0259d\u0259ki sa\u011flam ictimai-siyasi m\u00fchit, xalqla Prezidentin\u00a0 birliyi dayan\u0131r.\u00a0 \u00a0\u00d6lk\u0259 Prezidenti, Ali Ba\u015f Komandan \u0130lham \u018fliyevin Qaraba\u011f\u0131n incisi olan\u00a0 \u015eu\u015fan\u0131n i\u015f\u011faldan azad olunmas\u0131 m\u00fcjd\u0259sini \u015e\u0259hidl\u0259r xiyaban\u0131ndan xalqa \u00e7atd\u0131rark\u0259n \u201cM\u0259n bu g\u00fcn, eyni zamanda, ulu \u00f6nd\u0259r Heyd\u0259r \u018fliyevin m\u0259zar\u0131n\u0131 ziyar\u0259t etdim, onun ruhu qar\u015f\u0131s\u0131nda ba\u015f \u0259ydim. \u00dcr\u0259yimd\u0259 dedim, xo\u015fb\u0259xt adamam ki, ata v\u0259siyy\u0259tini yerin\u0259 yetirdim. \u015eu\u015fan\u0131 azad etdik! Bu, b\u00f6y\u00fck Q\u0259l\u0259b\u0259dir! \u015e\u0259hidl\u0259rimizin, Ulu \u00d6nd\u0259rin ruhu \u015fadd\u0131r bu g\u00fcn! G\u00f6z\u00fcn ayd\u0131n olsun Az\u0259rbaycan! G\u00f6z\u00fcn\u00fcz ayd\u0131n olsun d\u00fcnya az\u0259rbaycanl\u0131lar\u0131!\u201d fikirl\u0259ri il\u0259 bir daha m\u00fcasir m\u00fcst\u0259qil Az\u0259rbaycan d\u00f6vl\u0259tinin qurucusu, ulu \u00f6nd\u0259r Heyd\u0259r \u018fliyevin Ona olan etimad\u0131n\u0131, inam\u0131n\u0131 b\u00fct\u00fcn istiqam\u0259tl\u0259rd\u0259 do\u011frultdu\u011funu, \u0259n \u0259sas\u0131 Da\u015fl\u0131q Qaraba\u011f probleminin h\u0259lli il\u0259 ba\u011fl\u0131 v\u0259siyy\u0259tini yerin\u0259 yetirm\u0259sind\u0259n q\u00fcrurland\u0131\u011f\u0131n\u0131 ifad\u0259 etdi. H\u0259min m\u00fcraci\u0259td\u0259 bu fikirl\u0259r d\u0259 \u00f6z \u0259ksini tapm\u0131\u015fd\u0131r ki, d\u00fcnya az\u0259rbaycanl\u0131lar\u0131ndan v\u0259 Az\u0259rbaycanda ya\u015fayan insanlardan minl\u0259rl\u0259 m\u0259ktub al\u0131ram.\u00a0 N\u0259 q\u0259d\u0259r g\u00f6z\u0259l s\u00f6zl\u0259r deyilir, n\u0259 q\u0259d\u0259r b\u00f6y\u00fck d\u0259st\u0259k g\u00f6st\u0259rilir: \u201cBu g\u00fcn biz bir daha b\u00fct\u00fcn d\u00fcnyaya s\u00fcbut edirik ki, biz b\u00f6y\u00fck xalq\u0131q, biz m\u0259\u011frur xalq\u0131q! Biz yenilm\u0259z xalq\u0131q!\u201d<\/p>\n<p>2003-c\u00fc il oktyabr\u0131n 1-d\u0259 ulu \u00f6nd\u0259r Heyd\u0259r \u018fliyev\u00a0 xalqa m\u00fcraci\u0259tind\u0259 n\u00f6vb\u0259ti inam\u0131n v\u0259 etimad\u0131n \u00fcnvan\u0131n\u0131 g\u00f6st\u0259rm\u0259kl\u0259 can\u0131ndan art\u0131q sevdiyi d\u00f6vl\u0259ti, xalq\u0131 \u00fc\u00e7\u00fcn xidm\u0259tl\u0259rinin miqyas\u0131n\u0131n daha da geni\u015fl\u0259nm\u0259sini t\u0259min etdi. H\u0259min m\u00fcraci\u0259td\u0259 bildirmi\u015fdir: \u201c\u00dcz\u00fcm\u00fc Siz\u0259 &#8211; h\u0259mv\u0259t\u0259nl\u0259rim\u0259 tutaraq, qar\u015f\u0131dan g\u0259l\u0259n prezident se\u00e7kil\u0259rind\u0259 prezidentliy\u0259 namiz\u0259d, m\u0259nim siyasi varisim, Yeni Az\u0259rbaycan Partiyas\u0131 s\u0259drinin I m\u00fcavini \u0130lham \u018fliyevi d\u0259st\u0259kl\u0259m\u0259y\u0259 \u00e7a\u011f\u0131r\u0131ram. O, y\u00fcks\u0259k intellektli, praqmatik d\u00fc\u015f\u00fcnc\u0259li, m\u00fcasir d\u00fcnya siyas\u0259tini v\u0259 iqtisadiyyat\u0131n\u0131 g\u00f6z\u0259l bil\u0259n, enerjili v\u0259 t\u0259\u015f\u0259bb\u00fcskar bir \u015f\u0259xsiyy\u0259tdir. Sizi \u0259min edir\u0259m ki, h\u0259m \u0130lham \u018fliyev, h\u0259m d\u0259 Yeni Az\u0259rbaycan Partiyas\u0131 bundan sonra da xalq\u0131m\u0131z\u0131n \u0259n layiqli \u00f6vladlar\u0131n\u0131 \u00f6z \u0259traf\u0131nda s\u0131x birl\u0259\u015fdir\u0259r\u0259k Az\u0259rbaycan d\u00f6vl\u0259tinin inki\u015faf\u0131 v\u0259 xalq\u0131m\u0131z\u0131n firavanl\u0131\u011f\u0131 yolunda \u00e7ox i\u015fl\u0259r g\u00f6r\u0259c\u0259kl\u0259r. \u0130nan\u0131ram ki, m\u0259nim ax\u0131ra \u00e7atd\u0131ra bilm\u0259diyim taley\u00fckl\u00fc m\u0259s\u0259l\u0259l\u0259ri, planlar\u0131, i\u015fl\u0259ri Sizin k\u00f6m\u0259yiniz v\u0259 d\u0259st\u0259yinizl\u0259 \u0130lham \u018fliyev ba\u015fa \u00e7atd\u0131ra bil\u0259c\u0259k. M\u0259n ona \u00f6z\u00fcm q\u0259d\u0259r inan\u0131ram v\u0259 g\u0259l\u0259c\u0259yin\u0259 b\u00f6y\u00fck \u00fcmidl\u0259r b\u0259sl\u0259yir\u0259m.\u00bb<\/p>\n","protected":false},"excerpt":{"rendered":"<p>Z\u0259f\u0259r tarixini yazan d\u00f6vl\u0259t ba\u015f\u00e7\u0131s\u0131, M\u00fcz\u0259ff\u0259r Ali Ba\u015f Komandan \u0130lham \u018fliyevin b\u00f6y\u00fck q\u00fcrur hissi il\u0259 s\u00f6yl\u0259diyi bu fikir \u00dcmummilli Liderin yaratd\u0131\u011f\u0131 m\u00f6hk\u0259m t\u0259m\u0259l \u00fcz\u0259rind\u0259 inamla add\u0131mlayan Az\u0259rbaycan\u0131n d\u00fcn\u0259nin\u0259 v\u0259 bu fonda g\u0259l\u0259c\u0259yin\u0259 bir bax\u0131\u015fd\u0131r D\u00f6vl\u0259t ba\u015f\u00e7\u0131s\u0131, M\u00fcz\u0259ff\u0259r Ali Ba\u015f Komandan \u0130lham \u018fliyevin \u00f6t\u0259n ilin avqustunda \u015eu\u015fada Vaqif Poeziya G\u00fcnl\u0259rinin a\u00e7\u0131l\u0131\u015f\u0131nda s\u0259sl\u0259ndirdiyi bu fikirl\u0259ri yada salmaq ist\u0259rdik: \u00abT\u0259xmin\u0259n 40 il bundan \u0259vv\u0259l, bax, bu yerd\u0259 atam durmu\u015fdu, m\u0259n is\u0259 o t\u0259r\u0259fd\u0259 durmu\u015fdum. \u015eaxtal\u0131-qarl\u0131 havada Vaqifin m\u0259qb\u0259r\u0259sinin a\u00e7\u0131l\u0131\u015f\u0131 idi. Ondan sonra 1982-ci il iyulun 29-da atamla b\u0259rab\u0259r ikinci d\u0259f\u0259 \u015eu\u015faya g\u0259lmi\u015fdim. O&hellip;<\/p>\n","protected":false},"author":2,"featured_media":472460,"comment_status":"closed","ping_status":"closed","sticky":false,"template":"","format":"standard","meta":{"om_disable_all_campaigns":false,"_monsterinsights_skip_tracking":false,"_monsterinsights_sitenote_active":false,"_monsterinsights_sitenote_note":"","_monsterinsights_sitenote_category":0},"categories":[8],"tags":[],"aioseo_notices":[],"gutentor_comment":0,"rttpg_featured_image_url":{"full":["https:\/\/arantv.az\/wp-content\/uploads\/2022\/05\/aea94dc1165186129789871738210319358.jpg",975,540,false],"landscape":["https:\/\/arantv.az\/wp-content\/uploads\/2022\/05\/aea94dc1165186129789871738210319358.jpg",975,540,false],"portraits":["https:\/\/arantv.az\/wp-content\/uploads\/2022\/05\/aea94dc1165186129789871738210319358.jpg",975,540,false],"thumbnail":["https:\/\/arantv.az\/wp-content\/uploads\/2022\/05\/aea94dc1165186129789871738210319358-500x280.jpg",500,280,true],"medium":["https:\/\/arantv.az\/wp-content\/uploads\/2022\/05\/aea94dc1165186129789871738210319358-660x365.jpg",660,365,true],"large":["https:\/\/arantv.az\/wp-content\/uploads\/2022\/05\/aea94dc1165186129789871738210319358-840x465.jpg",640,354,true],"1536x1536":["https:\/\/arantv.az\/wp-content\/uploads\/2022\/05\/aea94dc1165186129789871738210319358.jpg",975,540,false],"2048x2048":["https:\/\/arantv.az\/wp-content\/uploads\/2022\/05\/aea94dc1165186129789871738210319358.jpg",975,540,false],"post-thumbnail":["https:\/\/arantv.az\/wp-content\/uploads\/2022\/05\/aea94dc1165186129789871738210319358-240x172.jpg",240,172,true],"advps-thumb-one":["https:\/\/arantv.az\/wp-content\/uploads\/2022\/05\/aea94dc1165186129789871738210319358.jpg",975,540,false]},"rttpg_author":{"display_name":"V\u00fcsal Rafiqo\u011flu","author_link":"https:\/\/arantv.az\/?author=2"},"rttpg_comment":0,"rttpg_category":"<a href=\"https:\/\/arantv.az\/?cat=8\" rel=\"category\">\u018fsas s\u0259hif\u0259<\/a>","rttpg_excerpt":"Z\u0259f\u0259r tarixini yazan d\u00f6vl\u0259t ba\u015f\u00e7\u0131s\u0131, M\u00fcz\u0259ff\u0259r Ali Ba\u015f Komandan \u0130lham \u018fliyevin b\u00f6y\u00fck q\u00fcrur hissi il\u0259 s\u00f6yl\u0259diyi bu fikir \u00dcmummilli Liderin yaratd\u0131\u011f\u0131 m\u00f6hk\u0259m t\u0259m\u0259l \u00fcz\u0259rind\u0259 inamla add\u0131mlayan Az\u0259rbaycan\u0131n d\u00fcn\u0259nin\u0259 v\u0259 bu fonda g\u0259l\u0259c\u0259yin\u0259 bir bax\u0131\u015fd\u0131r D\u00f6vl\u0259t ba\u015f\u00e7\u0131s\u0131, M\u00fcz\u0259ff\u0259r Ali Ba\u015f Komandan \u0130lham \u018fliyevin \u00f6t\u0259n ilin avqustunda \u015eu\u015fada Vaqif Poeziya G\u00fcnl\u0259rinin a\u00e7\u0131l\u0131\u015f\u0131nda s\u0259sl\u0259ndirdiyi bu fikirl\u0259ri yada salmaq&hellip;","_links":{"self":[{"href":"https:\/\/arantv.az\/index.php?rest_route=\/wp\/v2\/posts\/472459"}],"collection":[{"href":"https:\/\/arantv.az\/index.php?rest_route=\/wp\/v2\/posts"}],"about":[{"href":"https:\/\/arantv.az\/index.php?rest_route=\/wp\/v2\/types\/post"}],"author":[{"embeddable":true,"href":"https:\/\/arantv.az\/index.php?rest_route=\/wp\/v2\/users\/2"}],"replies":[{"embeddable":true,"href":"https:\/\/arantv.az\/index.php?rest_route=%2Fwp%2Fv2%2Fcomments&post=472459"}],"version-history":[{"count":0,"href":"https:\/\/arantv.az\/index.php?rest_route=\/wp\/v2\/posts\/472459\/revisions"}],"wp:featuredmedia":[{"embeddable":true,"href":"https:\/\/arantv.az\/index.php?rest_route=\/wp\/v2\/media\/472460"}],"wp:attachment":[{"href":"https:\/\/arantv.az\/index.php?rest_route=%2Fwp%2Fv2%2Fmedia&parent=472459"}],"wp:term":[{"taxonomy":"category","embeddable":true,"href":"https:\/\/arantv.az\/index.php?rest_route=%2Fwp%2Fv2%2Fcategories&post=472459"},{"taxonomy":"post_tag","embeddable":true,"href":"https:\/\/arantv.az\/index.php?rest_route=%2Fwp%2Fv2%2Ftags&post=472459"}],"curies":[{"name":"wp","href":"https:\/\/api.w.org\/{rel}","templated":true}]}}