{"id":472465,"date":"2022-05-09T10:12:54","date_gmt":"2022-05-09T07:12:54","guid":{"rendered":"https:\/\/arantv.az\/?p=472465"},"modified":"2022-05-09T10:12:54","modified_gmt":"2022-05-09T07:12:54","slug":"alban-udi-v%c9%99-dig%c9%99r-xristian-icmalarinin-k%c9%99lb%c9%99c%c9%99r%c9%99-s%c9%99f%c9%99ri-baslayib","status":"publish","type":"post","link":"https:\/\/arantv.az\/?p=472465","title":{"rendered":"Alban-Udi v\u0259 dig\u0259r xristian icmalar\u0131n\u0131n K\u0259lb\u0259c\u0259r\u0259 s\u0259f\u0259ri ba\u015flay\u0131b"},"content":{"rendered":"<p>Alban-Udi v\u0259 dig\u0259r xristian icmalar\u0131n\u0131n K\u0259lb\u0259c\u0259r\u0259 s\u0259f\u0259ri ba\u015flay\u0131b.<\/p>\n<p><strong>ARANTV.AZ<\/strong> <a href=\"http:\/\/az.trend.az\/\" target=\"_blank\" rel=\"noopener\">Trend<\/a>-\u0259 istinad\u0259n x\u0259b\u0259r verir ki,\u00a0bu g\u00fcn Pasxa bayram\u0131 m\u00fcnasib\u0259til\u0259 Dini Qurumlarla \u0130\u015f \u00fczr\u0259 D\u00f6vl\u0259t Komit\u0259sinin x\u0259tti il\u0259 K\u0259lb\u0259c\u0259rd\u0259 Xudav\u0259ng m\u0259b\u0259din\u0259 Alban-Udi dini icmas\u0131n\u0131n v\u0259 dig\u0259r xristian icmalar\u0131n\u0131n s\u0259f\u0259ri t\u0259\u015fkil edilib.<\/p>\n<p>S\u0259f\u0259r \u00e7\u0259r\u00e7iv\u0259sind\u0259 komit\u0259nin, Alban-Udi xristian dini icmas\u0131n\u0131n v\u0259 dig\u0259r xristian icmalar\u0131n\u0131n n\u00fcmay\u0259nd\u0259l\u0259ri il\u0259 birg\u0259, jurnalistl\u0259r d\u0259 i\u015f\u011faldan azad olunan K\u0259lb\u0259c\u0259r\u0259 yola d\u00fc\u015f\u00fcbl\u0259r.<\/p>\n<p>Qeyd ed\u0259k ki, onlar m\u0259b\u0259dd\u0259 dini ayin icra ed\u0259c\u0259kl\u0259r, dualar oxuyacaqlar v\u0259 \u015famlar yand\u0131racaqlar.<\/p>\n<p>&nbsp;<\/p>\n","protected":false},"excerpt":{"rendered":"<p>Alban-Udi v\u0259 dig\u0259r xristian icmalar\u0131n\u0131n K\u0259lb\u0259c\u0259r\u0259 s\u0259f\u0259ri ba\u015flay\u0131b. ARANTV.AZ Trend-\u0259 istinad\u0259n x\u0259b\u0259r verir ki,\u00a0bu g\u00fcn Pasxa bayram\u0131 m\u00fcnasib\u0259til\u0259 Dini Qurumlarla \u0130\u015f \u00fczr\u0259 D\u00f6vl\u0259t Komit\u0259sinin x\u0259tti il\u0259 K\u0259lb\u0259c\u0259rd\u0259 Xudav\u0259ng m\u0259b\u0259din\u0259 Alban-Udi dini icmas\u0131n\u0131n v\u0259 dig\u0259r xristian icmalar\u0131n\u0131n s\u0259f\u0259ri t\u0259\u015fkil edilib. S\u0259f\u0259r \u00e7\u0259r\u00e7iv\u0259sind\u0259 komit\u0259nin, Alban-Udi xristian dini icmas\u0131n\u0131n v\u0259 dig\u0259r xristian icmalar\u0131n\u0131n n\u00fcmay\u0259nd\u0259l\u0259ri il\u0259 birg\u0259, jurnalistl\u0259r d\u0259 i\u015f\u011faldan azad olunan K\u0259lb\u0259c\u0259r\u0259 yola d\u00fc\u015f\u00fcbl\u0259r. Qeyd ed\u0259k ki, onlar m\u0259b\u0259dd\u0259 dini ayin icra ed\u0259c\u0259kl\u0259r, dualar oxuyacaqlar v\u0259 \u015famlar yand\u0131racaqlar. &nbsp;<\/p>\n","protected":false},"author":2,"featured_media":472466,"comment_status":"closed","ping_status":"closed","sticky":false,"template":"","format":"standard","meta":{"om_disable_all_campaigns":false,"_monsterinsights_skip_tracking":false,"_monsterinsights_sitenote_active":false,"_monsterinsights_sitenote_note":"","_monsterinsights_sitenote_category":0},"categories":[1],"tags":[],"aioseo_notices":[],"gutentor_comment":0,"rttpg_featured_image_url":{"full":["https:\/\/arantv.az\/wp-content\/uploads\/2022\/05\/1041060.jpg",800,600,false],"landscape":["https:\/\/arantv.az\/wp-content\/uploads\/2022\/05\/1041060.jpg",800,600,false],"portraits":["https:\/\/arantv.az\/wp-content\/uploads\/2022\/05\/1041060.jpg",800,600,false],"thumbnail":["https:\/\/arantv.az\/wp-content\/uploads\/2022\/05\/1041060-500x280.jpg",500,280,true],"medium":["https:\/\/arantv.az\/wp-content\/uploads\/2022\/05\/1041060-487x365.jpg",487,365,true],"large":["https:\/\/arantv.az\/wp-content\/uploads\/2022\/05\/1041060.jpg",640,480,false],"1536x1536":["https:\/\/arantv.az\/wp-content\/uploads\/2022\/05\/1041060.jpg",800,600,false],"2048x2048":["https:\/\/arantv.az\/wp-content\/uploads\/2022\/05\/1041060.jpg",800,600,false],"post-thumbnail":["https:\/\/arantv.az\/wp-content\/uploads\/2022\/05\/1041060-240x172.jpg",240,172,true],"advps-thumb-one":["https:\/\/arantv.az\/wp-content\/uploads\/2022\/05\/1041060.jpg",800,600,false]},"rttpg_author":{"display_name":"V\u00fcsal Rafiqo\u011flu","author_link":"https:\/\/arantv.az\/?author=2"},"rttpg_comment":0,"rttpg_category":"<a href=\"https:\/\/arantv.az\/?cat=1\" rel=\"category\">C\u0259miyy\u0259t<\/a>","rttpg_excerpt":"Alban-Udi v\u0259 dig\u0259r xristian icmalar\u0131n\u0131n K\u0259lb\u0259c\u0259r\u0259 s\u0259f\u0259ri ba\u015flay\u0131b. ARANTV.AZ Trend-\u0259 istinad\u0259n x\u0259b\u0259r verir ki,\u00a0bu g\u00fcn Pasxa bayram\u0131 m\u00fcnasib\u0259til\u0259 Dini Qurumlarla \u0130\u015f \u00fczr\u0259 D\u00f6vl\u0259t Komit\u0259sinin x\u0259tti il\u0259 K\u0259lb\u0259c\u0259rd\u0259 Xudav\u0259ng m\u0259b\u0259din\u0259 Alban-Udi dini icmas\u0131n\u0131n v\u0259 dig\u0259r xristian icmalar\u0131n\u0131n s\u0259f\u0259ri t\u0259\u015fkil edilib. S\u0259f\u0259r \u00e7\u0259r\u00e7iv\u0259sind\u0259 komit\u0259nin, Alban-Udi xristian dini icmas\u0131n\u0131n v\u0259 dig\u0259r xristian icmalar\u0131n\u0131n n\u00fcmay\u0259nd\u0259l\u0259ri il\u0259 birg\u0259, jurnalistl\u0259r d\u0259&hellip;","_links":{"self":[{"href":"https:\/\/arantv.az\/index.php?rest_route=\/wp\/v2\/posts\/472465"}],"collection":[{"href":"https:\/\/arantv.az\/index.php?rest_route=\/wp\/v2\/posts"}],"about":[{"href":"https:\/\/arantv.az\/index.php?rest_route=\/wp\/v2\/types\/post"}],"author":[{"embeddable":true,"href":"https:\/\/arantv.az\/index.php?rest_route=\/wp\/v2\/users\/2"}],"replies":[{"embeddable":true,"href":"https:\/\/arantv.az\/index.php?rest_route=%2Fwp%2Fv2%2Fcomments&post=472465"}],"version-history":[{"count":0,"href":"https:\/\/arantv.az\/index.php?rest_route=\/wp\/v2\/posts\/472465\/revisions"}],"wp:featuredmedia":[{"embeddable":true,"href":"https:\/\/arantv.az\/index.php?rest_route=\/wp\/v2\/media\/472466"}],"wp:attachment":[{"href":"https:\/\/arantv.az\/index.php?rest_route=%2Fwp%2Fv2%2Fmedia&parent=472465"}],"wp:term":[{"taxonomy":"category","embeddable":true,"href":"https:\/\/arantv.az\/index.php?rest_route=%2Fwp%2Fv2%2Fcategories&post=472465"},{"taxonomy":"post_tag","embeddable":true,"href":"https:\/\/arantv.az\/index.php?rest_route=%2Fwp%2Fv2%2Ftags&post=472465"}],"curies":[{"name":"wp","href":"https:\/\/api.w.org\/{rel}","templated":true}]}}