{"id":472468,"date":"2022-05-09T10:13:41","date_gmt":"2022-05-09T07:13:41","guid":{"rendered":"https:\/\/arantv.az\/?p=472468"},"modified":"2022-05-09T10:13:41","modified_gmt":"2022-05-09T07:13:41","slug":"lacinda-avtomobil-asib-ol%c9%99n-var","status":"publish","type":"post","link":"https:\/\/arantv.az\/?p=472468","title":{"rendered":"La\u00e7\u0131nda avtomobil a\u015f\u0131b, \u00f6l\u0259n var"},"content":{"rendered":"<p>Bu bar\u0259d\u0259\u00a0&#8220;\u0130ki sahil&#8221;\u0259\u00a0Daxili \u0130\u015fl\u0259r Nazirliyinin (D\u0130N) M\u0259tbuat Xidm\u0259tind\u0259n m\u0259lumat verilib.<\/p>\n<p>Bildirilib ki, may\u0131n 6-da saat 17 rad\u0259l\u0259rind\u0259 rayonun Seyidl\u0259r k\u0259ndi \u0259razisind\u0259 Namiq S\u0259m\u0259dov idar\u0259 etdiyi \u201cUral\u201d markal\u0131 avtomobili a\u015f\u0131r\u0131b. N\u0259tic\u0259d\u0259 s\u00fcr\u00fcc\u00fc hadis\u0259 yerind\u0259 \u00f6l\u00fcb.<\/p>\n<p>La\u00e7\u0131n Rayon Polis \u015e\u00f6b\u0259sind\u0259 ara\u015fd\u0131rma apar\u0131l\u0131r.<\/p>\n","protected":false},"excerpt":{"rendered":"<p>Bu bar\u0259d\u0259\u00a0&#8220;\u0130ki sahil&#8221;\u0259\u00a0Daxili \u0130\u015fl\u0259r Nazirliyinin (D\u0130N) M\u0259tbuat Xidm\u0259tind\u0259n m\u0259lumat verilib. Bildirilib ki, may\u0131n 6-da saat 17 rad\u0259l\u0259rind\u0259 rayonun Seyidl\u0259r k\u0259ndi \u0259razisind\u0259 Namiq S\u0259m\u0259dov idar\u0259 etdiyi \u201cUral\u201d markal\u0131 avtomobili a\u015f\u0131r\u0131b. N\u0259tic\u0259d\u0259 s\u00fcr\u00fcc\u00fc hadis\u0259 yerind\u0259 \u00f6l\u00fcb. La\u00e7\u0131n Rayon Polis \u015e\u00f6b\u0259sind\u0259 ara\u015fd\u0131rma apar\u0131l\u0131r.<\/p>\n","protected":false},"author":2,"featured_media":472469,"comment_status":"closed","ping_status":"closed","sticky":false,"template":"","format":"standard","meta":{"om_disable_all_campaigns":false,"_monsterinsights_skip_tracking":false,"_monsterinsights_sitenote_active":false,"_monsterinsights_sitenote_note":"","_monsterinsights_sitenote_category":0},"categories":[5],"tags":[],"aioseo_notices":[],"gutentor_comment":0,"rttpg_featured_image_url":{"full":["https:\/\/arantv.az\/wp-content\/uploads\/2022\/05\/24aa17e7165208026574159791311043358.jpg",975,540,false],"landscape":["https:\/\/arantv.az\/wp-content\/uploads\/2022\/05\/24aa17e7165208026574159791311043358.jpg",975,540,false],"portraits":["https:\/\/arantv.az\/wp-content\/uploads\/2022\/05\/24aa17e7165208026574159791311043358.jpg",975,540,false],"thumbnail":["https:\/\/arantv.az\/wp-content\/uploads\/2022\/05\/24aa17e7165208026574159791311043358-500x280.jpg",500,280,true],"medium":["https:\/\/arantv.az\/wp-content\/uploads\/2022\/05\/24aa17e7165208026574159791311043358-660x365.jpg",660,365,true],"large":["https:\/\/arantv.az\/wp-content\/uploads\/2022\/05\/24aa17e7165208026574159791311043358-840x465.jpg",640,354,true],"1536x1536":["https:\/\/arantv.az\/wp-content\/uploads\/2022\/05\/24aa17e7165208026574159791311043358.jpg",975,540,false],"2048x2048":["https:\/\/arantv.az\/wp-content\/uploads\/2022\/05\/24aa17e7165208026574159791311043358.jpg",975,540,false],"post-thumbnail":["https:\/\/arantv.az\/wp-content\/uploads\/2022\/05\/24aa17e7165208026574159791311043358-240x172.jpg",240,172,true],"advps-thumb-one":["https:\/\/arantv.az\/wp-content\/uploads\/2022\/05\/24aa17e7165208026574159791311043358.jpg",975,540,false]},"rttpg_author":{"display_name":"V\u00fcsal Rafiqo\u011flu","author_link":"https:\/\/arantv.az\/?author=2"},"rttpg_comment":0,"rttpg_category":"<a href=\"https:\/\/arantv.az\/?cat=5\" rel=\"category\">Hadis\u0259<\/a>","rttpg_excerpt":"Bu bar\u0259d\u0259\u00a0&#8220;\u0130ki sahil&#8221;\u0259\u00a0Daxili \u0130\u015fl\u0259r Nazirliyinin (D\u0130N) M\u0259tbuat Xidm\u0259tind\u0259n m\u0259lumat verilib. Bildirilib ki, may\u0131n 6-da saat 17 rad\u0259l\u0259rind\u0259 rayonun Seyidl\u0259r k\u0259ndi \u0259razisind\u0259 Namiq S\u0259m\u0259dov idar\u0259 etdiyi \u201cUral\u201d markal\u0131 avtomobili a\u015f\u0131r\u0131b. N\u0259tic\u0259d\u0259 s\u00fcr\u00fcc\u00fc hadis\u0259 yerind\u0259 \u00f6l\u00fcb. La\u00e7\u0131n Rayon Polis \u015e\u00f6b\u0259sind\u0259 ara\u015fd\u0131rma apar\u0131l\u0131r.","_links":{"self":[{"href":"https:\/\/arantv.az\/index.php?rest_route=\/wp\/v2\/posts\/472468"}],"collection":[{"href":"https:\/\/arantv.az\/index.php?rest_route=\/wp\/v2\/posts"}],"about":[{"href":"https:\/\/arantv.az\/index.php?rest_route=\/wp\/v2\/types\/post"}],"author":[{"embeddable":true,"href":"https:\/\/arantv.az\/index.php?rest_route=\/wp\/v2\/users\/2"}],"replies":[{"embeddable":true,"href":"https:\/\/arantv.az\/index.php?rest_route=%2Fwp%2Fv2%2Fcomments&post=472468"}],"version-history":[{"count":0,"href":"https:\/\/arantv.az\/index.php?rest_route=\/wp\/v2\/posts\/472468\/revisions"}],"wp:featuredmedia":[{"embeddable":true,"href":"https:\/\/arantv.az\/index.php?rest_route=\/wp\/v2\/media\/472469"}],"wp:attachment":[{"href":"https:\/\/arantv.az\/index.php?rest_route=%2Fwp%2Fv2%2Fmedia&parent=472468"}],"wp:term":[{"taxonomy":"category","embeddable":true,"href":"https:\/\/arantv.az\/index.php?rest_route=%2Fwp%2Fv2%2Fcategories&post=472468"},{"taxonomy":"post_tag","embeddable":true,"href":"https:\/\/arantv.az\/index.php?rest_route=%2Fwp%2Fv2%2Ftags&post=472468"}],"curies":[{"name":"wp","href":"https:\/\/api.w.org\/{rel}","templated":true}]}}