{"id":472477,"date":"2022-05-09T10:51:11","date_gmt":"2022-05-09T07:51:11","guid":{"rendered":"https:\/\/arantv.az\/?p=472477"},"modified":"2022-05-09T10:51:11","modified_gmt":"2022-05-09T07:51:11","slug":"lacinda-q%c9%99zaya-ugrayan-ural-h%c9%99rbi-t%c9%99yinatli-olub-yenil%c9%99nib-aciqlama","status":"publish","type":"post","link":"https:\/\/arantv.az\/?p=472477","title":{"rendered":"La\u00e7\u0131nda q\u0259zaya u\u011frayan \u201cUral\u201d h\u0259rbi t\u0259yinatl\u0131 olub? &#8211; YEN\u0130L\u018fN\u0130B + A\u00c7IQLAMA"},"content":{"rendered":"<p>M\u00fcdafi\u0259 Nazirliyi La\u00e7\u0131nda q\u0259zaya u\u011frayan \u201cUral\u201d markal\u0131 avtomobilin h\u0259rbi t\u0259yinatl\u0131 olmas\u0131 iddialar\u0131na cavab verib.<\/p>\n<p>Qurumdan\u00a0Oxu.Az-a veril\u0259n m\u0259lumata g\u00f6r\u0259, Nazirliyin tabeliyin\u0259 aid h\u0259rbi hiss\u0259l\u0259rd\u0259 bel\u0259 bir hadis\u0259 ba\u015f verm\u0259yib.<\/p>\n<div class=\"AdviadNativeVideo\"><\/div>\n<p>Qeyd ed\u0259k ki, q\u0259zaya u\u011frayan y\u00fck ma\u015f\u0131n\u0131n\u0131n h\u0259rbi t\u0259yinatl\u0131 oldu\u011fu iddia edilirdi.<\/p>\n<p><strong>11:18<\/strong><\/p>\n<p>La\u00e7\u0131n rayonunda avtomobil a\u015f\u0131b.<\/p>\n<p>Bu bar\u0259d\u0259 Daxili \u0130\u015fl\u0259r Nazirliyinin (D\u0130N) M\u0259tbuat Xidm\u0259ti\u00a0m\u0259lumat yay\u0131b.<\/p>\n<p>Bildirilib ki, may\u0131n 6-da saat 17 rad\u0259l\u0259rind\u0259 rayonun Seyidl\u0259r k\u0259ndi \u0259razisind\u0259 Namiq S\u0259m\u0259dov idar\u0259 etdiyi \u201cUral\u201d markal\u0131 avtomobili a\u015f\u0131r\u0131b. N\u0259tic\u0259d\u0259 s\u00fcr\u00fcc\u00fc hadis\u0259 yerind\u0259 \u00f6l\u00fcb.<\/p>\n<p>La\u00e7\u0131n Rayon Polis \u015e\u00f6b\u0259sind\u0259 ara\u015fd\u0131rma apar\u0131l\u0131r.<\/p>\n","protected":false},"excerpt":{"rendered":"<p>M\u00fcdafi\u0259 Nazirliyi La\u00e7\u0131nda q\u0259zaya u\u011frayan \u201cUral\u201d markal\u0131 avtomobilin h\u0259rbi t\u0259yinatl\u0131 olmas\u0131 iddialar\u0131na cavab verib. Qurumdan\u00a0Oxu.Az-a veril\u0259n m\u0259lumata g\u00f6r\u0259, Nazirliyin tabeliyin\u0259 aid h\u0259rbi hiss\u0259l\u0259rd\u0259 bel\u0259 bir hadis\u0259 ba\u015f verm\u0259yib. Qeyd ed\u0259k ki, q\u0259zaya u\u011frayan y\u00fck ma\u015f\u0131n\u0131n\u0131n h\u0259rbi t\u0259yinatl\u0131 oldu\u011fu iddia edilirdi. 11:18 La\u00e7\u0131n rayonunda avtomobil a\u015f\u0131b. Bu bar\u0259d\u0259 Daxili \u0130\u015fl\u0259r Nazirliyinin (D\u0130N) M\u0259tbuat Xidm\u0259ti\u00a0m\u0259lumat yay\u0131b. Bildirilib ki, may\u0131n 6-da saat 17 rad\u0259l\u0259rind\u0259 rayonun Seyidl\u0259r k\u0259ndi \u0259razisind\u0259 Namiq S\u0259m\u0259dov idar\u0259 etdiyi \u201cUral\u201d markal\u0131 avtomobili a\u015f\u0131r\u0131b. N\u0259tic\u0259d\u0259 s\u00fcr\u00fcc\u00fc hadis\u0259 yerind\u0259 \u00f6l\u00fcb. La\u00e7\u0131n Rayon Polis \u015e\u00f6b\u0259sind\u0259 ara\u015fd\u0131rma apar\u0131l\u0131r.<\/p>\n","protected":false},"author":2,"featured_media":472469,"comment_status":"closed","ping_status":"closed","sticky":false,"template":"","format":"standard","meta":{"om_disable_all_campaigns":false,"_monsterinsights_skip_tracking":false,"_monsterinsights_sitenote_active":false,"_monsterinsights_sitenote_note":"","_monsterinsights_sitenote_category":0},"categories":[5],"tags":[],"aioseo_notices":[],"gutentor_comment":0,"rttpg_featured_image_url":{"full":["https:\/\/arantv.az\/wp-content\/uploads\/2022\/05\/24aa17e7165208026574159791311043358.jpg",975,540,false],"landscape":["https:\/\/arantv.az\/wp-content\/uploads\/2022\/05\/24aa17e7165208026574159791311043358.jpg",975,540,false],"portraits":["https:\/\/arantv.az\/wp-content\/uploads\/2022\/05\/24aa17e7165208026574159791311043358.jpg",975,540,false],"thumbnail":["https:\/\/arantv.az\/wp-content\/uploads\/2022\/05\/24aa17e7165208026574159791311043358-500x280.jpg",500,280,true],"medium":["https:\/\/arantv.az\/wp-content\/uploads\/2022\/05\/24aa17e7165208026574159791311043358-660x365.jpg",660,365,true],"large":["https:\/\/arantv.az\/wp-content\/uploads\/2022\/05\/24aa17e7165208026574159791311043358-840x465.jpg",640,354,true],"1536x1536":["https:\/\/arantv.az\/wp-content\/uploads\/2022\/05\/24aa17e7165208026574159791311043358.jpg",975,540,false],"2048x2048":["https:\/\/arantv.az\/wp-content\/uploads\/2022\/05\/24aa17e7165208026574159791311043358.jpg",975,540,false],"post-thumbnail":["https:\/\/arantv.az\/wp-content\/uploads\/2022\/05\/24aa17e7165208026574159791311043358-240x172.jpg",240,172,true],"advps-thumb-one":["https:\/\/arantv.az\/wp-content\/uploads\/2022\/05\/24aa17e7165208026574159791311043358.jpg",975,540,false]},"rttpg_author":{"display_name":"V\u00fcsal Rafiqo\u011flu","author_link":"https:\/\/arantv.az\/?author=2"},"rttpg_comment":0,"rttpg_category":"<a href=\"https:\/\/arantv.az\/?cat=5\" rel=\"category\">Hadis\u0259<\/a>","rttpg_excerpt":"M\u00fcdafi\u0259 Nazirliyi La\u00e7\u0131nda q\u0259zaya u\u011frayan \u201cUral\u201d markal\u0131 avtomobilin h\u0259rbi t\u0259yinatl\u0131 olmas\u0131 iddialar\u0131na cavab verib. Qurumdan\u00a0Oxu.Az-a veril\u0259n m\u0259lumata g\u00f6r\u0259, Nazirliyin tabeliyin\u0259 aid h\u0259rbi hiss\u0259l\u0259rd\u0259 bel\u0259 bir hadis\u0259 ba\u015f verm\u0259yib. Qeyd ed\u0259k ki, q\u0259zaya u\u011frayan y\u00fck ma\u015f\u0131n\u0131n\u0131n h\u0259rbi t\u0259yinatl\u0131 oldu\u011fu iddia edilirdi. 11:18 La\u00e7\u0131n rayonunda avtomobil a\u015f\u0131b. Bu bar\u0259d\u0259 Daxili \u0130\u015fl\u0259r Nazirliyinin (D\u0130N) M\u0259tbuat Xidm\u0259ti\u00a0m\u0259lumat yay\u0131b. Bildirilib&hellip;","_links":{"self":[{"href":"https:\/\/arantv.az\/index.php?rest_route=\/wp\/v2\/posts\/472477"}],"collection":[{"href":"https:\/\/arantv.az\/index.php?rest_route=\/wp\/v2\/posts"}],"about":[{"href":"https:\/\/arantv.az\/index.php?rest_route=\/wp\/v2\/types\/post"}],"author":[{"embeddable":true,"href":"https:\/\/arantv.az\/index.php?rest_route=\/wp\/v2\/users\/2"}],"replies":[{"embeddable":true,"href":"https:\/\/arantv.az\/index.php?rest_route=%2Fwp%2Fv2%2Fcomments&post=472477"}],"version-history":[{"count":0,"href":"https:\/\/arantv.az\/index.php?rest_route=\/wp\/v2\/posts\/472477\/revisions"}],"wp:featuredmedia":[{"embeddable":true,"href":"https:\/\/arantv.az\/index.php?rest_route=\/wp\/v2\/media\/472469"}],"wp:attachment":[{"href":"https:\/\/arantv.az\/index.php?rest_route=%2Fwp%2Fv2%2Fmedia&parent=472477"}],"wp:term":[{"taxonomy":"category","embeddable":true,"href":"https:\/\/arantv.az\/index.php?rest_route=%2Fwp%2Fv2%2Fcategories&post=472477"},{"taxonomy":"post_tag","embeddable":true,"href":"https:\/\/arantv.az\/index.php?rest_route=%2Fwp%2Fv2%2Ftags&post=472477"}],"curies":[{"name":"wp","href":"https:\/\/api.w.org\/{rel}","templated":true}]}}