{"id":47249,"date":"2019-03-26T08:18:24","date_gmt":"2019-03-26T05:18:24","guid":{"rendered":"http:\/\/arantv.az\/?p=47249"},"modified":"2019-03-26T08:18:24","modified_gmt":"2019-03-26T05:18:24","slug":"erm%c9%99nistan-silahlilari-at%c9%99sk%c9%99si-22-d%c9%99f%c9%99-pozub-2","status":"publish","type":"post","link":"https:\/\/arantv.az\/?p=47249","title":{"rendered":"Erm\u0259nistan silahl\u0131lar\u0131 at\u0259\u015fk\u0259si 22 d\u0259f\u0259 pozub"},"content":{"rendered":"<p><strong>ARANTV.AZ<\/strong> x\u0259b\u0259r verir ki, Erm\u0259nistan silahl\u0131 q\u00fcvv\u0259l\u0259rinin b\u00f6lm\u0259l\u0259ri c\u0259bh\u0259nin m\u00fcxt\u0259lif istiqam\u0259tl\u0259rind\u0259 sutka \u0259rzind\u0259 at\u0259\u015fk\u0259s rejimini 22 d\u0259f\u0259 pozub.<br \/>\nErm\u0259nistan Respublikas\u0131 Noyemberyan rayonunun \u015eavar\u015favan k\u0259ndind\u0259 v\u0259 ads\u0131z y\u00fcks\u0259klikl\u0259rd\u0259, \u0130cevan rayonunun Ayqeovit k\u0259ndind\u0259 yerl\u0259\u015f\u0259n m\u00f6vqel\u0259rd\u0259n Qazax rayonunun Qaymaql\u0131, Qu\u015f\u00e7u Ayr\u0131m, Bala C\u0259f\u0259rli k\u0259ndl\u0259rind\u0259 yerl\u0259\u015f\u0259n m\u00f6vqel\u0259rimiz at\u0259\u015f\u0259 tutulub.<br \/>\nT\u0259rt\u0259r rayonunun i\u015f\u011fal alt\u0131nda olan \u00c7il\u0259b\u00fcrt, A\u011fdam rayonunun Ba\u015f Q\u0259rv\u0259nd, C\u0259vahirli, Yusifcanl\u0131, F\u00fczuli rayonunun Qaraxanb\u0259yli, A\u015fa\u011f\u0131 Seyid\u0259hm\u0259dli k\u0259ndl\u0259ri yax\u0131nl\u0131\u011f\u0131nda, h\u0259m\u00e7inin Goranboy, T\u0259rt\u0259r v\u0259 A\u011fdam rayonlar\u0131 \u0259razisind\u0259ki ads\u0131z y\u00fcks\u0259klikl\u0259rd\u0259 yerl\u0259\u015f\u0259n m\u00f6vqel\u0259rd\u0259n d\u0259 ordumuzun m\u00f6vqel\u0259ri at\u0259\u015f\u0259 tutulub.<\/p>\n","protected":false},"excerpt":{"rendered":"<p>ARANTV.AZ x\u0259b\u0259r verir ki, Erm\u0259nistan silahl\u0131 q\u00fcvv\u0259l\u0259rinin b\u00f6lm\u0259l\u0259ri c\u0259bh\u0259nin m\u00fcxt\u0259lif istiqam\u0259tl\u0259rind\u0259 sutka \u0259rzind\u0259 at\u0259\u015fk\u0259s rejimini 22 d\u0259f\u0259 pozub. Erm\u0259nistan Respublikas\u0131 Noyemberyan rayonunun \u015eavar\u015favan k\u0259ndind\u0259 v\u0259 ads\u0131z y\u00fcks\u0259klikl\u0259rd\u0259, \u0130cevan rayonunun Ayqeovit k\u0259ndind\u0259 yerl\u0259\u015f\u0259n m\u00f6vqel\u0259rd\u0259n Qazax rayonunun Qaymaql\u0131, Qu\u015f\u00e7u Ayr\u0131m, Bala C\u0259f\u0259rli k\u0259ndl\u0259rind\u0259 yerl\u0259\u015f\u0259n m\u00f6vqel\u0259rimiz at\u0259\u015f\u0259 tutulub. T\u0259rt\u0259r rayonunun i\u015f\u011fal alt\u0131nda olan \u00c7il\u0259b\u00fcrt, A\u011fdam rayonunun Ba\u015f Q\u0259rv\u0259nd, C\u0259vahirli, Yusifcanl\u0131, F\u00fczuli rayonunun Qaraxanb\u0259yli, A\u015fa\u011f\u0131 Seyid\u0259hm\u0259dli k\u0259ndl\u0259ri yax\u0131nl\u0131\u011f\u0131nda, h\u0259m\u00e7inin Goranboy, T\u0259rt\u0259r v\u0259 A\u011fdam rayonlar\u0131 \u0259razisind\u0259ki ads\u0131z y\u00fcks\u0259klikl\u0259rd\u0259 yerl\u0259\u015f\u0259n m\u00f6vqel\u0259rd\u0259n d\u0259 ordumuzun m\u00f6vqel\u0259ri at\u0259\u015f\u0259 tutulub.<\/p>\n","protected":false},"author":2,"featured_media":47250,"comment_status":"closed","ping_status":"closed","sticky":false,"template":"","format":"standard","meta":{"om_disable_all_campaigns":false,"_monsterinsights_skip_tracking":false,"_monsterinsights_sitenote_active":false,"_monsterinsights_sitenote_note":"","_monsterinsights_sitenote_category":0},"categories":[19],"tags":[],"aioseo_notices":[],"gutentor_comment":0,"rttpg_featured_image_url":{"full":["https:\/\/arantv.az\/wp-content\/uploads\/2019\/03\/trend_karabax_soldier_albom_hd_200814_2-8.jpg",1200,900,false],"landscape":["https:\/\/arantv.az\/wp-content\/uploads\/2019\/03\/trend_karabax_soldier_albom_hd_200814_2-8.jpg",1200,900,false],"portraits":["https:\/\/arantv.az\/wp-content\/uploads\/2019\/03\/trend_karabax_soldier_albom_hd_200814_2-8.jpg",1200,900,false],"thumbnail":["https:\/\/arantv.az\/wp-content\/uploads\/2019\/03\/trend_karabax_soldier_albom_hd_200814_2-8-150x150.jpg",150,150,true],"medium":["https:\/\/arantv.az\/wp-content\/uploads\/2019\/03\/trend_karabax_soldier_albom_hd_200814_2-8-300x225.jpg",300,225,true],"large":["https:\/\/arantv.az\/wp-content\/uploads\/2019\/03\/trend_karabax_soldier_albom_hd_200814_2-8-1024x768.jpg",640,480,true],"1536x1536":["https:\/\/arantv.az\/wp-content\/uploads\/2019\/03\/trend_karabax_soldier_albom_hd_200814_2-8.jpg",1200,900,false],"2048x2048":["https:\/\/arantv.az\/wp-content\/uploads\/2019\/03\/trend_karabax_soldier_albom_hd_200814_2-8.jpg",1200,900,false],"post-thumbnail":["https:\/\/arantv.az\/wp-content\/uploads\/2019\/03\/trend_karabax_soldier_albom_hd_200814_2-8-240x172.jpg",240,172,true],"advps-thumb-one":["https:\/\/arantv.az\/wp-content\/uploads\/2019\/03\/trend_karabax_soldier_albom_hd_200814_2-8-1200x620.jpg",1200,620,true]},"rttpg_author":{"display_name":"V\u00fcsal Rafiqo\u011flu","author_link":"https:\/\/arantv.az\/?author=2"},"rttpg_comment":0,"rttpg_category":"<a href=\"https:\/\/arantv.az\/?cat=19\" rel=\"category\">G\u00fcnd\u0259m<\/a>","rttpg_excerpt":"ARANTV.AZ x\u0259b\u0259r verir ki, Erm\u0259nistan silahl\u0131 q\u00fcvv\u0259l\u0259rinin b\u00f6lm\u0259l\u0259ri c\u0259bh\u0259nin m\u00fcxt\u0259lif istiqam\u0259tl\u0259rind\u0259 sutka \u0259rzind\u0259 at\u0259\u015fk\u0259s rejimini 22 d\u0259f\u0259 pozub. Erm\u0259nistan Respublikas\u0131 Noyemberyan rayonunun \u015eavar\u015favan k\u0259ndind\u0259 v\u0259 ads\u0131z y\u00fcks\u0259klikl\u0259rd\u0259, \u0130cevan rayonunun Ayqeovit k\u0259ndind\u0259 yerl\u0259\u015f\u0259n m\u00f6vqel\u0259rd\u0259n Qazax rayonunun Qaymaql\u0131, Qu\u015f\u00e7u Ayr\u0131m, Bala C\u0259f\u0259rli k\u0259ndl\u0259rind\u0259 yerl\u0259\u015f\u0259n m\u00f6vqel\u0259rimiz at\u0259\u015f\u0259 tutulub. T\u0259rt\u0259r rayonunun i\u015f\u011fal alt\u0131nda olan \u00c7il\u0259b\u00fcrt, A\u011fdam rayonunun Ba\u015f Q\u0259rv\u0259nd,&hellip;","_links":{"self":[{"href":"https:\/\/arantv.az\/index.php?rest_route=\/wp\/v2\/posts\/47249"}],"collection":[{"href":"https:\/\/arantv.az\/index.php?rest_route=\/wp\/v2\/posts"}],"about":[{"href":"https:\/\/arantv.az\/index.php?rest_route=\/wp\/v2\/types\/post"}],"author":[{"embeddable":true,"href":"https:\/\/arantv.az\/index.php?rest_route=\/wp\/v2\/users\/2"}],"replies":[{"embeddable":true,"href":"https:\/\/arantv.az\/index.php?rest_route=%2Fwp%2Fv2%2Fcomments&post=47249"}],"version-history":[{"count":0,"href":"https:\/\/arantv.az\/index.php?rest_route=\/wp\/v2\/posts\/47249\/revisions"}],"wp:featuredmedia":[{"embeddable":true,"href":"https:\/\/arantv.az\/index.php?rest_route=\/wp\/v2\/media\/47250"}],"wp:attachment":[{"href":"https:\/\/arantv.az\/index.php?rest_route=%2Fwp%2Fv2%2Fmedia&parent=47249"}],"wp:term":[{"taxonomy":"category","embeddable":true,"href":"https:\/\/arantv.az\/index.php?rest_route=%2Fwp%2Fv2%2Fcategories&post=47249"},{"taxonomy":"post_tag","embeddable":true,"href":"https:\/\/arantv.az\/index.php?rest_route=%2Fwp%2Fv2%2Ftags&post=47249"}],"curies":[{"name":"wp","href":"https:\/\/api.w.org\/{rel}","templated":true}]}}