{"id":472498,"date":"2022-05-09T11:37:29","date_gmt":"2022-05-09T08:37:29","guid":{"rendered":"https:\/\/arantv.az\/?p=472498"},"modified":"2022-05-09T11:37:29","modified_gmt":"2022-05-09T08:37:29","slug":"ukraynali-usaqlar-%c9%99rdogana-muraci%c9%99t-etdil%c9%99r-dogmalarimizi-xilas-edin-video","status":"publish","type":"post","link":"https:\/\/arantv.az\/?p=472498","title":{"rendered":"Ukraynal\u0131 u\u015faqlar \u018frdo\u011fana m\u00fcraci\u0259t etdil\u0259r: \u201cDo\u011fmalar\u0131m\u0131z\u0131 xilas edin!\u201d &#8211; V\u0130DEO"},"content":{"rendered":"<p>Ukraynan\u0131n Mariupol \u015f\u0259h\u0259rind\u0259\u00a0\u201cAzovstal\u201d zavodu \u0259razisind\u0259\u00a0olan ukraynal\u0131 h\u0259rb\u00e7il\u0259rin \u00f6vladlar\u0131n\u0131n t\u0259sirli videosu yay\u0131l\u0131b.<\/p>\n<div class=\"AdviadNativeVideo\"><\/div>\n<p>Kadrlarda 4-11 ya\u015fl\u0131 u\u015faqlar beyn\u0259lxalq ictimaiyy\u0259t\u0259 m\u00fcraci\u0259t ed\u0259r\u0259k do\u011fmalar\u0131n\u0131n xilas\u0131 \u00fc\u00e7\u00fcn t\u0259hl\u00fck\u0259sizlik z\u0259man\u0259ti ist\u0259yibl\u0259r.<\/p>\n<p>Onlar h\u0259m\u00e7inin T\u00fcrkiy\u0259 Prezidenti R\u0259c\u0259b Tayyib \u018frdo\u011fandan do\u011fmalar\u0131n\u0131n qaytar\u0131lmas\u0131 \u00fc\u00e7\u00fcn k\u00f6m\u0259k etm\u0259sini ist\u0259yibl\u0259r.<\/p>\n<div><iframe loading=\"lazy\" src=\"https:\/\/player.baku.tv\/embed\/54042\" width=\"560\" height=\"315\" frameborder=\"0\" allowfullscreen=\"allowfullscreen\" data-mce-fragment=\"1\"><\/iframe><\/div>\n<p>M\u0259nb\u0259: 24 Kanal<\/p>\n","protected":false},"excerpt":{"rendered":"<p>Ukraynan\u0131n Mariupol \u015f\u0259h\u0259rind\u0259\u00a0\u201cAzovstal\u201d zavodu \u0259razisind\u0259\u00a0olan ukraynal\u0131 h\u0259rb\u00e7il\u0259rin \u00f6vladlar\u0131n\u0131n t\u0259sirli videosu yay\u0131l\u0131b. Kadrlarda 4-11 ya\u015fl\u0131 u\u015faqlar beyn\u0259lxalq ictimaiyy\u0259t\u0259 m\u00fcraci\u0259t ed\u0259r\u0259k do\u011fmalar\u0131n\u0131n xilas\u0131 \u00fc\u00e7\u00fcn t\u0259hl\u00fck\u0259sizlik z\u0259man\u0259ti ist\u0259yibl\u0259r. Onlar h\u0259m\u00e7inin T\u00fcrkiy\u0259 Prezidenti R\u0259c\u0259b Tayyib \u018frdo\u011fandan do\u011fmalar\u0131n\u0131n qaytar\u0131lmas\u0131 \u00fc\u00e7\u00fcn k\u00f6m\u0259k etm\u0259sini ist\u0259yibl\u0259r. M\u0259nb\u0259: 24 Kanal<\/p>\n","protected":false},"author":2,"featured_media":472499,"comment_status":"closed","ping_status":"closed","sticky":false,"template":"","format":"standard","meta":{"om_disable_all_campaigns":false,"_monsterinsights_skip_tracking":false,"_monsterinsights_sitenote_active":false,"_monsterinsights_sitenote_note":"","_monsterinsights_sitenote_category":0},"categories":[7],"tags":[],"aioseo_notices":[],"gutentor_comment":0,"rttpg_featured_image_url":{"full":["https:\/\/arantv.az\/wp-content\/uploads\/2022\/05\/Untitled-2.jpg",620,413,false],"landscape":["https:\/\/arantv.az\/wp-content\/uploads\/2022\/05\/Untitled-2.jpg",620,413,false],"portraits":["https:\/\/arantv.az\/wp-content\/uploads\/2022\/05\/Untitled-2.jpg",620,413,false],"thumbnail":["https:\/\/arantv.az\/wp-content\/uploads\/2022\/05\/Untitled-2-500x280.jpg",500,280,true],"medium":["https:\/\/arantv.az\/wp-content\/uploads\/2022\/05\/Untitled-2-548x365.jpg",548,365,true],"large":["https:\/\/arantv.az\/wp-content\/uploads\/2022\/05\/Untitled-2.jpg",620,413,false],"1536x1536":["https:\/\/arantv.az\/wp-content\/uploads\/2022\/05\/Untitled-2.jpg",620,413,false],"2048x2048":["https:\/\/arantv.az\/wp-content\/uploads\/2022\/05\/Untitled-2.jpg",620,413,false],"post-thumbnail":["https:\/\/arantv.az\/wp-content\/uploads\/2022\/05\/Untitled-2-240x172.jpg",240,172,true],"advps-thumb-one":["https:\/\/arantv.az\/wp-content\/uploads\/2022\/05\/Untitled-2.jpg",620,413,false]},"rttpg_author":{"display_name":"V\u00fcsal Rafiqo\u011flu","author_link":"https:\/\/arantv.az\/?author=2"},"rttpg_comment":0,"rttpg_category":"<a href=\"https:\/\/arantv.az\/?cat=7\" rel=\"category\">D\u00fcnya<\/a>","rttpg_excerpt":"Ukraynan\u0131n Mariupol \u015f\u0259h\u0259rind\u0259\u00a0\u201cAzovstal\u201d zavodu \u0259razisind\u0259\u00a0olan ukraynal\u0131 h\u0259rb\u00e7il\u0259rin \u00f6vladlar\u0131n\u0131n t\u0259sirli videosu yay\u0131l\u0131b. Kadrlarda 4-11 ya\u015fl\u0131 u\u015faqlar beyn\u0259lxalq ictimaiyy\u0259t\u0259 m\u00fcraci\u0259t ed\u0259r\u0259k do\u011fmalar\u0131n\u0131n xilas\u0131 \u00fc\u00e7\u00fcn t\u0259hl\u00fck\u0259sizlik z\u0259man\u0259ti ist\u0259yibl\u0259r. Onlar h\u0259m\u00e7inin T\u00fcrkiy\u0259 Prezidenti R\u0259c\u0259b Tayyib \u018frdo\u011fandan do\u011fmalar\u0131n\u0131n qaytar\u0131lmas\u0131 \u00fc\u00e7\u00fcn k\u00f6m\u0259k etm\u0259sini ist\u0259yibl\u0259r. M\u0259nb\u0259: 24 Kanal","_links":{"self":[{"href":"https:\/\/arantv.az\/index.php?rest_route=\/wp\/v2\/posts\/472498"}],"collection":[{"href":"https:\/\/arantv.az\/index.php?rest_route=\/wp\/v2\/posts"}],"about":[{"href":"https:\/\/arantv.az\/index.php?rest_route=\/wp\/v2\/types\/post"}],"author":[{"embeddable":true,"href":"https:\/\/arantv.az\/index.php?rest_route=\/wp\/v2\/users\/2"}],"replies":[{"embeddable":true,"href":"https:\/\/arantv.az\/index.php?rest_route=%2Fwp%2Fv2%2Fcomments&post=472498"}],"version-history":[{"count":0,"href":"https:\/\/arantv.az\/index.php?rest_route=\/wp\/v2\/posts\/472498\/revisions"}],"wp:featuredmedia":[{"embeddable":true,"href":"https:\/\/arantv.az\/index.php?rest_route=\/wp\/v2\/media\/472499"}],"wp:attachment":[{"href":"https:\/\/arantv.az\/index.php?rest_route=%2Fwp%2Fv2%2Fmedia&parent=472498"}],"wp:term":[{"taxonomy":"category","embeddable":true,"href":"https:\/\/arantv.az\/index.php?rest_route=%2Fwp%2Fv2%2Fcategories&post=472498"},{"taxonomy":"post_tag","embeddable":true,"href":"https:\/\/arantv.az\/index.php?rest_route=%2Fwp%2Fv2%2Ftags&post=472498"}],"curies":[{"name":"wp","href":"https:\/\/api.w.org\/{rel}","templated":true}]}}