{"id":472501,"date":"2022-05-09T11:38:24","date_gmt":"2022-05-09T08:38:24","guid":{"rendered":"https:\/\/arantv.az\/?p=472501"},"modified":"2022-05-09T11:38:24","modified_gmt":"2022-05-09T08:38:24","slug":"lahicda-ucqun-n%c9%99tic%c9%99sind%c9%99-baglanan-yol-acildi-yenil%c9%99nib-foto","status":"publish","type":"post","link":"https:\/\/arantv.az\/?p=472501","title":{"rendered":"Lah\u0131cda u\u00e7qun n\u0259tic\u0259sind\u0259 ba\u011flanan yol a\u00e7\u0131ld\u0131 &#8211; YEN\u0130L\u018fN\u0130B + FOTO"},"content":{"rendered":"<p>\u201c\u0130smay\u0131ll\u0131 rayonu, Lah\u0131c q\u0259s\u0259b\u0259si \u0259razisind\u0259 torpaq u\u00e7qunu zaman\u0131 ba\u011flanan yol a\u00e7\u0131l\u0131b\u201d.<\/p>\n<p>Bu bar\u0259d\u0259 Az\u0259rbaycan Avtomobil Yollar\u0131 D\u00f6vl\u0259t Agentliyinin m\u0259tbuat xidm\u0259tinin r\u0259hb\u0259ri Anar N\u0259c\u0259fli\u00a0Oxu.Az-a a\u00e7\u0131qlamas\u0131nda bildirib.<\/p>\n<div class=\"AdviadNativeVideo\"><\/div>\n<p>O qeyd edib ki, yolun h\u0259r\u0259k\u0259t hiss\u0259sin\u0259 t\u00f6k\u00fcl\u0259n qaya par\u00e7alar\u0131n\u0131n \u0259sas k\u00fctl\u0259si t\u0259mizl\u0259n\u0259r\u0259k h\u0259r\u0259k\u0259t b\u0259rpa olunub.<\/p>\n<p>&nbsp;<\/p>\n<div class=\"gallery\">\n<div class=\"gallery-i\"><img src=\"https:\/\/cdn.oxu.az\/uploads\/W1siZiIsIjIwMjIvMDUvMDkvMTIvMjgvNDYvMTZlNWQ5ZTYtN2U2NS00NGM5LWE2YzYtZjg5NDBjYWI5ZWI3LzI3OTYwNzM3OV8xMTkzMjQyMTMxNDI0MzQ5XzU1ODYyNzIwMTc5NTI1MzI3Njlfbi5qcGciXSxbInAiLCJlbmNvZGUiLCJqcGciLCItcXVhbGl0eSA4MCJdLFsicCIsInRodW1iIiwiNTkweDU5MFx1MDAzZSJdXQ?sha=7e73332a841d6951\" alt=\"\" \/><\/p>\n<div class=\"gallery-i-caption\"><\/div>\n<\/div>\n<div class=\"gallery-i\"><img src=\"https:\/\/cdn.oxu.az\/uploads\/W1siZiIsIjIwMjIvMDUvMDkvMTIvMjgvNTQvM2JkNDdkMTAtMTM0Ni00MjgzLTgxMTEtNDRiYzM0MTJkNDgwLzI3OTI0NzMxMV82OTgwNDU1NzQ3NDM5MDhfNzk0NDUxMjY0MzU0NjY1MDUyM19uLmpwZyJdLFsicCIsImVuY29kZSIsImpwZyIsIi1xdWFsaXR5IDgwIl0sWyJwIiwidGh1bWIiLCI1OTB4NTkwXHUwMDNlIl1d?sha=5a9fcfb2c014ea7d\" alt=\"\" \/><\/p>\n<div class=\"gallery-i-caption\"><\/div>\n<\/div>\n<\/div>\n<p><strong>10:40<\/strong><\/p>\n<p>\u0130smay\u0131ll\u0131 rayonu, Lah\u0131c q\u0259s\u0259b\u0259si \u0259razisind\u0259 torpaq u\u00e7qunu ba\u015f verib. N\u0259tic\u0259d\u0259 yol k\u0259nar\u0131ndak\u0131 bir ne\u00e7\u0259 elektrik dir\u0259yi a\u015f\u0131b, yol ba\u011flan\u0131b.<\/p>\n<p>Az\u0259rbaycan Avtomobil Yollar\u0131 D\u00f6vl\u0259t Agentliyinin m\u0259tbuat xidm\u0259tinin r\u0259hb\u0259ri Anar N\u0259c\u0259fli\u00a0Oxu.Az-a a\u00e7\u0131qlamas\u0131nda bildirib ki, Lah\u0131cda torpaq u\u00e7qunu zaman\u0131 ba\u011flanan yolun a\u00e7\u0131lmas\u0131 istiqam\u0259tind\u0259 i\u015fl\u0259r apar\u0131l\u0131r:<\/p>\n<p>\u201cDa\u011fdan yolun h\u0259r\u0259k\u0259t hiss\u0259sin\u0259 qaya par\u00e7alar\u0131 u\u00e7ub. Haz\u0131rda \u0259raziy\u0259 texnika v\u0259 canl\u0131 q\u00fcvv\u0259 c\u0259lb edilib. T\u0259xmin\u0259n 40 d\u0259qiq\u0259 \u0259rzind\u0259 yol qaya par\u00e7alar\u0131ndan t\u0259mizl\u0259n\u0259c\u0259k\u201d.<\/p>\n","protected":false},"excerpt":{"rendered":"<p>\u201c\u0130smay\u0131ll\u0131 rayonu, Lah\u0131c q\u0259s\u0259b\u0259si \u0259razisind\u0259 torpaq u\u00e7qunu zaman\u0131 ba\u011flanan yol a\u00e7\u0131l\u0131b\u201d. Bu bar\u0259d\u0259 Az\u0259rbaycan Avtomobil Yollar\u0131 D\u00f6vl\u0259t Agentliyinin m\u0259tbuat xidm\u0259tinin r\u0259hb\u0259ri Anar N\u0259c\u0259fli\u00a0Oxu.Az-a a\u00e7\u0131qlamas\u0131nda bildirib. O qeyd edib ki, yolun h\u0259r\u0259k\u0259t hiss\u0259sin\u0259 t\u00f6k\u00fcl\u0259n qaya par\u00e7alar\u0131n\u0131n \u0259sas k\u00fctl\u0259si t\u0259mizl\u0259n\u0259r\u0259k h\u0259r\u0259k\u0259t b\u0259rpa olunub. &nbsp; 10:40 \u0130smay\u0131ll\u0131 rayonu, Lah\u0131c q\u0259s\u0259b\u0259si \u0259razisind\u0259 torpaq u\u00e7qunu ba\u015f verib. N\u0259tic\u0259d\u0259 yol k\u0259nar\u0131ndak\u0131 bir ne\u00e7\u0259 elektrik dir\u0259yi a\u015f\u0131b, yol ba\u011flan\u0131b. Az\u0259rbaycan Avtomobil Yollar\u0131 D\u00f6vl\u0259t Agentliyinin m\u0259tbuat xidm\u0259tinin r\u0259hb\u0259ri Anar N\u0259c\u0259fli\u00a0Oxu.Az-a a\u00e7\u0131qlamas\u0131nda bildirib ki, Lah\u0131cda torpaq u\u00e7qunu zaman\u0131 ba\u011flanan yolun a\u00e7\u0131lmas\u0131 istiqam\u0259tind\u0259 i\u015fl\u0259r apar\u0131l\u0131r: \u201cDa\u011fdan yolun h\u0259r\u0259k\u0259t hiss\u0259sin\u0259 qaya&hellip;<\/p>\n","protected":false},"author":2,"featured_media":472457,"comment_status":"closed","ping_status":"closed","sticky":false,"template":"","format":"standard","meta":{"om_disable_all_campaigns":false,"_monsterinsights_skip_tracking":false,"_monsterinsights_sitenote_active":false,"_monsterinsights_sitenote_note":"","_monsterinsights_sitenote_category":0},"categories":[5],"tags":[],"aioseo_notices":[],"gutentor_comment":0,"rttpg_featured_image_url":{"full":["https:\/\/arantv.az\/wp-content\/uploads\/2022\/05\/1041012.jpg",800,600,false],"landscape":["https:\/\/arantv.az\/wp-content\/uploads\/2022\/05\/1041012.jpg",800,600,false],"portraits":["https:\/\/arantv.az\/wp-content\/uploads\/2022\/05\/1041012.jpg",800,600,false],"thumbnail":["https:\/\/arantv.az\/wp-content\/uploads\/2022\/05\/1041012-500x280.jpg",500,280,true],"medium":["https:\/\/arantv.az\/wp-content\/uploads\/2022\/05\/1041012-487x365.jpg",487,365,true],"large":["https:\/\/arantv.az\/wp-content\/uploads\/2022\/05\/1041012.jpg",640,480,false],"1536x1536":["https:\/\/arantv.az\/wp-content\/uploads\/2022\/05\/1041012.jpg",800,600,false],"2048x2048":["https:\/\/arantv.az\/wp-content\/uploads\/2022\/05\/1041012.jpg",800,600,false],"post-thumbnail":["https:\/\/arantv.az\/wp-content\/uploads\/2022\/05\/1041012-240x172.jpg",240,172,true],"advps-thumb-one":["https:\/\/arantv.az\/wp-content\/uploads\/2022\/05\/1041012.jpg",800,600,false]},"rttpg_author":{"display_name":"V\u00fcsal Rafiqo\u011flu","author_link":"https:\/\/arantv.az\/?author=2"},"rttpg_comment":0,"rttpg_category":"<a href=\"https:\/\/arantv.az\/?cat=5\" rel=\"category\">Hadis\u0259<\/a>","rttpg_excerpt":"\u201c\u0130smay\u0131ll\u0131 rayonu, Lah\u0131c q\u0259s\u0259b\u0259si \u0259razisind\u0259 torpaq u\u00e7qunu zaman\u0131 ba\u011flanan yol a\u00e7\u0131l\u0131b\u201d. Bu bar\u0259d\u0259 Az\u0259rbaycan Avtomobil Yollar\u0131 D\u00f6vl\u0259t Agentliyinin m\u0259tbuat xidm\u0259tinin r\u0259hb\u0259ri Anar N\u0259c\u0259fli\u00a0Oxu.Az-a a\u00e7\u0131qlamas\u0131nda bildirib. O qeyd edib ki, yolun h\u0259r\u0259k\u0259t hiss\u0259sin\u0259 t\u00f6k\u00fcl\u0259n qaya par\u00e7alar\u0131n\u0131n \u0259sas k\u00fctl\u0259si t\u0259mizl\u0259n\u0259r\u0259k h\u0259r\u0259k\u0259t b\u0259rpa olunub. &nbsp; 10:40 \u0130smay\u0131ll\u0131 rayonu, Lah\u0131c q\u0259s\u0259b\u0259si \u0259razisind\u0259 torpaq u\u00e7qunu ba\u015f verib. N\u0259tic\u0259d\u0259 yol k\u0259nar\u0131ndak\u0131&hellip;","_links":{"self":[{"href":"https:\/\/arantv.az\/index.php?rest_route=\/wp\/v2\/posts\/472501"}],"collection":[{"href":"https:\/\/arantv.az\/index.php?rest_route=\/wp\/v2\/posts"}],"about":[{"href":"https:\/\/arantv.az\/index.php?rest_route=\/wp\/v2\/types\/post"}],"author":[{"embeddable":true,"href":"https:\/\/arantv.az\/index.php?rest_route=\/wp\/v2\/users\/2"}],"replies":[{"embeddable":true,"href":"https:\/\/arantv.az\/index.php?rest_route=%2Fwp%2Fv2%2Fcomments&post=472501"}],"version-history":[{"count":0,"href":"https:\/\/arantv.az\/index.php?rest_route=\/wp\/v2\/posts\/472501\/revisions"}],"wp:featuredmedia":[{"embeddable":true,"href":"https:\/\/arantv.az\/index.php?rest_route=\/wp\/v2\/media\/472457"}],"wp:attachment":[{"href":"https:\/\/arantv.az\/index.php?rest_route=%2Fwp%2Fv2%2Fmedia&parent=472501"}],"wp:term":[{"taxonomy":"category","embeddable":true,"href":"https:\/\/arantv.az\/index.php?rest_route=%2Fwp%2Fv2%2Fcategories&post=472501"},{"taxonomy":"post_tag","embeddable":true,"href":"https:\/\/arantv.az\/index.php?rest_route=%2Fwp%2Fv2%2Ftags&post=472501"}],"curies":[{"name":"wp","href":"https:\/\/api.w.org\/{rel}","templated":true}]}}