{"id":472503,"date":"2022-05-09T11:52:32","date_gmt":"2022-05-09T08:52:32","guid":{"rendered":"https:\/\/arantv.az\/?p=472503"},"modified":"2022-05-09T11:52:32","modified_gmt":"2022-05-09T08:52:32","slug":"arvadini-oldur%c9%99n-kisi-qayinanasini-da-bicaqlayibmis-r%c9%99smi","status":"publish","type":"post","link":"https:\/\/arantv.az\/?p=472503","title":{"rendered":"Arvad\u0131n\u0131 \u00f6ld\u00fcr\u0259n ki\u015fi qay\u0131nanas\u0131n\u0131 da b\u0131\u00e7aqlay\u0131bm\u0131\u015f &#8211; R\u018fSM\u0130"},"content":{"rendered":"<p>Daxili \u0130\u015fl\u0259r Nazirliyi Sumqay\u0131tda q\u0259tl\u0259 yetiril\u0259n 41 ya\u015fl\u0131 qad\u0131n bar\u0259d\u0259 m\u0259lumat yay\u0131b.<\/p>\n<p>D\u0130N-d\u0259n bildirilib ki, Sumqay\u0131t \u015e\u0259h\u0259r Polis \u0130dar\u0259sinin 1-ci Polis B\u00f6lm\u0259sin\u0259 may\u0131n 8-d\u0259 Qurd d\u0259r\u0259si ba\u011flar sah\u0259sind\u0259ki evl\u0259rin birind\u0259 41 ya\u015fl\u0131 \u0130lah\u0259 \u0130sg\u0259nd\u0259rovan\u0131n \u00f6ld\u00fcr\u00fclm\u0259si, anas\u0131 \u0130.Na\u011f\u0131yevaya is\u0259 b\u0131\u00e7aq x\u0259sar\u0259tl\u0259ri yetirilm\u0259si bar\u0259d\u0259 m\u0259lumat daxil olub.<\/p>\n<div class=\"AdviadNativeVideo\"><\/div>\n<p>\u015e\u0259h\u0259rin polis v\u0259 prokurorluq orqanlar\u0131n\u0131n \u0259m\u0259kda\u015flar\u0131 t\u0259r\u0259find\u0259n m\u00fcvafiq t\u0259dbirl\u0259r h\u0259yata ke\u00e7irilib.<\/p>\n<p>Ara\u015fd\u0131rmalarla h\u0259min g\u00fcn saat 15 rad\u0259l\u0259rind\u0259 Bak\u0131 \u015f\u0259h\u0259r sakini, \u0259vv\u0259ll\u0259r m\u0259hkum olunmu\u015f Tofiq H\u0259s\u0259novun m\u00fcnaqi\u015f\u0259 z\u0259minind\u0259 b\u0131\u00e7aqla h\u0259yat yolda\u015f\u0131n\u0131 \u00f6ld\u00fcrm\u0259si, qay\u0131nanas\u0131na is\u0259 x\u0259sar\u0259t yetirm\u0259sin\u0259 \u0259sasl\u0131 \u015f\u00fcbh\u0259l\u0259r m\u00fc\u0259yy\u0259n edilib.<\/p>\n<p>T.H\u0259s\u0259nov polis \u0259m\u0259kda\u015flar\u0131 t\u0259r\u0259find\u0259n tutularaq istintaqa t\u0259hvil verilib.<\/p>\n<p>Ara\u015fd\u0131rma apar\u0131l\u0131r.<\/p>\n","protected":false},"excerpt":{"rendered":"<p>Daxili \u0130\u015fl\u0259r Nazirliyi Sumqay\u0131tda q\u0259tl\u0259 yetiril\u0259n 41 ya\u015fl\u0131 qad\u0131n bar\u0259d\u0259 m\u0259lumat yay\u0131b. D\u0130N-d\u0259n bildirilib ki, Sumqay\u0131t \u015e\u0259h\u0259r Polis \u0130dar\u0259sinin 1-ci Polis B\u00f6lm\u0259sin\u0259 may\u0131n 8-d\u0259 Qurd d\u0259r\u0259si ba\u011flar sah\u0259sind\u0259ki evl\u0259rin birind\u0259 41 ya\u015fl\u0131 \u0130lah\u0259 \u0130sg\u0259nd\u0259rovan\u0131n \u00f6ld\u00fcr\u00fclm\u0259si, anas\u0131 \u0130.Na\u011f\u0131yevaya is\u0259 b\u0131\u00e7aq x\u0259sar\u0259tl\u0259ri yetirilm\u0259si bar\u0259d\u0259 m\u0259lumat daxil olub. \u015e\u0259h\u0259rin polis v\u0259 prokurorluq orqanlar\u0131n\u0131n \u0259m\u0259kda\u015flar\u0131 t\u0259r\u0259find\u0259n m\u00fcvafiq t\u0259dbirl\u0259r h\u0259yata ke\u00e7irilib. Ara\u015fd\u0131rmalarla h\u0259min g\u00fcn saat 15 rad\u0259l\u0259rind\u0259 Bak\u0131 \u015f\u0259h\u0259r sakini, \u0259vv\u0259ll\u0259r m\u0259hkum olunmu\u015f Tofiq H\u0259s\u0259novun m\u00fcnaqi\u015f\u0259 z\u0259minind\u0259 b\u0131\u00e7aqla h\u0259yat yolda\u015f\u0131n\u0131 \u00f6ld\u00fcrm\u0259si, qay\u0131nanas\u0131na is\u0259 x\u0259sar\u0259t yetirm\u0259sin\u0259 \u0259sasl\u0131 \u015f\u00fcbh\u0259l\u0259r m\u00fc\u0259yy\u0259n edilib. T.H\u0259s\u0259nov polis \u0259m\u0259kda\u015flar\u0131 t\u0259r\u0259find\u0259n tutularaq istintaqa&hellip;<\/p>\n","protected":false},"author":2,"featured_media":315205,"comment_status":"closed","ping_status":"closed","sticky":false,"template":"","format":"standard","meta":{"om_disable_all_campaigns":false,"_monsterinsights_skip_tracking":false,"_monsterinsights_sitenote_active":false,"_monsterinsights_sitenote_note":"","_monsterinsights_sitenote_category":0},"categories":[5],"tags":[],"aioseo_notices":[],"gutentor_comment":0,"rttpg_featured_image_url":{"full":["https:\/\/arantv.az\/wp-content\/uploads\/2021\/03\/bicaq_0658.jpg",800,600,false],"landscape":["https:\/\/arantv.az\/wp-content\/uploads\/2021\/03\/bicaq_0658.jpg",800,600,false],"portraits":["https:\/\/arantv.az\/wp-content\/uploads\/2021\/03\/bicaq_0658.jpg",800,600,false],"thumbnail":["https:\/\/arantv.az\/wp-content\/uploads\/2021\/03\/bicaq_0658-150x150.jpg",150,150,true],"medium":["https:\/\/arantv.az\/wp-content\/uploads\/2021\/03\/bicaq_0658-300x225.jpg",300,225,true],"large":["https:\/\/arantv.az\/wp-content\/uploads\/2021\/03\/bicaq_0658.jpg",640,480,false],"1536x1536":["https:\/\/arantv.az\/wp-content\/uploads\/2021\/03\/bicaq_0658.jpg",800,600,false],"2048x2048":["https:\/\/arantv.az\/wp-content\/uploads\/2021\/03\/bicaq_0658.jpg",800,600,false],"post-thumbnail":["https:\/\/arantv.az\/wp-content\/uploads\/2021\/03\/bicaq_0658-240x172.jpg",240,172,true],"advps-thumb-one":["https:\/\/arantv.az\/wp-content\/uploads\/2021\/03\/bicaq_0658.jpg",800,600,false]},"rttpg_author":{"display_name":"V\u00fcsal Rafiqo\u011flu","author_link":"https:\/\/arantv.az\/?author=2"},"rttpg_comment":0,"rttpg_category":"<a href=\"https:\/\/arantv.az\/?cat=5\" rel=\"category\">Hadis\u0259<\/a>","rttpg_excerpt":"Daxili \u0130\u015fl\u0259r Nazirliyi Sumqay\u0131tda q\u0259tl\u0259 yetiril\u0259n 41 ya\u015fl\u0131 qad\u0131n bar\u0259d\u0259 m\u0259lumat yay\u0131b. D\u0130N-d\u0259n bildirilib ki, Sumqay\u0131t \u015e\u0259h\u0259r Polis \u0130dar\u0259sinin 1-ci Polis B\u00f6lm\u0259sin\u0259 may\u0131n 8-d\u0259 Qurd d\u0259r\u0259si ba\u011flar sah\u0259sind\u0259ki evl\u0259rin birind\u0259 41 ya\u015fl\u0131 \u0130lah\u0259 \u0130sg\u0259nd\u0259rovan\u0131n \u00f6ld\u00fcr\u00fclm\u0259si, anas\u0131 \u0130.Na\u011f\u0131yevaya is\u0259 b\u0131\u00e7aq x\u0259sar\u0259tl\u0259ri yetirilm\u0259si bar\u0259d\u0259 m\u0259lumat daxil olub. \u015e\u0259h\u0259rin polis v\u0259 prokurorluq orqanlar\u0131n\u0131n \u0259m\u0259kda\u015flar\u0131 t\u0259r\u0259find\u0259n m\u00fcvafiq t\u0259dbirl\u0259r h\u0259yata&hellip;","_links":{"self":[{"href":"https:\/\/arantv.az\/index.php?rest_route=\/wp\/v2\/posts\/472503"}],"collection":[{"href":"https:\/\/arantv.az\/index.php?rest_route=\/wp\/v2\/posts"}],"about":[{"href":"https:\/\/arantv.az\/index.php?rest_route=\/wp\/v2\/types\/post"}],"author":[{"embeddable":true,"href":"https:\/\/arantv.az\/index.php?rest_route=\/wp\/v2\/users\/2"}],"replies":[{"embeddable":true,"href":"https:\/\/arantv.az\/index.php?rest_route=%2Fwp%2Fv2%2Fcomments&post=472503"}],"version-history":[{"count":0,"href":"https:\/\/arantv.az\/index.php?rest_route=\/wp\/v2\/posts\/472503\/revisions"}],"wp:featuredmedia":[{"embeddable":true,"href":"https:\/\/arantv.az\/index.php?rest_route=\/wp\/v2\/media\/315205"}],"wp:attachment":[{"href":"https:\/\/arantv.az\/index.php?rest_route=%2Fwp%2Fv2%2Fmedia&parent=472503"}],"wp:term":[{"taxonomy":"category","embeddable":true,"href":"https:\/\/arantv.az\/index.php?rest_route=%2Fwp%2Fv2%2Fcategories&post=472503"},{"taxonomy":"post_tag","embeddable":true,"href":"https:\/\/arantv.az\/index.php?rest_route=%2Fwp%2Fv2%2Ftags&post=472503"}],"curies":[{"name":"wp","href":"https:\/\/api.w.org\/{rel}","templated":true}]}}