{"id":472509,"date":"2022-05-09T11:54:43","date_gmt":"2022-05-09T08:54:43","guid":{"rendered":"https:\/\/arantv.az\/?p=472509"},"modified":"2022-05-09T11:54:43","modified_gmt":"2022-05-09T08:54:43","slug":"bununla-az%c9%99rbaycan-tarixinin-gedisatini-d%c9%99yisib","status":"publish","type":"post","link":"https:\/\/arantv.az\/?p=472509","title":{"rendered":"&#8220;Bununla Az\u0259rbaycan tarixinin gedi\u015fat\u0131n\u0131 d\u0259yi\u015fib&#8221;"},"content":{"rendered":"<p>May\u0131n 10-da \u00dcmummilli lider Heyd\u0259r \u018fliyevin anadan olmas\u0131n\u0131n 99-cu ili tamam olur.<\/p>\n<p><a href=\"http:\/\/az.trend.az\/\" target=\"_blank\" rel=\"noopener\">Trend<\/a>\u00a0B\u0130A-n\u0131n m\u00fcxbirin\u0259 m\u00fcsahib\u0259d\u0259 q\u0259rb analitikl\u0259ri Heyd\u0259r \u018fliyevin Az\u0259rbaycan tarixind\u0259 oynad\u0131\u011f\u0131 rolu v\u0259 \u00f6lk\u0259nin s\u00fcr\u0259tli iqtisadi inki\u015faf\u0131n\u0131n t\u0259m\u0259lini formala\u015fd\u0131rm\u0131\u015f nailiyy\u0259tl\u0259ri bar\u0259d\u0259 fikirl\u0259rini b\u00f6l\u00fc\u015f\u00fcb.<\/p>\n<p>Avropa Siyas\u0259t M\u0259rk\u0259zinin siyasi m\u0259s\u0259l\u0259l\u0259r \u00fczr\u0259 analitiki Amanda Pol Trend-\u0259 deyib ki, Heyd\u0259r \u018fliyev Az\u0259rbaycan tarixinin gedi\u015fat\u0131n\u0131 d\u0259yi\u015fmi\u015f &#8220;\u018fsrin m\u00fcqavil\u0259si&#8221;nin imzalanmas\u0131n\u0131 t\u0259min edib.<\/p>\n<p>&#8220;Heyd\u0259r \u018fliyev Az\u0259rbaycan\u0131n energetika startegiyas\u0131n\u0131 yax\u015f\u0131 ba\u015fa d\u00fc\u015f\u00fcrd\u00fc. Onun say\u0259sind\u0259 tarixi z\u0259f\u0259r\u0259 \u00e7evrilmi\u015f &#8220;\u018fsrin m\u00fcqavil\u0259si&#8221;ni imzalamaq m\u00fcmk\u00fcn oldu. Bu, \u00f6lk\u0259 tarixinin gedi\u015fat\u0131n\u0131 d\u0259yi\u015fmi\u015f strateji sazi\u015f idi. Az\u0259rbaycana beyn\u0259lxalq enerji n\u0259h\u0259ngl\u0259ri g\u0259ldi v\u0259 bu da beyn\u0259lxalq neft-qaz k\u0259m\u0259rl\u0259rinin tikintisin\u0259 yol a\u00e7d\u0131. \u0130ri maliyy\u0259 ehtiyatlar\u0131n\u0131n ax\u0131n\u0131 Az\u0259rbaycana \u00f6z iqtisadiyyat\u0131n\u0131 inki\u015faf etdirm\u0259y\u0259 imkan verdi. Bu g\u00fcn is\u0259 Az\u0259rbaycan vacib v\u0259 etibarl\u0131 enerji da\u015f\u0131y\u0131c\u0131lar\u0131 t\u0259dar\u00fck\u00e7\u00fcs\u00fc kimi q\u0259bul olunur&#8221;, &#8211; dey\u0259 o bildirib.<\/p>\n<p>Analitikin s\u00f6zl\u0259rin\u0259 g\u00f6r\u0259, Heyd\u0259r \u018fliyevin m\u00fcdrik r\u0259hb\u0259rliyi Az\u0259rbaycan\u0131n m\u00fcst\u0259qilliyinin v\u0259 \u00e7i\u00e7\u0259kl\u0259nm\u0259sinin t\u0259min olunmas\u0131na, onun regionda geosiyasi rolunun g\u00fccl\u0259nm\u0259sin\u0259 yol a\u00e7\u0131b.<\/p>\n<p>&#8220;Heyd\u0259r \u018fliyev Q\u0259rbl\u0259 \u0259laq\u0259l\u0259ri inki\u015faf etdir\u0259r\u0259k v\u0259 g\u00fccl\u00fc m\u00fcasir ordu quraraq praqmatik xarici siyas\u0259t y\u00fcr\u00fcd\u00fcrd\u00fc. Bu g\u00fcn Prezident \u0130lham \u018fliyev t\u0259r\u0259find\u0259n davam etdiril\u0259n bu siyas\u0259t Az\u0259rbaycan\u0131n \u00f6z \u0259razil\u0259rini azad etm\u0259sind\u0259 h\u0259lledici rol oynad\u0131&#8221;, &#8211; A.Pol deyib.<\/p>\n<p>AB\u015e-\u0131n Az\u0259rbaycandak\u0131 sabiq s\u0259firi Robert Sekuta \u00f6z n\u00f6vb\u0259sind\u0259 vur\u011fulay\u0131b ki, Heyd\u0259r \u018fliyev m\u00fcasir Az\u0259rbaycan\u0131n kursunun m\u00fc\u0259yy\u0259nl\u0259\u015fm\u0259sind\u0259, m\u00fcst\u0259qilliyinin v\u0259 suverenliyinin m\u00f6hk\u0259ml\u0259nm\u0259sind\u0259, xarici siyas\u0259tin formala\u015fmas\u0131nda h\u0259lledici rol oynay\u0131b.<\/p>\n<p>&#8220;Energetika, \u0259vv\u0259lc\u0259 neft, sonra is\u0259 qaz yataqlar\u0131n\u0131n i\u015fl\u0259nm\u0259si, bu ehtiyatlar\u0131n d\u00fcnya bazarlar\u0131na \u00e7atd\u0131r\u0131lmas\u0131 \u00fc\u00e7\u00fcn boru x\u0259tl\u0259rinin \u00e7\u0259kilm\u0259si Heyd\u0259r \u018fliyev siyas\u0259tinin vacib komponenti idi. Bu, h\u0259m d\u0259 AB\u015e-\u0131n Az\u0259rbaycanla m\u00fcnasib\u0259tl\u0259rd\u0259 ba\u015fl\u0131ca amill\u0259rd\u0259n oldu. Bundan ba\u015fqa, Heyd\u0259r \u018fliyevin enerji \u015firk\u0259tl\u0259ri v\u0259 maliyy\u0259 t\u0259\u015fkilatlar\u0131 il\u0259 \u0259m\u0259kda\u015fl\u0131\u011f\u0131ndan yaranan presedentl\u0259r d\u0259 Az\u0259rbaycan\u0131n dig\u0259r \u015firk\u0259t v\u0259 t\u0259\u015fkilatlarla m\u00fcnasib\u0259tl\u0259ri \u00fc\u00e7\u00fcn t\u0259m\u0259l yarad\u0131b v\u0259 bel\u0259likl\u0259 d\u0259, \u00f6lk\u0259nin \u00e7i\u00e7\u0259kl\u0259nm\u0259si v\u0259 t\u0259hl\u00fck\u0259sizliyin\u0259 yol a\u00e7\u0131b. B\u00fct\u00fcn bunlar Az\u0259rbaycana bug\u00fcnk\u00fc \u00e7a\u011f\u0131r\u0131\u015flar\u0131n \u00f6hd\u0259sind\u0259n g\u0259lm\u0259y\u0259 v\u0259 \u00f6z\u00fcn\u00fcn inki\u015faf yolunu se\u00e7m\u0259sin\u0259 k\u00f6m\u0259k edir&#8221;, &#8211; R.Sekuta bildirib.<\/p>\n<p>&#8220;Atlantic Council&#8221;in ba\u015f elmi i\u015f\u00e7isi Ariel Koen hesab edir ki, d\u00fcnya enerji sah\u0259sind\u0259ki siyas\u0259tin\u0259 g\u00f6r\u0259 Heyd\u0259r \u018fliyev\u0259 minn\u0259tdar olmal\u0131d\u0131r.<\/p>\n<p>&#8220;G\u00fcrc\u00fcstan v\u0259 AB\u015e-\u0131n o zamank\u0131 prezidentl\u0259ri, Eduard \u015eevardnadze v\u0259 Bill Klinton, el\u0259c\u0259 d\u0259 bp-nin r\u0259hb\u0259ri Con Braunla birg\u0259 Heyd\u0259r \u018fliyev Bak\u0131-Tbilisi-Ceyhan neft k\u0259m\u0259ri layih\u0259sinin i\u015fl\u0259nm\u0259si v\u0259 realla\u015fd\u0131r\u0131lmas\u0131n\u0131 t\u0259min etdi. V\u0259 bu g\u00fcn bu u\u011furlu enerji siyas\u0259tinin \u0259sas\u0131nda h\u0259m\u00e7inin &#8220;C\u0259nub Qaz D\u0259hlizi&#8221; layih\u0259sini realla\u015fd\u0131rmaq m\u00fcmk\u00fcn oldu. Heyd\u0259r \u018fliyev d\u00fcny\u0259vi, a\u00e7\u0131q, m\u00fcst\u0259qil v\u0259 \u00e7i\u00e7\u0259kl\u0259n\u0259n Az\u0259rbaycan konsepsiyas\u0131n\u0131 ir\u0259li s\u00fcrd\u00fc&#8221; &#8211; dey\u0259 o bildirib.<\/p>\n","protected":false},"excerpt":{"rendered":"<p>May\u0131n 10-da \u00dcmummilli lider Heyd\u0259r \u018fliyevin anadan olmas\u0131n\u0131n 99-cu ili tamam olur. Trend\u00a0B\u0130A-n\u0131n m\u00fcxbirin\u0259 m\u00fcsahib\u0259d\u0259 q\u0259rb analitikl\u0259ri Heyd\u0259r \u018fliyevin Az\u0259rbaycan tarixind\u0259 oynad\u0131\u011f\u0131 rolu v\u0259 \u00f6lk\u0259nin s\u00fcr\u0259tli iqtisadi inki\u015faf\u0131n\u0131n t\u0259m\u0259lini formala\u015fd\u0131rm\u0131\u015f nailiyy\u0259tl\u0259ri bar\u0259d\u0259 fikirl\u0259rini b\u00f6l\u00fc\u015f\u00fcb. Avropa Siyas\u0259t M\u0259rk\u0259zinin siyasi m\u0259s\u0259l\u0259l\u0259r \u00fczr\u0259 analitiki Amanda Pol Trend-\u0259 deyib ki, Heyd\u0259r \u018fliyev Az\u0259rbaycan tarixinin gedi\u015fat\u0131n\u0131 d\u0259yi\u015fmi\u015f &#8220;\u018fsrin m\u00fcqavil\u0259si&#8221;nin imzalanmas\u0131n\u0131 t\u0259min edib. &#8220;Heyd\u0259r \u018fliyev Az\u0259rbaycan\u0131n energetika startegiyas\u0131n\u0131 yax\u015f\u0131 ba\u015fa d\u00fc\u015f\u00fcrd\u00fc. Onun say\u0259sind\u0259 tarixi z\u0259f\u0259r\u0259 \u00e7evrilmi\u015f &#8220;\u018fsrin m\u00fcqavil\u0259si&#8221;ni imzalamaq m\u00fcmk\u00fcn oldu. Bu, \u00f6lk\u0259 tarixinin gedi\u015fat\u0131n\u0131 d\u0259yi\u015fmi\u015f strateji sazi\u015f idi. Az\u0259rbaycana beyn\u0259lxalq enerji n\u0259h\u0259ngl\u0259ri g\u0259ldi v\u0259 bu&hellip;<\/p>\n","protected":false},"author":2,"featured_media":472510,"comment_status":"closed","ping_status":"closed","sticky":false,"template":"","format":"standard","meta":{"om_disable_all_campaigns":false,"_monsterinsights_skip_tracking":false,"_monsterinsights_sitenote_active":false,"_monsterinsights_sitenote_note":"","_monsterinsights_sitenote_category":0},"categories":[4],"tags":[],"aioseo_notices":[],"gutentor_comment":0,"rttpg_featured_image_url":{"full":["https:\/\/arantv.az\/wp-content\/uploads\/2022\/05\/1041075.jpg",800,600,false],"landscape":["https:\/\/arantv.az\/wp-content\/uploads\/2022\/05\/1041075.jpg",800,600,false],"portraits":["https:\/\/arantv.az\/wp-content\/uploads\/2022\/05\/1041075.jpg",800,600,false],"thumbnail":["https:\/\/arantv.az\/wp-content\/uploads\/2022\/05\/1041075-500x280.jpg",500,280,true],"medium":["https:\/\/arantv.az\/wp-content\/uploads\/2022\/05\/1041075-487x365.jpg",487,365,true],"large":["https:\/\/arantv.az\/wp-content\/uploads\/2022\/05\/1041075.jpg",640,480,false],"1536x1536":["https:\/\/arantv.az\/wp-content\/uploads\/2022\/05\/1041075.jpg",800,600,false],"2048x2048":["https:\/\/arantv.az\/wp-content\/uploads\/2022\/05\/1041075.jpg",800,600,false],"post-thumbnail":["https:\/\/arantv.az\/wp-content\/uploads\/2022\/05\/1041075-240x172.jpg",240,172,true],"advps-thumb-one":["https:\/\/arantv.az\/wp-content\/uploads\/2022\/05\/1041075.jpg",800,600,false]},"rttpg_author":{"display_name":"V\u00fcsal Rafiqo\u011flu","author_link":"https:\/\/arantv.az\/?author=2"},"rttpg_comment":0,"rttpg_category":"<a href=\"https:\/\/arantv.az\/?cat=4\" rel=\"category\">Siyas\u0259t<\/a>","rttpg_excerpt":"May\u0131n 10-da \u00dcmummilli lider Heyd\u0259r \u018fliyevin anadan olmas\u0131n\u0131n 99-cu ili tamam olur. Trend\u00a0B\u0130A-n\u0131n m\u00fcxbirin\u0259 m\u00fcsahib\u0259d\u0259 q\u0259rb analitikl\u0259ri Heyd\u0259r \u018fliyevin Az\u0259rbaycan tarixind\u0259 oynad\u0131\u011f\u0131 rolu v\u0259 \u00f6lk\u0259nin s\u00fcr\u0259tli iqtisadi inki\u015faf\u0131n\u0131n t\u0259m\u0259lini formala\u015fd\u0131rm\u0131\u015f nailiyy\u0259tl\u0259ri bar\u0259d\u0259 fikirl\u0259rini b\u00f6l\u00fc\u015f\u00fcb. Avropa Siyas\u0259t M\u0259rk\u0259zinin siyasi m\u0259s\u0259l\u0259l\u0259r \u00fczr\u0259 analitiki Amanda Pol Trend-\u0259 deyib ki, Heyd\u0259r \u018fliyev Az\u0259rbaycan tarixinin gedi\u015fat\u0131n\u0131 d\u0259yi\u015fmi\u015f &#8220;\u018fsrin m\u00fcqavil\u0259si&#8221;nin imzalanmas\u0131n\u0131&hellip;","_links":{"self":[{"href":"https:\/\/arantv.az\/index.php?rest_route=\/wp\/v2\/posts\/472509"}],"collection":[{"href":"https:\/\/arantv.az\/index.php?rest_route=\/wp\/v2\/posts"}],"about":[{"href":"https:\/\/arantv.az\/index.php?rest_route=\/wp\/v2\/types\/post"}],"author":[{"embeddable":true,"href":"https:\/\/arantv.az\/index.php?rest_route=\/wp\/v2\/users\/2"}],"replies":[{"embeddable":true,"href":"https:\/\/arantv.az\/index.php?rest_route=%2Fwp%2Fv2%2Fcomments&post=472509"}],"version-history":[{"count":0,"href":"https:\/\/arantv.az\/index.php?rest_route=\/wp\/v2\/posts\/472509\/revisions"}],"wp:featuredmedia":[{"embeddable":true,"href":"https:\/\/arantv.az\/index.php?rest_route=\/wp\/v2\/media\/472510"}],"wp:attachment":[{"href":"https:\/\/arantv.az\/index.php?rest_route=%2Fwp%2Fv2%2Fmedia&parent=472509"}],"wp:term":[{"taxonomy":"category","embeddable":true,"href":"https:\/\/arantv.az\/index.php?rest_route=%2Fwp%2Fv2%2Fcategories&post=472509"},{"taxonomy":"post_tag","embeddable":true,"href":"https:\/\/arantv.az\/index.php?rest_route=%2Fwp%2Fv2%2Ftags&post=472509"}],"curies":[{"name":"wp","href":"https:\/\/api.w.org\/{rel}","templated":true}]}}