{"id":472512,"date":"2022-05-09T11:55:49","date_gmt":"2022-05-09T08:55:49","guid":{"rendered":"https:\/\/arantv.az\/?p=472512"},"modified":"2022-05-09T11:55:49","modified_gmt":"2022-05-09T08:55:49","slug":"isgaldan-azad-olunmus-%c9%99razil%c9%99rd%c9%99-b%c9%99rpa-quruculuq-isl%c9%99rini-ugurla-davam-etdiririk","status":"publish","type":"post","link":"https:\/\/arantv.az\/?p=472512","title":{"rendered":"\u0130\u015f\u011faldan azad olunmu\u015f \u0259razil\u0259rd\u0259 b\u0259rpa-quruculuq i\u015fl\u0259rini u\u011furla davam etdiririk"},"content":{"rendered":"<p><em>&#8220;Az\u0259rbaycan i\u015f\u011faldan azad olunmu\u015f \u0259razil\u0259rd\u0259 b\u0259rpa-quruculuq i\u015fl\u0259rini u\u011furla davam etdirir&#8221;.<\/em><\/p>\n<p><strong>ARANTV.AZ\u00a0 x\u0259b\u0259r verir ki,<\/strong>\u00a0bu s\u00f6zl\u0259r Az\u0259rbaycan Respublikas\u0131 Prezidentinin Administrasiyas\u0131n\u0131n r\u0259hb\u0259ri\u00a0<strong>Samir Nuriyevin<\/strong>\u00a0&#8220;Ulu \u00f6nd\u0259r Heyd\u0259r \u018fliyevin milli d\u00f6vl\u0259t quruculu\u011fu v\u0259 m\u00fcasir inki\u015faf strategiyas\u0131&#8221; adl\u0131\u00a0m\u0259qal\u0259sind\u0259 \u00f6z \u0259ksini tap\u0131b.<\/p>\n<p>&#8220;Prezident, M\u00fcz\u0259ff\u0259r Ali Ba\u015f Komandan \u0130lham \u018fliyevin r\u0259hb\u0259rliyi il\u0259 r\u0259\u015fad\u0259tli Az\u0259rbaycan Ordusunun V\u0259t\u0259n m\u00fcharib\u0259sind\u0259 \u0259ld\u0259 etdiyi m\u00f6ht\u0259\u015f\u0259m Z\u0259f\u0259r Az\u0259rbaycan xalq\u0131 \u00fc\u00e7\u00fcn b\u00f6y\u00fck m\u0259n\u0259vi \u0259h\u0259miyy\u0259t\u0259 malik, eyni zamanda, b\u00fct\u00fcn regionda yeni reall\u0131qlar yaradan m\u00fch\u00fcm tarixi hadis\u0259dir. Bu, xalq\u0131m\u0131z\u0131, d\u00f6vl\u0259t\u00e7iliyimizi m\u0259hv olmaqdan xilas ed\u0259r\u0259k sabit inki\u015faf yoluna \u00e7\u0131xaran \u00fcmummilli lider Heyd\u0259r \u018fliyevin g\u00fccl\u00fc, m\u00fcst\u0259qil, suveren Az\u0259rbaycan namin\u0259 ba\u015flad\u0131\u011f\u0131 v\u0259 Prezident \u0130lham \u018fliyevin m\u00fcv\u0259ff\u0259qiyy\u0259tl\u0259 ba\u015fa \u00e7atd\u0131rd\u0131\u011f\u0131 milli inki\u015faf\u0131m\u0131z\u0131n taley\u00fckl\u00fc, \u015fanl\u0131 bir m\u0259rh\u0259l\u0259sidir. 2020-ci il noyabr\u0131n 8-d\u0259 Qaraba\u011f\u0131n tac\u0131 olan \u015eu\u015fan\u0131n azad edilm\u0259si il\u0259 ba\u011fl\u0131 xalqa m\u00fcjd\u0259sini \u00e7atd\u0131ran Prezident \u0130lham \u018fliyev fikirl\u0259rini bel\u0259 ifad\u0259 etmi\u015fdi: \u201cM\u0259n bu g\u00fcn, eyni zamanda, ulu \u00f6nd\u0259r Heyd\u0259r \u018fliyevin m\u0259zar\u0131n\u0131 ziyar\u0259t etdim, onun ruhu qar\u015f\u0131s\u0131nda ba\u015f \u0259ydim. \u00dcr\u0259yimd\u0259 dedim, xo\u015fb\u0259xt adamam ki, ata v\u0259siyy\u0259tini yerin\u0259 yetirdim\u201d. Prezident \u0130lham \u018fliyevin bu s\u00f6zl\u0259ri ata v\u0259siyy\u0259tinin yerin\u0259 yetirilm\u0259si il\u0259 yana\u015f\u0131, h\u0259m d\u0259 Heyd\u0259r \u018fliyevin \u0259sas\u0131n\u0131 qoydu\u011fu v\u0259 sonrak\u0131 d\u00f6vrd\u0259 davam etdiril\u0259n m\u00fcdrik siyas\u0259tin, milli d\u00f6vl\u0259t quruculu\u011fu v\u0259 m\u00fcasir inki\u015faf strategiyas\u0131n\u0131n t\u0259nt\u0259n\u0259si kimi anla\u015f\u0131lmal\u0131d\u0131r.<\/p>\n<p>\u201c\u015eu\u015fas\u0131z Qaraba\u011f, Qaraba\u011fs\u0131z, \u00fcmumiyy\u0259tl\u0259, Az\u0259rbaycan yoxdur\u201d dey\u0259n ulu \u00f6nd\u0259r Heyd\u0259r \u018fliyevin qurdu\u011fu m\u00fcasir milli d\u00f6vl\u0259timiz indi \u00f6z\u00fcn\u00fcn yeni inki\u015faf m\u0259rh\u0259l\u0259sini ya\u015fay\u0131r. M\u00fcr\u0259kk\u0259b v\u0259 ziddiyy\u0259tli geosiyasi prosesl\u0259rin s\u00fcr\u0259tl\u0259 c\u0259r\u0259yan etdiyi, qar\u015f\u0131durmalar\u0131n v\u0259 m\u00fcnaqi\u015f\u0259l\u0259rin k\u0259skinl\u0259\u015fdiyi d\u00fcnyada indi \u00f6lk\u0259miz \u00fcst\u00fcn m\u00f6vqey\u0259, qalib d\u00f6vl\u0259t n\u00fcfuzuna sahibdir. \u00d6z iqtisadi q\u00fcdr\u0259tin\u0259 arxalanan Az\u0259rbaycan i\u015f\u011faldan azad olunmu\u015f \u0259razil\u0259rd\u0259 b\u0259rpa-quruculuq i\u015fl\u0259rini u\u011furla davam etdirir. Az\u0259rbaycan\u0131n m\u0259d\u0259niyy\u0259t paytaxt\u0131 \u015eu\u015fa ba\u015fda olmaqla, b\u00fct\u00fcn \u0259razil\u0259rimiz m\u0259d\u0259ni-tarixi irsimiz qorunmaqla, m\u00fcasir infrastruktur yarad\u0131lmaqla tezlikl\u0259 regionumuz c\u0259nn\u0259t gu\u015f\u0259l\u0259rind\u0259n birin\u0259 \u00e7evril\u0259c\u0259k v\u0259 dayan\u0131ql\u0131 m\u0259skunla\u015fma t\u0259min edil\u0259c\u0259k. H\u0259yata ke\u00e7iril\u0259n layih\u0259l\u0259r bu \u0259razil\u0259ri yax\u0131n m\u00fcdd\u0259td\u0259 s\u00fclh v\u0259 \u0259m\u0259kda\u015fl\u0131q b\u00f6lg\u0259si kimi d\u00fcnyaya tan\u0131td\u0131racaq.<\/p>\n<p>\u00dcmummilli lider Heyd\u0259r \u018fliyevin \u0259sas\u0131n\u0131 qoydu\u011fu milli d\u00f6vl\u0259t\u00e7ilik ideyas\u0131 \u00f6z\u00fcnd\u0259 real m\u00fcst\u0259qillik, suverenlik, milli-m\u0259n\u0259vi d\u0259y\u0259rl\u0259r\u0259 ba\u011fl\u0131l\u0131q v\u0259 m\u00fcasir inki\u015faf kimi vacib prinsipl\u0259ri \u00fczvi \u015f\u0259kild\u0259 birl\u0259\u015fdirdi. Ulu \u00d6nd\u0259rin qurdu\u011fu v\u0259 az\u0259rbaycan\u00e7\u0131l\u0131q ideologiyas\u0131na \u0259saslanan milli d\u00f6vl\u0259timiz c\u0259miyy\u0259tin h\u0259r bir \u00fczv\u00fc, d\u00fcnya az\u0259rbaycanl\u0131lar\u0131 \u00fc\u00e7\u00fcn ideoloji b\u00fcn\u00f6vr\u0259, onlar\u0131 vahid ideya \u0259traf\u0131nda birl\u0259\u015fdir\u0259n, m\u0259nafel\u0259rini qoruyan, m\u00fcdafi\u0259 v\u0259 \u00fcmumi m\u0259qs\u0259d u\u011frunda s\u0259f\u0259rb\u0259r ed\u0259n q\u00fcrur m\u0259nb\u0259yimizdir. Buna g\u00f6r\u0259 d\u0259 \u0259minlikl\u0259 dem\u0259k olar ki, h\u0259r bir d\u00f6vl\u0259tin q\u00fcdr\u0259ti onun iqtisadi potensial\u0131 v\u0259 h\u0259rbi g\u00fcc\u00fc il\u0259 yana\u015f\u0131, h\u0259m d\u0259 xalq\u0131n birliyi, h\u0259mr\u0259yliyi il\u0259 \u00f6l\u00e7\u00fcl\u00fcr. 44 g\u00fcnl\u00fck V\u0259t\u0259n m\u00fcharib\u0259si \u0259yani \u015f\u0259kild\u0259 g\u00f6st\u0259rdi ki, m\u00fcst\u0259qillik ill\u0259rind\u0259 \u0259ld\u0259 edilmi\u015f milli birliyimiz, m\u0259n\u0259vi-ideoloji v\u0259hd\u0259timiz bizim \u0259n qiym\u0259tli s\u0259rv\u0259tl\u0259rimizd\u0259n biridir&#8221;, &#8211; m\u0259qal\u0259d\u0259 qeyd olunub.<\/p>\n","protected":false},"excerpt":{"rendered":"<p>&#8220;Az\u0259rbaycan i\u015f\u011faldan azad olunmu\u015f \u0259razil\u0259rd\u0259 b\u0259rpa-quruculuq i\u015fl\u0259rini u\u011furla davam etdirir&#8221;. ARANTV.AZ\u00a0 x\u0259b\u0259r verir ki,\u00a0bu s\u00f6zl\u0259r Az\u0259rbaycan Respublikas\u0131 Prezidentinin Administrasiyas\u0131n\u0131n r\u0259hb\u0259ri\u00a0Samir Nuriyevin\u00a0&#8220;Ulu \u00f6nd\u0259r Heyd\u0259r \u018fliyevin milli d\u00f6vl\u0259t quruculu\u011fu v\u0259 m\u00fcasir inki\u015faf strategiyas\u0131&#8221; adl\u0131\u00a0m\u0259qal\u0259sind\u0259 \u00f6z \u0259ksini tap\u0131b. &#8220;Prezident, M\u00fcz\u0259ff\u0259r Ali Ba\u015f Komandan \u0130lham \u018fliyevin r\u0259hb\u0259rliyi il\u0259 r\u0259\u015fad\u0259tli Az\u0259rbaycan Ordusunun V\u0259t\u0259n m\u00fcharib\u0259sind\u0259 \u0259ld\u0259 etdiyi m\u00f6ht\u0259\u015f\u0259m Z\u0259f\u0259r Az\u0259rbaycan xalq\u0131 \u00fc\u00e7\u00fcn b\u00f6y\u00fck m\u0259n\u0259vi \u0259h\u0259miyy\u0259t\u0259 malik, eyni zamanda, b\u00fct\u00fcn regionda yeni reall\u0131qlar yaradan m\u00fch\u00fcm tarixi hadis\u0259dir. Bu, xalq\u0131m\u0131z\u0131, d\u00f6vl\u0259t\u00e7iliyimizi m\u0259hv olmaqdan xilas ed\u0259r\u0259k sabit inki\u015faf yoluna \u00e7\u0131xaran \u00fcmummilli lider Heyd\u0259r \u018fliyevin g\u00fccl\u00fc, m\u00fcst\u0259qil, suveren Az\u0259rbaycan namin\u0259&hellip;<\/p>\n","protected":false},"author":2,"featured_media":472513,"comment_status":"closed","ping_status":"closed","sticky":false,"template":"","format":"standard","meta":{"om_disable_all_campaigns":false,"_monsterinsights_skip_tracking":false,"_monsterinsights_sitenote_active":false,"_monsterinsights_sitenote_note":"","_monsterinsights_sitenote_category":0},"categories":[4],"tags":[],"aioseo_notices":[],"gutentor_comment":0,"rttpg_featured_image_url":{"full":["https:\/\/arantv.az\/wp-content\/uploads\/2022\/05\/427e3427161278292625815426611114943.jpg",975,540,false],"landscape":["https:\/\/arantv.az\/wp-content\/uploads\/2022\/05\/427e3427161278292625815426611114943.jpg",975,540,false],"portraits":["https:\/\/arantv.az\/wp-content\/uploads\/2022\/05\/427e3427161278292625815426611114943.jpg",975,540,false],"thumbnail":["https:\/\/arantv.az\/wp-content\/uploads\/2022\/05\/427e3427161278292625815426611114943-500x280.jpg",500,280,true],"medium":["https:\/\/arantv.az\/wp-content\/uploads\/2022\/05\/427e3427161278292625815426611114943-660x365.jpg",660,365,true],"large":["https:\/\/arantv.az\/wp-content\/uploads\/2022\/05\/427e3427161278292625815426611114943-840x465.jpg",640,354,true],"1536x1536":["https:\/\/arantv.az\/wp-content\/uploads\/2022\/05\/427e3427161278292625815426611114943.jpg",975,540,false],"2048x2048":["https:\/\/arantv.az\/wp-content\/uploads\/2022\/05\/427e3427161278292625815426611114943.jpg",975,540,false],"post-thumbnail":["https:\/\/arantv.az\/wp-content\/uploads\/2022\/05\/427e3427161278292625815426611114943-240x172.jpg",240,172,true],"advps-thumb-one":["https:\/\/arantv.az\/wp-content\/uploads\/2022\/05\/427e3427161278292625815426611114943.jpg",975,540,false]},"rttpg_author":{"display_name":"V\u00fcsal Rafiqo\u011flu","author_link":"https:\/\/arantv.az\/?author=2"},"rttpg_comment":0,"rttpg_category":"<a href=\"https:\/\/arantv.az\/?cat=4\" rel=\"category\">Siyas\u0259t<\/a>","rttpg_excerpt":"&#8220;Az\u0259rbaycan i\u015f\u011faldan azad olunmu\u015f \u0259razil\u0259rd\u0259 b\u0259rpa-quruculuq i\u015fl\u0259rini u\u011furla davam etdirir&#8221;. ARANTV.AZ\u00a0 x\u0259b\u0259r verir ki,\u00a0bu s\u00f6zl\u0259r Az\u0259rbaycan Respublikas\u0131 Prezidentinin Administrasiyas\u0131n\u0131n r\u0259hb\u0259ri\u00a0Samir Nuriyevin\u00a0&#8220;Ulu \u00f6nd\u0259r Heyd\u0259r \u018fliyevin milli d\u00f6vl\u0259t quruculu\u011fu v\u0259 m\u00fcasir inki\u015faf strategiyas\u0131&#8221; adl\u0131\u00a0m\u0259qal\u0259sind\u0259 \u00f6z \u0259ksini tap\u0131b. &#8220;Prezident, M\u00fcz\u0259ff\u0259r Ali Ba\u015f Komandan \u0130lham \u018fliyevin r\u0259hb\u0259rliyi il\u0259 r\u0259\u015fad\u0259tli Az\u0259rbaycan Ordusunun V\u0259t\u0259n m\u00fcharib\u0259sind\u0259 \u0259ld\u0259 etdiyi m\u00f6ht\u0259\u015f\u0259m Z\u0259f\u0259r Az\u0259rbaycan xalq\u0131&hellip;","_links":{"self":[{"href":"https:\/\/arantv.az\/index.php?rest_route=\/wp\/v2\/posts\/472512"}],"collection":[{"href":"https:\/\/arantv.az\/index.php?rest_route=\/wp\/v2\/posts"}],"about":[{"href":"https:\/\/arantv.az\/index.php?rest_route=\/wp\/v2\/types\/post"}],"author":[{"embeddable":true,"href":"https:\/\/arantv.az\/index.php?rest_route=\/wp\/v2\/users\/2"}],"replies":[{"embeddable":true,"href":"https:\/\/arantv.az\/index.php?rest_route=%2Fwp%2Fv2%2Fcomments&post=472512"}],"version-history":[{"count":0,"href":"https:\/\/arantv.az\/index.php?rest_route=\/wp\/v2\/posts\/472512\/revisions"}],"wp:featuredmedia":[{"embeddable":true,"href":"https:\/\/arantv.az\/index.php?rest_route=\/wp\/v2\/media\/472513"}],"wp:attachment":[{"href":"https:\/\/arantv.az\/index.php?rest_route=%2Fwp%2Fv2%2Fmedia&parent=472512"}],"wp:term":[{"taxonomy":"category","embeddable":true,"href":"https:\/\/arantv.az\/index.php?rest_route=%2Fwp%2Fv2%2Fcategories&post=472512"},{"taxonomy":"post_tag","embeddable":true,"href":"https:\/\/arantv.az\/index.php?rest_route=%2Fwp%2Fv2%2Ftags&post=472512"}],"curies":[{"name":"wp","href":"https:\/\/api.w.org\/{rel}","templated":true}]}}