{"id":47252,"date":"2019-03-26T08:20:02","date_gmt":"2019-03-26T05:20:02","guid":{"rendered":"http:\/\/arantv.az\/?p=47252"},"modified":"2019-03-26T08:20:02","modified_gmt":"2019-03-26T05:20:02","slug":"abs-dovl%c9%99t-katibi-az%c9%99rbaycan-xalqini-novruz-bayrami-munasib%c9%99til%c9%99-t%c9%99brik-edib","status":"publish","type":"post","link":"https:\/\/arantv.az\/?p=47252","title":{"rendered":"AB\u015e d\u00f6vl\u0259t katibi Az\u0259rbaycan xalq\u0131n\u0131 Novruz bayram\u0131 m\u00fcnasib\u0259til\u0259 t\u0259brik edib"},"content":{"rendered":"<p><strong>AB\u015e-\u0131n d\u00f6vl\u0259t katibi Mayk Pompeo Az\u0259rbaycan xalq\u0131n\u0131 Novruz bayram\u0131 m\u00fcnasib\u0259til\u0259 t\u0259brik edib.<\/strong><\/p>\n<p><strong>ARANTV.AZ\u00a0<\/strong>\u00a0<a href=\"http:\/\/az.trend.az\/\" target=\"_blank\" rel=\"noopener\"><span style=\"color: #000000;\">Trend<\/span><\/a>-\u0259 istinad\u0259n bildirir ki,\u00a0AB\u015e D\u00f6vl\u0259t Departamentinin r\u0259smi sayt\u0131nda yerl\u0259\u015fdiril\u0259n t\u0259brikd\u0259 deyilir:<\/p>\n<p>&#8220;\u0130ran xalq\u0131n\u0131 v\u0259 \u00f6z\u00fcnd\u0259 yaz\u0131n v\u0259 Yeni ilin g\u0259li\u015fini \u0259ks etdir\u0259n bu q\u0259dim \u0259n\u0259n\u0259ni qeyd ed\u0259nl\u0259r\u0259, h\u0259m\u00e7inin Az\u0259rbaycan, \u018ffqan\u0131stan, \u00c7in, G\u00fcrc\u00fcstan, Hindistan, \u0130raq, Qazax\u0131stan, Q\u0131r\u011f\u0131z\u0131stan, Pakistan, Rusiya, Suriya, Tacikistan, T\u00fcrkiy\u0259, T\u00fcrkm\u0259nistan, \u00d6zb\u0259kistan xalqlar\u0131n\u0131 v\u0259 onlar\u0131n Birl\u0259\u015fmi\u015f \u015etatlardak\u0131 icmalar\u0131n\u0131 Novruz bayram\u0131 m\u00fcnasib\u0259til\u0259 t\u0259brik edir, xo\u015fb\u0259xtlik arzulay\u0131ram&#8221;.<\/p>\n<p>Qeyd olunur ki, minillikl\u0259r boyunca Novruz bir \u00e7ox insanlar\u0131n v\u0259 c\u0259miyy\u0259tl\u0259rin m\u0259d\u0259niyy\u0259ti v\u0259 irsinin \u0259sas\u0131 hesab edilirdi:<\/p>\n<p>&#8220;Novruz g\u0259l\u0259c\u0259yi bayram ed\u0259r\u0259k ke\u00e7mi\u015f haqq\u0131nda d\u00fc\u015f\u00fcnm\u0259k \u00fc\u00e7\u00fcn ail\u0259ni v\u0259 dostlar\u0131 bir araya toplay\u0131r, h\u0259m yax\u0131nda, h\u0259m d\u0259 uzaqda olan insanlarla \u00fcnsiyy\u0259t qurmaq imkan\u0131 verir. Qoy bu Novruz h\u0259r k\u0259s\u0259 yeni ba\u015flan\u011f\u0131clar v\u0259 i\u015f\u0131ql\u0131 g\u0259l\u0259c\u0259k b\u0259x\u015f etsin! Bayram\u0131n\u0131z m\u00fcbar\u0259k!&#8221;<\/p>\n","protected":false},"excerpt":{"rendered":"<p>AB\u015e-\u0131n d\u00f6vl\u0259t katibi Mayk Pompeo Az\u0259rbaycan xalq\u0131n\u0131 Novruz bayram\u0131 m\u00fcnasib\u0259til\u0259 t\u0259brik edib. ARANTV.AZ\u00a0\u00a0Trend-\u0259 istinad\u0259n bildirir ki,\u00a0AB\u015e D\u00f6vl\u0259t Departamentinin r\u0259smi sayt\u0131nda yerl\u0259\u015fdiril\u0259n t\u0259brikd\u0259 deyilir: &#8220;\u0130ran xalq\u0131n\u0131 v\u0259 \u00f6z\u00fcnd\u0259 yaz\u0131n v\u0259 Yeni ilin g\u0259li\u015fini \u0259ks etdir\u0259n bu q\u0259dim \u0259n\u0259n\u0259ni qeyd ed\u0259nl\u0259r\u0259, h\u0259m\u00e7inin Az\u0259rbaycan, \u018ffqan\u0131stan, \u00c7in, G\u00fcrc\u00fcstan, Hindistan, \u0130raq, Qazax\u0131stan, Q\u0131r\u011f\u0131z\u0131stan, Pakistan, Rusiya, Suriya, Tacikistan, T\u00fcrkiy\u0259, T\u00fcrkm\u0259nistan, \u00d6zb\u0259kistan xalqlar\u0131n\u0131 v\u0259 onlar\u0131n Birl\u0259\u015fmi\u015f \u015etatlardak\u0131 icmalar\u0131n\u0131 Novruz bayram\u0131 m\u00fcnasib\u0259til\u0259 t\u0259brik edir, xo\u015fb\u0259xtlik arzulay\u0131ram&#8221;. Qeyd olunur ki, minillikl\u0259r boyunca Novruz bir \u00e7ox insanlar\u0131n v\u0259 c\u0259miyy\u0259tl\u0259rin m\u0259d\u0259niyy\u0259ti v\u0259 irsinin \u0259sas\u0131 hesab edilirdi: &#8220;Novruz g\u0259l\u0259c\u0259yi bayram ed\u0259r\u0259k ke\u00e7mi\u015f&hellip;<\/p>\n","protected":false},"author":2,"featured_media":47253,"comment_status":"closed","ping_status":"closed","sticky":false,"template":"","format":"standard","meta":{"om_disable_all_campaigns":false,"_monsterinsights_skip_tracking":false,"_monsterinsights_sitenote_active":false,"_monsterinsights_sitenote_note":"","_monsterinsights_sitenote_category":0},"categories":[4],"tags":[],"aioseo_notices":[],"gutentor_comment":0,"rttpg_featured_image_url":{"full":["https:\/\/arantv.az\/wp-content\/uploads\/2019\/03\/741595.jpg",800,600,false],"landscape":["https:\/\/arantv.az\/wp-content\/uploads\/2019\/03\/741595.jpg",800,600,false],"portraits":["https:\/\/arantv.az\/wp-content\/uploads\/2019\/03\/741595.jpg",800,600,false],"thumbnail":["https:\/\/arantv.az\/wp-content\/uploads\/2019\/03\/741595-150x150.jpg",150,150,true],"medium":["https:\/\/arantv.az\/wp-content\/uploads\/2019\/03\/741595-300x225.jpg",300,225,true],"large":["https:\/\/arantv.az\/wp-content\/uploads\/2019\/03\/741595.jpg",640,480,false],"1536x1536":["https:\/\/arantv.az\/wp-content\/uploads\/2019\/03\/741595.jpg",800,600,false],"2048x2048":["https:\/\/arantv.az\/wp-content\/uploads\/2019\/03\/741595.jpg",800,600,false],"post-thumbnail":["https:\/\/arantv.az\/wp-content\/uploads\/2019\/03\/741595-240x172.jpg",240,172,true],"advps-thumb-one":["https:\/\/arantv.az\/wp-content\/uploads\/2019\/03\/741595.jpg",800,600,false]},"rttpg_author":{"display_name":"V\u00fcsal Rafiqo\u011flu","author_link":"https:\/\/arantv.az\/?author=2"},"rttpg_comment":0,"rttpg_category":"<a href=\"https:\/\/arantv.az\/?cat=4\" rel=\"category\">Siyas\u0259t<\/a>","rttpg_excerpt":"AB\u015e-\u0131n d\u00f6vl\u0259t katibi Mayk Pompeo Az\u0259rbaycan xalq\u0131n\u0131 Novruz bayram\u0131 m\u00fcnasib\u0259til\u0259 t\u0259brik edib. ARANTV.AZ\u00a0\u00a0Trend-\u0259 istinad\u0259n bildirir ki,\u00a0AB\u015e D\u00f6vl\u0259t Departamentinin r\u0259smi sayt\u0131nda yerl\u0259\u015fdiril\u0259n t\u0259brikd\u0259 deyilir: &#8220;\u0130ran xalq\u0131n\u0131 v\u0259 \u00f6z\u00fcnd\u0259 yaz\u0131n v\u0259 Yeni ilin g\u0259li\u015fini \u0259ks etdir\u0259n bu q\u0259dim \u0259n\u0259n\u0259ni qeyd ed\u0259nl\u0259r\u0259, h\u0259m\u00e7inin Az\u0259rbaycan, \u018ffqan\u0131stan, \u00c7in, G\u00fcrc\u00fcstan, Hindistan, \u0130raq, Qazax\u0131stan, Q\u0131r\u011f\u0131z\u0131stan, Pakistan, Rusiya, Suriya, Tacikistan, T\u00fcrkiy\u0259, T\u00fcrkm\u0259nistan, \u00d6zb\u0259kistan&hellip;","_links":{"self":[{"href":"https:\/\/arantv.az\/index.php?rest_route=\/wp\/v2\/posts\/47252"}],"collection":[{"href":"https:\/\/arantv.az\/index.php?rest_route=\/wp\/v2\/posts"}],"about":[{"href":"https:\/\/arantv.az\/index.php?rest_route=\/wp\/v2\/types\/post"}],"author":[{"embeddable":true,"href":"https:\/\/arantv.az\/index.php?rest_route=\/wp\/v2\/users\/2"}],"replies":[{"embeddable":true,"href":"https:\/\/arantv.az\/index.php?rest_route=%2Fwp%2Fv2%2Fcomments&post=47252"}],"version-history":[{"count":0,"href":"https:\/\/arantv.az\/index.php?rest_route=\/wp\/v2\/posts\/47252\/revisions"}],"wp:featuredmedia":[{"embeddable":true,"href":"https:\/\/arantv.az\/index.php?rest_route=\/wp\/v2\/media\/47253"}],"wp:attachment":[{"href":"https:\/\/arantv.az\/index.php?rest_route=%2Fwp%2Fv2%2Fmedia&parent=47252"}],"wp:term":[{"taxonomy":"category","embeddable":true,"href":"https:\/\/arantv.az\/index.php?rest_route=%2Fwp%2Fv2%2Fcategories&post=47252"},{"taxonomy":"post_tag","embeddable":true,"href":"https:\/\/arantv.az\/index.php?rest_route=%2Fwp%2Fv2%2Ftags&post=47252"}],"curies":[{"name":"wp","href":"https:\/\/api.w.org\/{rel}","templated":true}]}}