{"id":472521,"date":"2022-05-09T12:13:30","date_gmt":"2022-05-09T09:13:30","guid":{"rendered":"https:\/\/arantv.az\/?p=472521"},"modified":"2022-05-09T12:13:30","modified_gmt":"2022-05-09T09:13:30","slug":"boyuk-v%c9%99t%c9%99n-muharib%c9%99sinin-q%c9%99hr%c9%99mani-atdigim-m%c9%99rmi-generallarin-qarsisina-dusdu-amma-musahib%c9%99","status":"publish","type":"post","link":"https:\/\/arantv.az\/?p=472521","title":{"rendered":"B\u00f6y\u00fck V\u0259t\u0259n m\u00fcharib\u0259sinin q\u0259hr\u0259man\u0131: \u201cAtd\u0131\u011f\u0131m m\u0259rmi generallar\u0131n qar\u015f\u0131s\u0131na d\u00fc\u015fd\u00fc, amma&#8230;\u201d &#8211; M\u00dcSAH\u0130B\u018f"},"content":{"rendered":"<p>D\u00fcnya tarixinin \u0130kinci D\u00fcnya m\u00fcharib\u0259si\u2026 1939-cu ilin sentyabr\u0131nda ba\u015flayan bu sava\u015f\u00a0ke\u00e7mi\u015f Sovet\u00a0\u0130ttifaq\u0131n\u0131n t\u0259rkibind\u0259 olan respublikalar\u0131n, o c\u00fcml\u0259d\u0259n\u00a0Az\u0259rbaycan\u0131n tarixind\u0259n\u00a0B\u00f6y\u00fck V\u0259t\u0259n m\u00fcharib\u0259si kimi ke\u00e7ib.<\/p>\n<p><img src=\"https:\/\/cdn.oxu.az\/uploads\/W1siZiIsIjIwMjIvMDUvMDYvMTcvMzUvMjcvZWJkNTk0MTAtNjMyYy00YjYwLWFhNWMtZjA4OGQ4ZDk5ZDIzLzEuanBnIl0sWyJwIiwiZW5jb2RlIiwianBnIiwiLXF1YWxpdHkgODAiXSxbInAiLCJ0aHVtYiIsIjU5MHg1OTBcdTAwM2UiXV0?sha=3f8ac3d3acbcb312\" alt=\"\" \/><\/p>\n<div class=\"AdviadNativeVideo\"><\/div>\n<p>Xalq\u0131m\u0131z bu m\u00fcharib\u0259d\u0259 300 min n\u0259f\u0259rd\u0259n \u00e7ox itki verib. Bu m\u00fcharib\u0259d\u0259 ki\u015fil\u0259rl\u0259 yana\u015f\u0131, Az\u0259rbaycan qad\u0131nlar\u0131 da onlarla \u00e7iyin-\u00e7iyin\u0259 m\u00fcbariz\u0259 apar\u0131blar.<\/p>\n<p><img src=\"https:\/\/cdn.oxu.az\/uploads\/W1siZiIsIjIwMjIvMDUvMDYvMTcvMzUvMjgvOTIwMmZhMTEtMGY2My00MWQ0LThjODctODVlZTNiOGI1YzgyLzUuanBnIl0sWyJwIiwiZW5jb2RlIiwianBnIiwiLXF1YWxpdHkgODAiXSxbInAiLCJ0aHVtYiIsIjU5MHg1OTBcdTAwM2UiXV0?sha=8f474ca5c747badc\" alt=\"\" \/><\/p>\n<p>T\u0259\u0259ss\u00fcf ki, o tarixin canl\u0131 \u015fahidl\u0259rind\u0259n bu g\u00fcn \u00e7ox az adam h\u0259yatda qal\u0131b. H\u0259ms\u00f6hb\u0259timiz m\u0259hz o f\u0259dakarlardan biri &#8211; B\u00f6y\u00fck V\u0259t\u0259n m\u00fcharib\u0259sinin i\u015ftirak\u00e7\u0131s\u0131, 99 ya\u015fl\u0131 Ramazanov Nazim Ta\u011f\u0131 o\u011fludur.<\/p>\n<p><img src=\"https:\/\/cdn.oxu.az\/uploads\/W1siZiIsIjIwMjIvMDUvMDYvMTcvMzUvMjgvMmQ3YjE2ZTQtNDAyOC00MmRjLThlNTYtYjlhMjgxYTBmN2VjLzYuanBnIl0sWyJwIiwiZW5jb2RlIiwianBnIiwiLXF1YWxpdHkgODAiXSxbInAiLCJ0aHVtYiIsIjU5MHg1OTBcdTAwM2UiXV0?sha=a72d6790e37ca2fd\" alt=\"\" \/><\/p>\n<p><img src=\"https:\/\/cdn.oxu.az\/uploads\/W1siZiIsIjIwMjIvMDUvMDYvMTcvMzUvMjgvNWU1NDc3ODItNDAxNS00NTcxLThkNzgtZDY0OWJkZGYzYjVlLzcuanBnIl0sWyJwIiwiZW5jb2RlIiwianBnIiwiLXF1YWxpdHkgODAiXSxbInAiLCJ0aHVtYiIsIjU5MHg1OTBcdTAwM2UiXV0?sha=9dfbec68a346054c\" alt=\"\" \/><\/p>\n<p>Nazim Ramazanov 1923-c\u00fc il aprelin 1-d\u0259 d\u00fcnyaya g\u0259lib. \u00d6z\u00fcn\u00fcn d\u0259 dediyi kimi, G\u00fcl\u00fc\u015f G\u00fcn\u00fcnd\u0259 d\u00fcnyaya g\u0259lm\u0259si xasiyy\u0259tin\u0259 d\u0259 t\u0259sir edib. Ya\u015f\u0131 \u00e7ox olsa da, ruhu h\u0259l\u0259 d\u0259 cavan qalan Nazim day\u0131 Stalinqrad, Krasnodar, Pribaltika, Pol\u015fa, \u00c7exoslovakiya istiqam\u0259tl\u0259rind\u0259 ged\u0259n d\u00f6y\u00fc\u015fl\u0259rd\u0259 i\u015ftirak edib.<\/p>\n<p><img src=\"https:\/\/cdn.oxu.az\/uploads\/W1siZiIsIjIwMjIvMDUvMDYvMTcvMzUvMjgvNzQwNmM0YmUtY2U1MS00MzZhLWIxNDMtOWZiNmIyNDA2YWRhLzguanBnIl0sWyJwIiwiZW5jb2RlIiwianBnIiwiLXF1YWxpdHkgODAiXSxbInAiLCJ0aHVtYiIsIjU5MHg1OTBcdTAwM2UiXV0?sha=3d9a9d6b6951d30d\" alt=\"\" \/><\/p>\n<p>F\u0259al d\u00f6y\u00fc\u015f\u00e7\u00fc oldu\u011fu \u00fc\u00e7\u00fcn m\u00fcharib\u0259 vaxt\u0131 \u0259sg\u0259rl\u0259rd\u0259n yegan\u0259 Nazim Ramazanovu yeddi n\u0259f\u0259rlik zabit hey\u0259ti il\u0259 d\u00f6y\u00fc\u015f b\u00f6lg\u0259sin\u0259 g\u00f6nd\u0259ribl\u0259r:<\/p>\n<p>\u201c1942-ci ild\u0259 bizi se\u00e7im m\u0259rh\u0259l\u0259sind\u0259n ke\u00e7irib g\u00f6nd\u0259rdil\u0259r Terek \u00e7ay\u0131 t\u0259r\u0259f\u0259. Oraya \u00e7atanda gec\u0259 oldu\u011fundan yatmaq \u0259mri verildi. Gec\u0259 biz oldu\u011fumuz yer\u0259 m\u00fclki v\u0259 h\u0259rbi geyimd\u0259 iki n\u0259f\u0259r yax\u0131nla\u015fd\u0131. M\u0259lumat verdil\u0259r ki, komandirl\u0259r\u0259 qulaq as\u0131n, s\u0259h\u0259r birm\u0259nal\u0131 ir\u0259li ged\u0259c\u0259yik. Geri \u00e7\u0259kilm\u0259k olmaz.<\/p>\n<p><img src=\"https:\/\/cdn.oxu.az\/uploads\/W1siZiIsIjIwMjIvMDUvMDYvMTcvMzUvNDEvMDljYjgxYzMtOThlNi00OTYyLWE4ZjgtNDRhNGY1NWZmNGJmLzE4LmpwZyJdLFsicCIsImVuY29kZSIsImpwZyIsIi1xdWFsaXR5IDgwIl0sWyJwIiwidGh1bWIiLCI1OTB4NTkwXHUwMDNlIl1d?sha=b9e337672e2b5d42\" alt=\"\" \/><\/p>\n<p>S\u0259h\u0259ri Terek \u00e7ay\u0131n\u0131n k\u0259nar\u0131nda a\u00e7a bilm\u0259dik, 40 d\u0259qiq\u0259 sonra h\u0259y\u0259can siqnal\u0131 g\u0259ldi ki, \u0259razi toplarla at\u0259\u015f\u0259 tutulur. Biz d\u0259 cavab at\u0259\u015fi a\u00e7ma\u011fa ba\u015flad\u0131q. Gec\u0259 saat 2-d\u0259 at\u0131\u015fmadan sonra h\u00fccum \u0259mri g\u0259ldi. H\u00fccuma ke\u00e7ib bir ne\u00e7\u0259 \u0259razini g\u00f6t\u00fcrd\u00fck. \u0130r\u0259li getdikc\u0259 g\u00f6rd\u00fck ki, bir \u00e7ox m\u00f6vqel\u0259rd\u0259 silahl\u0131lar yoxdur. S\u0259h\u0259r saat 6 rad\u0259l\u0259rind\u0259 iki \u0259razini m\u00fcbariz\u0259siz geri ald\u0131q\u201d.<\/p>\n<p><img src=\"https:\/\/cdn.oxu.az\/uploads\/W1siZiIsIjIwMjIvMDUvMDYvMTcvMzUvMjcvMzIzOTQ3MmItZjE4OS00M2U0LTljNmQtMjUyZmQ5YTJhNTU5LzIuanBnIl0sWyJwIiwiZW5jb2RlIiwianBnIiwiLXF1YWxpdHkgODAiXSxbInAiLCJ0aHVtYiIsIjU5MHg1OTBcdTAwM2UiXV0?sha=680bef2ebf00c3db\" alt=\"\" \/><\/p>\n<p>Leninqraddan (indiki Sankt-Peterburq &#8211; red.) olan komandirin hey\u0259tind\u0259 olan Nazim b\u0259y deyir ki, x\u0259nd\u0259kl\u0259r qazaraq gizl\u0259nirl\u0259r:<\/p>\n<p><img src=\"https:\/\/cdn.oxu.az\/uploads\/W1siZiIsIjIwMjIvMDUvMDYvMTcvMzUvMjcvZTY0YThmOGQtM2ZjYS00NGMzLTgyMTItOThkZmJkNGRiNzQ2LzMuanBnIl0sWyJwIiwiZW5jb2RlIiwianBnIiwiLXF1YWxpdHkgODAiXSxbInAiLCJ0aHVtYiIsIjU5MHg1OTBcdTAwM2UiXV0?sha=1d2dbe1226badc91\" alt=\"\" \/><\/p>\n<p>\u201cRusiya Federasiyas\u0131nda yerl\u0259\u015f\u0259n, Stavropolun inzibati \u0259razisin\u0259 daxil olan Minvoda (Mineraln\u0131ye Vod\u0131) q\u0259d\u0259r ir\u0259lil\u0259dik. Buraya \u00e7atanda bizi 28 n\u0259f\u0259rlik hey\u0259tl\u0259r\u0259 b\u00f6ld\u00fcl\u0259r. Ma\u015f\u0131nlara minib Kislovodsk\u00a0istiqam\u0259tind\u0259 kurort \u0259razisin\u0259 getdik. Bizim s\u0259n\u0259dl\u0259rimizi yoxlad\u0131lar.\u00a0Biz oraya ged\u0259n\u0259 q\u0259d\u0259r almanlar\u0131 t\u0259yyar\u0259 il\u0259\u00a0\u0259razid\u0259n g\u00f6t\u00fcrm\u00fc\u015fd\u00fcl\u0259r. D\u00f6y\u00fc\u015f tap\u015f\u0131r\u0131\u011f\u0131, dem\u0259k olar ki, yerin\u0259 yetirilmi\u015f hesab olunmu\u015fdu. Biz\u0259 t\u0259klif etdil\u0259r ki, ist\u0259s\u0259niz, istirah\u0259t ed\u0259 bil\u0259rsiz, ist\u0259mirsinizs\u0259, Minvoda qay\u0131d\u0131n. Yen\u0259 ma\u015f\u0131nlara mindik v\u0259 qay\u0131td\u0131q\u201d.<\/p>\n<p><img src=\"https:\/\/cdn.oxu.az\/uploads\/W1siZiIsIjIwMjIvMDUvMDYvMTcvMzUvMzUvYjU2MTJmZjctOTFlYi00MTM0LWExNjEtMzE1NDVjMzRmNjk3LzkuanBnIl0sWyJwIiwiZW5jb2RlIiwianBnIiwiLXF1YWxpdHkgODAiXSxbInAiLCJ0aHVtYiIsIjU5MHg1OTBcdTAwM2UiXV0?sha=23beac6e9b88a4bd\" alt=\"\" \/><\/p>\n<p><strong><em>600 mind\u0259n \u00e7ox az\u0259rbaycanl\u0131 d\u00f6y\u00fc\u015fl\u0259r\u0259 yollan\u0131b, 300 mind\u0259n \u00e7ox h\u0259mv\u0259t\u0259nimiz bu yolda can\u0131ndan ke\u00e7ib.<\/em><\/strong><\/p>\n<p>S\u0259h\u0259rl\u0259r istirah\u0259t edib, gec\u0259l\u0259r h\u00fccuma ke\u00e7dikl\u0259rini dey\u0259n 99 ya\u015fl\u0131 Nazim day\u0131\u00a0daha sonra istehkam\u00e7\u0131 t\u0259liml\u0259rin\u0259 c\u0259lb edilib:<\/p>\n<p><img src=\"https:\/\/cdn.oxu.az\/uploads\/W1siZiIsIjIwMjIvMDUvMDYvMTcvMzUvMzUvYTk0NTI2MGEtOWE4NS00Zjk2LWIwYTYtZWU2ZTc2M2IwNWE5LzEwLmpwZyJdLFsicCIsImVuY29kZSIsImpwZyIsIi1xdWFsaXR5IDgwIl0sWyJwIiwidGh1bWIiLCI1OTB4NTkwXHUwMDNlIl1d?sha=fbc3043217e459bf\" alt=\"\" \/><\/p>\n<p>\u201cKrasnodar vilay\u0259tin\u0259 getdiyimizd\u0259 m\u0259ni minat\u0259mizl\u0259m\u0259 t\u0259liml\u0259rin\u0259 yazd\u0131lar. H\u0259min \u0259r\u0259f\u0259l\u0259rd\u0259 texnika \u00e7ox m\u0259hdud sayda idi. T\u0259liml\u0259ri u\u011furla ba\u015fa vurdum. Krasnodarda bizim bank\u0131m\u0131z olub. Bank\u0131 gizl\u0259tm\u0259k \u00fc\u00e7\u00fcn \u00fc\u00e7m\u0259rt\u0259b\u0259li ev tikilib. Evin ikinci m\u0259rt\u0259b\u0259sind\u0259ki m\u0259nzill\u0259rin birind\u0259n \u00fc\u00e7\u00fcnc\u00fc m\u0259rt\u0259b\u0259y\u0259 yol a\u00e7\u0131l\u0131rd\u0131. He\u00e7 kim bank\u0131n yerini d\u0259qiq tapmas\u0131n dey\u0259 bel\u0259 edibl\u0259r. Orada s\u0259lahiyy\u0259tli \u015f\u0259xs 500 rubldan ibar\u0259t bir ba\u011flaman\u0131 verdi ki, 28 n\u0259f\u0259r aras\u0131nda b\u00f6l\u00fcn. Pullar\u0131n bir qismi is\u0259 yanm\u0131\u015fd\u0131. Komandir biz\u0259 dedi ki, niy\u0259 ham\u0131s\u0131n\u0131 g\u00f6t\u00fcrm\u0259diniz? Biz ehtiyac olmad\u0131\u011f\u0131n\u0131 dedik\u201d.<\/p>\n<p><img src=\"https:\/\/cdn.oxu.az\/uploads\/W1siZiIsIjIwMjIvMDUvMDYvMTcvMzUvMzUvZTRjYTMyM2MtYTBmYy00ZDVlLWEzNzQtOWJlZDZkNDI4NzY3LzEzLmpwZyJdLFsicCIsImVuY29kZSIsImpwZyIsIi1xdWFsaXR5IDgwIl0sWyJwIiwidGh1bWIiLCI1OTB4NTkwXHUwMDNlIl1d?sha=1c338a0889a05b8c\" alt=\"\" \/><\/p>\n<p>D\u0259st\u0259l\u0259r\u0259 b\u00f6l\u00fcn\u0259n silah yolda\u015flar\u0131 il\u0259 f\u0259rqli istiqam\u0259tl\u0259rd\u0259 d\u00f6y\u00fc\u015fd\u00fckl\u0259rini dey\u0259n Nazim day\u0131 o vaxt komandir m\u00fcavini olub.<\/p>\n<p>Dan\u0131\u015fd\u0131qca b\u0259zi \u015feyl\u0259r yad\u0131ndan \u00e7\u0131x\u0131r, bir q\u0259d\u0259r d\u00fc\u015f\u00fcn\u00fcr Nazim day\u0131.<\/p>\n<p><img src=\"https:\/\/cdn.oxu.az\/uploads\/W1siZiIsIjIwMjIvMDUvMDYvMTcvMzUvMzUvMTUxYzkzMzItMDcxMy00MmRjLThlM2YtNTM3ZDQ3MWQ3M2ZmLzEyLmpwZyJdLFsicCIsImVuY29kZSIsImpwZyIsIi1xdWFsaXR5IDgwIl0sWyJwIiwidGh1bWIiLCI1OTB4NTkwXHUwMDNlIl1d?sha=1ac541e18965ddc8\" alt=\"\" \/><\/p>\n<p><strong><em>\u201cY\u00fcz\u00fcn astanas\u0131na \u00e7atm\u0131\u015fam, amma tamam ed\u0259r\u0259m, ya yox, Allah bilir\u201d .<\/em><\/strong><\/p>\n<p>S\u0259rrast at\u0131\u015flar\u0131na g\u00f6r\u0259 ona bir \u00e7ox medal v\u0259 t\u0259ltifl\u0259r verilib:<\/p>\n<p><img src=\"https:\/\/cdn.oxu.az\/uploads\/W1siZiIsIjIwMjIvMDUvMDYvMTcvMzUvMzYvODg2YTg1ZDItODFlMC00N2FmLTkyYjctMTYzMzRmZDJhNDk4LzE0LmpwZyJdLFsicCIsImVuY29kZSIsImpwZyIsIi1xdWFsaXR5IDgwIl0sWyJwIiwidGh1bWIiLCI1OTB4NTkwXHUwMDNlIl1d?sha=5d3edd8787294c5e\" alt=\"\" \/><\/p>\n<p>\u201cKomandirim soru\u015fdu ki, bu medal s\u0259nd\u0259 haradand\u0131r?\u00a0M\u0259n d\u0259 ona bunun t\u0259lim kurslar\u0131n\u0131 ke\u00e7diyimi dedim. Morze \u0259lifbas\u0131n\u0131 bildiyim \u00fc\u00e7\u00fcn d\u00f6y\u00fc\u015f zaman\u0131 bir ne\u00e7\u0259 d\u0259f\u0259 t\u0259hl\u00fck\u0259li m\u0259qam\u0131n qar\u015f\u0131s\u0131n\u0131 alm\u0131\u015fd\u0131m. Buna g\u00f6r\u0259 xidm\u0259tl\u0259rim m\u00fcqabilind\u0259 m\u0259ni medalla m\u00fckafatland\u0131rm\u0131\u015fd\u0131lar. D\u00f6y\u00fc\u015fl\u0259r bit\u0259n\u0259 yax\u0131n t\u0259liml\u0259r ke\u00e7irdil\u0259r. T\u0259limd\u0259n sonra is\u0259 \u00fc\u00e7 saat h\u0259r k\u0259s\u0259 istirah\u0259t verirdil\u0259r. M\u0259n istirah\u0259t etm\u0259dim, dedim, gedim minaatan t\u0259liml\u0259rin\u0259. He\u00e7 vaxt atmam\u0131\u015fd\u0131m\u201d.<\/p>\n<p><img src=\"https:\/\/cdn.oxu.az\/uploads\/W1siZiIsIjIwMjIvMDUvMDYvMTcvMzUvMzYvNmJiYzQwYmItNDdiZC00MmY0LWEyMWYtMTkyNzEzMTg5MzhmLzE1LmpwZyJdLFsicCIsImVuY29kZSIsImpwZyIsIi1xdWFsaXR5IDgwIl0sWyJwIiwidGh1bWIiLCI1OTB4NTkwXHUwMDNlIl1d?sha=e7809d583c69e403\" alt=\"\" \/><\/p>\n<p>\u201c<strong>Atd\u0131\u011f\u0131m minaatan m\u0259rmisi komandir, generallarla m\u0259nim arama d\u00fc\u015fd\u00fc, Allahdan, partlamad\u0131<\/strong>\u201d<strong>.<\/strong><\/p>\n<p>Bir d\u0259qiq\u0259 i\u00e7\u0259risind\u0259 h\u0259r k\u0259s\u0259 d\u0259h\u015f\u0259t ya\u015fadan Nazim day\u0131 deyir ki, o g\u00fcn onu v\u0259 hey\u0259ti Allah qoruyub:<\/p>\n<p><img src=\"https:\/\/cdn.oxu.az\/uploads\/W1siZiIsIjIwMjIvMDUvMDYvMTcvMzUvMzUvZTRjYTMyM2MtYTBmYy00ZDVlLWEzNzQtOWJlZDZkNDI4NzY3LzEzLmpwZyJdLFsicCIsImVuY29kZSIsImpwZyIsIi1xdWFsaXR5IDgwIl0sWyJwIiwidGh1bWIiLCI1OTB4NTkwXHUwMDNlIl1d?sha=1c338a0889a05b8c\" alt=\"\" \/><\/p>\n<p>\u201cT\u0259lim\u0259 g\u0259lib dedim ki, m\u0259n d\u0259 minaatanla at\u0259\u015f a\u00e7maq ist\u0259yir\u0259m. Koordinatlar\u0131 d\u00fczg\u00fcn qoymad\u0131\u011f\u0131m \u00fc\u00e7\u00fcn atd\u0131\u011f\u0131m m\u0259rmi g\u00f6y\u0259 qalx\u0131b geri qay\u0131td\u0131. General\u0131n k\u00f6m\u0259k\u00e7isi bunu g\u00f6rd\u00fc v\u0259 c\u0259ld h\u0259r k\u0259s\u0259 yer\u0259 uzanmalar\u0131n\u0131 dedi. M\u0259rmi d\u00fcz generallar\u0131n qar\u015f\u0131s\u0131ndak\u0131 pal\u00e7\u0131\u011fa d\u00fc\u015fd\u00fc. Ham\u0131m\u0131z da g\u00f6z\u00fcm\u00fcz\u00fc yumduq ki, y\u0259qin, \u00f6ld\u00fck. Amma m\u0259rmi partlamad\u0131, Allah bizi saxlad\u0131. General, komandirim soru\u015fdular ki, bunu kim atd\u0131? Ham\u0131 m\u0259ni g\u00f6st\u0259rib dedi ki, \u201cK\u0259\u015ffiyyat\u00e7\u0131 Nazim\u201d. M\u00fcnasib dil il\u0259 des\u0259k, qorxudan m\u0259n\u0259 itin s\u00f6z\u00fcn\u00fc dedil\u0259r (g\u00fcl\u00fcr). Amma sonra bar\u0131\u015fd\u0131q. Dedil\u0259r, get, istirah\u0259t el\u0259, n\u00f6vb\u0259ti d\u0259f\u0259 koordinat m\u0259s\u0259l\u0259sind\u0259 ehtiyatl\u0131 ol.<\/p>\n<p><img src=\"https:\/\/cdn.oxu.az\/uploads\/W1siZiIsIjIwMjIvMDUvMDYvMTcvMzUvNDEvN2Y0NWFmNTItNzI1NS00Mjc0LTllMjYtZjE5ZjJiNmMyZmFhLzE3LmpwZyJdLFsicCIsImVuY29kZSIsImpwZyIsIi1xdWFsaXR5IDgwIl0sWyJwIiwidGh1bWIiLCI1OTB4NTkwXHUwMDNlIl1d?sha=051e87b0d69f25e9\" alt=\"\" \/><\/p>\n<p>Biz\u0259 deyirdil\u0259r ki, alman h\u0259rb\u00e7isi g\u00f6rd\u00fcn\u00fczs\u0259, geri add\u0131m atmay\u0131n, vurun. M\u0259n d\u0259 qar\u015f\u0131ma \u00e7\u0131xan\u0131 vurub, silah\u0131n\u0131 g\u00f6t\u00fcr\u00fcrd\u00fcm. Komandirim deyirdi ki, m\u0259rd o\u011flansan. Bir d\u0259f\u0259 alman \u0259sg\u0259rinin birini m\u0259n vurdum, bir d\u0259 \u00e7a\u015f\u0131b \u00f6z hey\u0259tl\u0259ri vurmu\u015fdu.<\/p>\n<p>M\u00fcharib\u0259d\u0259n geriy\u0259 qalan xatir\u0259l\u0259r \u00e7ox a\u011f\u0131rd\u0131r. Yolda\u015flar\u0131m\u0131z\u0131 itirdik, amma bu g\u00fcn q\u0259l\u0259b\u0259nin art\u0131q 77-ci ild\u00f6n\u00fcm\u00fcd\u00fcr. Buna g\u00f6r\u0259 q\u00fcrurluyam\u201d.<\/p>\n<p><img src=\"https:\/\/cdn.oxu.az\/uploads\/W1siZiIsIjIwMjIvMDUvMDYvMTcvMzUvNDIvY2QxNzJmZjktMDBjMS00NDYwLTk3MmQtN2RhOGFiYjYyMmEwLzE5LmpwZyJdLFsicCIsImVuY29kZSIsImpwZyIsIi1xdWFsaXR5IDgwIl0sWyJwIiwidGh1bWIiLCI1OTB4NTkwXHUwMDNlIl1d?sha=05ef417fe3c2916c\" alt=\"\" \/><\/p>\n<p>Nazim day\u0131 deyir ki, i\u015f\u011faldan azad edil\u0259n Qaraba\u011fa getm\u0259k ist\u0259s\u0259 d\u0259, s\u0259hh\u0259ti buna imkan vermir:<\/p>\n<p>\u201cBu g\u00fcn Az\u0259rbaycan\u0131n \u00e7ox g\u00fccl\u00fc ordusu var. M\u0259rd o\u011fullar\u0131m\u0131z torpaqlar\u0131m\u0131z\u0131 i\u015f\u011faldan azad etdil\u0259r. M\u0259n o vaxt ulu \u00f6nd\u0259r Heyd\u0259r \u018fliyevl\u0259 yeddi\u00a0d\u0259f\u0259 g\u00f6r\u00fc\u015fm\u00fc\u015fd\u00fcm. O h\u0259r zaman deyirdi ki, siz\u00a0he\u00e7 vaxt unudulmazs\u0131n\u0131z. H\u0259qiq\u0259t\u0259n d\u0259, bu g\u00fcn d\u00f6vl\u0259t bizi h\u0259r zaman yad edir, unutmur. Bu bizim \u00fc\u00e7\u00fcn \u0259n b\u00f6y\u00fck qay\u011f\u0131d\u0131r\u201d.<\/p>\n<p><img src=\"https:\/\/cdn.oxu.az\/uploads\/W1siZiIsIjIwMjIvMDUvMDYvMTcvMzUvMzYvOTMyOTBlMmQtZTAwZi00NTBlLWI4MjYtZGJkMmQ2YTJkNzkyLzE2LmpwZyJdLFsicCIsImVuY29kZSIsImpwZyIsIi1xdWFsaXR5IDgwIl0sWyJwIiwidGh1bWIiLCI1OTB4NTkwXHUwMDNlIl1d?sha=127d0077577cd43a\" alt=\"\" \/><\/p>\n<p><img src=\"https:\/\/cdn.oxu.az\/uploads\/W1siZiIsIjIwMjIvMDUvMDYvMTcvMzUvMzUvNjUyYjg5YTctZmM1ZS00ZTY0LTgxYjctNTU1NzVmYjI3MjdhLzExLmpwZyJdLFsicCIsImVuY29kZSIsImpwZyIsIi1xdWFsaXR5IDgwIl0sWyJwIiwidGh1bWIiLCI1OTB4NTkwXHUwMDNlIl1d?sha=d17be66ef0e8e6f1\" alt=\"\" \/><\/p>\n","protected":false},"excerpt":{"rendered":"<p>D\u00fcnya tarixinin \u0130kinci D\u00fcnya m\u00fcharib\u0259si\u2026 1939-cu ilin sentyabr\u0131nda ba\u015flayan bu sava\u015f\u00a0ke\u00e7mi\u015f Sovet\u00a0\u0130ttifaq\u0131n\u0131n t\u0259rkibind\u0259 olan respublikalar\u0131n, o c\u00fcml\u0259d\u0259n\u00a0Az\u0259rbaycan\u0131n tarixind\u0259n\u00a0B\u00f6y\u00fck V\u0259t\u0259n m\u00fcharib\u0259si kimi ke\u00e7ib. Xalq\u0131m\u0131z bu m\u00fcharib\u0259d\u0259 300 min n\u0259f\u0259rd\u0259n \u00e7ox itki verib. Bu m\u00fcharib\u0259d\u0259 ki\u015fil\u0259rl\u0259 yana\u015f\u0131, Az\u0259rbaycan qad\u0131nlar\u0131 da onlarla \u00e7iyin-\u00e7iyin\u0259 m\u00fcbariz\u0259 apar\u0131blar. T\u0259\u0259ss\u00fcf ki, o tarixin canl\u0131 \u015fahidl\u0259rind\u0259n bu g\u00fcn \u00e7ox az adam h\u0259yatda qal\u0131b. H\u0259ms\u00f6hb\u0259timiz m\u0259hz o f\u0259dakarlardan biri &#8211; B\u00f6y\u00fck V\u0259t\u0259n m\u00fcharib\u0259sinin i\u015ftirak\u00e7\u0131s\u0131, 99 ya\u015fl\u0131 Ramazanov Nazim Ta\u011f\u0131 o\u011fludur. Nazim Ramazanov 1923-c\u00fc il aprelin 1-d\u0259 d\u00fcnyaya g\u0259lib. \u00d6z\u00fcn\u00fcn d\u0259 dediyi kimi, G\u00fcl\u00fc\u015f G\u00fcn\u00fcnd\u0259 d\u00fcnyaya g\u0259lm\u0259si xasiyy\u0259tin\u0259 d\u0259 t\u0259sir&hellip;<\/p>\n","protected":false},"author":2,"featured_media":472522,"comment_status":"closed","ping_status":"closed","sticky":false,"template":"","format":"standard","meta":{"om_disable_all_campaigns":false,"_monsterinsights_skip_tracking":false,"_monsterinsights_sitenote_active":false,"_monsterinsights_sitenote_note":"","_monsterinsights_sitenote_category":0},"categories":[1],"tags":[],"aioseo_notices":[],"gutentor_comment":0,"rttpg_featured_image_url":{"full":["https:\/\/arantv.az\/wp-content\/uploads\/2022\/05\/12.jpg",620,413,false],"landscape":["https:\/\/arantv.az\/wp-content\/uploads\/2022\/05\/12.jpg",620,413,false],"portraits":["https:\/\/arantv.az\/wp-content\/uploads\/2022\/05\/12.jpg",620,413,false],"thumbnail":["https:\/\/arantv.az\/wp-content\/uploads\/2022\/05\/12-500x280.jpg",500,280,true],"medium":["https:\/\/arantv.az\/wp-content\/uploads\/2022\/05\/12-548x365.jpg",548,365,true],"large":["https:\/\/arantv.az\/wp-content\/uploads\/2022\/05\/12.jpg",620,413,false],"1536x1536":["https:\/\/arantv.az\/wp-content\/uploads\/2022\/05\/12.jpg",620,413,false],"2048x2048":["https:\/\/arantv.az\/wp-content\/uploads\/2022\/05\/12.jpg",620,413,false],"post-thumbnail":["https:\/\/arantv.az\/wp-content\/uploads\/2022\/05\/12-240x172.jpg",240,172,true],"advps-thumb-one":["https:\/\/arantv.az\/wp-content\/uploads\/2022\/05\/12.jpg",620,413,false]},"rttpg_author":{"display_name":"V\u00fcsal Rafiqo\u011flu","author_link":"https:\/\/arantv.az\/?author=2"},"rttpg_comment":0,"rttpg_category":"<a href=\"https:\/\/arantv.az\/?cat=1\" rel=\"category\">C\u0259miyy\u0259t<\/a>","rttpg_excerpt":"D\u00fcnya tarixinin \u0130kinci D\u00fcnya m\u00fcharib\u0259si\u2026 1939-cu ilin sentyabr\u0131nda ba\u015flayan bu sava\u015f\u00a0ke\u00e7mi\u015f Sovet\u00a0\u0130ttifaq\u0131n\u0131n t\u0259rkibind\u0259 olan respublikalar\u0131n, o c\u00fcml\u0259d\u0259n\u00a0Az\u0259rbaycan\u0131n tarixind\u0259n\u00a0B\u00f6y\u00fck V\u0259t\u0259n m\u00fcharib\u0259si kimi ke\u00e7ib. Xalq\u0131m\u0131z bu m\u00fcharib\u0259d\u0259 300 min n\u0259f\u0259rd\u0259n \u00e7ox itki verib. Bu m\u00fcharib\u0259d\u0259 ki\u015fil\u0259rl\u0259 yana\u015f\u0131, Az\u0259rbaycan qad\u0131nlar\u0131 da onlarla \u00e7iyin-\u00e7iyin\u0259 m\u00fcbariz\u0259 apar\u0131blar. T\u0259\u0259ss\u00fcf ki, o tarixin canl\u0131 \u015fahidl\u0259rind\u0259n bu g\u00fcn \u00e7ox az adam h\u0259yatda qal\u0131b.&hellip;","_links":{"self":[{"href":"https:\/\/arantv.az\/index.php?rest_route=\/wp\/v2\/posts\/472521"}],"collection":[{"href":"https:\/\/arantv.az\/index.php?rest_route=\/wp\/v2\/posts"}],"about":[{"href":"https:\/\/arantv.az\/index.php?rest_route=\/wp\/v2\/types\/post"}],"author":[{"embeddable":true,"href":"https:\/\/arantv.az\/index.php?rest_route=\/wp\/v2\/users\/2"}],"replies":[{"embeddable":true,"href":"https:\/\/arantv.az\/index.php?rest_route=%2Fwp%2Fv2%2Fcomments&post=472521"}],"version-history":[{"count":0,"href":"https:\/\/arantv.az\/index.php?rest_route=\/wp\/v2\/posts\/472521\/revisions"}],"wp:featuredmedia":[{"embeddable":true,"href":"https:\/\/arantv.az\/index.php?rest_route=\/wp\/v2\/media\/472522"}],"wp:attachment":[{"href":"https:\/\/arantv.az\/index.php?rest_route=%2Fwp%2Fv2%2Fmedia&parent=472521"}],"wp:term":[{"taxonomy":"category","embeddable":true,"href":"https:\/\/arantv.az\/index.php?rest_route=%2Fwp%2Fv2%2Fcategories&post=472521"},{"taxonomy":"post_tag","embeddable":true,"href":"https:\/\/arantv.az\/index.php?rest_route=%2Fwp%2Fv2%2Ftags&post=472521"}],"curies":[{"name":"wp","href":"https:\/\/api.w.org\/{rel}","templated":true}]}}