{"id":472527,"date":"2022-05-09T12:22:34","date_gmt":"2022-05-09T09:22:34","guid":{"rendered":"https:\/\/arantv.az\/?p=472527"},"modified":"2022-05-09T12:22:34","modified_gmt":"2022-05-09T09:22:34","slug":"mehriban-%c9%99liyevadan-fasizm-uz%c9%99rind%c9%99-q%c9%99l%c9%99b%c9%99nin-77-ci-ildonumu-il%c9%99-bagli-paylasim-foto","status":"publish","type":"post","link":"https:\/\/arantv.az\/?p=472527","title":{"rendered":"Mehriban \u018fliyevadan fa\u015fizm \u00fcz\u0259rind\u0259 Q\u0259l\u0259b\u0259nin 77-ci ild\u00f6n\u00fcm\u00fc il\u0259 ba\u011fl\u0131 payla\u015f\u0131m &#8211; FOTO"},"content":{"rendered":"<p>Birinci vitse-prezident Mehriban \u018fliyeva 9 May &#8211; fa\u015fizm \u00fcz\u0259rind\u0259 Q\u0259l\u0259b\u0259nin 77-ci ild\u00f6n\u00fcm\u00fc il\u0259 ba\u011fl\u0131 payla\u015f\u0131m edib.<\/p>\n<div class=\"AdviadNativeVideo\"><\/div>\n<p>O, fikirl\u0259rini \u201cInstagram\u201d hesab\u0131nda b\u00f6l\u00fc\u015f\u00fcb:<\/p>\n<p>\u201c\u018fziz veteranlar! Fa\u015fizm \u00fcz\u0259rind\u0259 Q\u0259l\u0259b\u0259nin 77-ci ild\u00f6n\u00fcm\u00fc m\u00fcnasib\u0259til\u0259 sizi t\u0259brik edir\u0259m! H\u0259r biriniz\u0259 m\u00f6hk\u0259m cansa\u011fl\u0131\u011f\u0131, V\u0259t\u0259nimiz\u0259 &#8211; s\u00fclh v\u0259 \u0259min-amanl\u0131q arzulay\u0131ram!\u201d<\/p>\n<div><iframe id=\"instagram-embed-0\" class=\"instagram-media instagram-media-rendered\" src=\"https:\/\/www.instagram.com\/p\/CdVO3Hlq98y\/embed\/captioned\/?cr=1&amp;v=14&amp;wp=540&amp;rd=https%3A%2F%2Foxu.az&amp;rp=%2Fpolitics%2F601018#%7B%22ci%22%3A0%2C%22os%22%3A1095.7000000178814%2C%22ls%22%3A369.5%2C%22le%22%3A1092.7000000178814%7D\" height=\"871\" frameborder=\"0\" scrolling=\"no\" allowfullscreen=\"allowfullscreen\" data-instgrm-payload-id=\"instagram-media-payload-0\" data-mce-fragment=\"1\"><\/iframe><\/div>\n<p>&nbsp;<\/p>\n","protected":false},"excerpt":{"rendered":"<p>Birinci vitse-prezident Mehriban \u018fliyeva 9 May &#8211; fa\u015fizm \u00fcz\u0259rind\u0259 Q\u0259l\u0259b\u0259nin 77-ci ild\u00f6n\u00fcm\u00fc il\u0259 ba\u011fl\u0131 payla\u015f\u0131m edib. O, fikirl\u0259rini \u201cInstagram\u201d hesab\u0131nda b\u00f6l\u00fc\u015f\u00fcb: \u201c\u018fziz veteranlar! Fa\u015fizm \u00fcz\u0259rind\u0259 Q\u0259l\u0259b\u0259nin 77-ci ild\u00f6n\u00fcm\u00fc m\u00fcnasib\u0259til\u0259 sizi t\u0259brik edir\u0259m! H\u0259r biriniz\u0259 m\u00f6hk\u0259m cansa\u011fl\u0131\u011f\u0131, V\u0259t\u0259nimiz\u0259 &#8211; s\u00fclh v\u0259 \u0259min-amanl\u0131q arzulay\u0131ram!\u201d &nbsp;<\/p>\n","protected":false},"author":2,"featured_media":441088,"comment_status":"closed","ping_status":"closed","sticky":false,"template":"","format":"standard","meta":{"om_disable_all_campaigns":false,"_monsterinsights_skip_tracking":false,"_monsterinsights_sitenote_active":false,"_monsterinsights_sitenote_note":"","_monsterinsights_sitenote_category":0},"categories":[1],"tags":[],"aioseo_notices":[],"gutentor_comment":0,"rttpg_featured_image_url":{"full":["https:\/\/arantv.az\/wp-content\/uploads\/2022\/02\/mehriban_31645257810.jpg",650,360,false],"landscape":["https:\/\/arantv.az\/wp-content\/uploads\/2022\/02\/mehriban_31645257810.jpg",650,360,false],"portraits":["https:\/\/arantv.az\/wp-content\/uploads\/2022\/02\/mehriban_31645257810.jpg",650,360,false],"thumbnail":["https:\/\/arantv.az\/wp-content\/uploads\/2022\/02\/mehriban_31645257810-500x280.jpg",500,280,true],"medium":["https:\/\/arantv.az\/wp-content\/uploads\/2022\/02\/mehriban_31645257810.jpg",650,360,false],"large":["https:\/\/arantv.az\/wp-content\/uploads\/2022\/02\/mehriban_31645257810.jpg",640,354,false],"1536x1536":["https:\/\/arantv.az\/wp-content\/uploads\/2022\/02\/mehriban_31645257810.jpg",650,360,false],"2048x2048":["https:\/\/arantv.az\/wp-content\/uploads\/2022\/02\/mehriban_31645257810.jpg",650,360,false],"post-thumbnail":["https:\/\/arantv.az\/wp-content\/uploads\/2022\/02\/mehriban_31645257810-240x172.jpg",240,172,true],"advps-thumb-one":["https:\/\/arantv.az\/wp-content\/uploads\/2022\/02\/mehriban_31645257810.jpg",650,360,false]},"rttpg_author":{"display_name":"V\u00fcsal Rafiqo\u011flu","author_link":"https:\/\/arantv.az\/?author=2"},"rttpg_comment":0,"rttpg_category":"<a href=\"https:\/\/arantv.az\/?cat=1\" rel=\"category\">C\u0259miyy\u0259t<\/a>","rttpg_excerpt":"Birinci vitse-prezident Mehriban \u018fliyeva 9 May &#8211; fa\u015fizm \u00fcz\u0259rind\u0259 Q\u0259l\u0259b\u0259nin 77-ci ild\u00f6n\u00fcm\u00fc il\u0259 ba\u011fl\u0131 payla\u015f\u0131m edib. O, fikirl\u0259rini \u201cInstagram\u201d hesab\u0131nda b\u00f6l\u00fc\u015f\u00fcb: \u201c\u018fziz veteranlar! Fa\u015fizm \u00fcz\u0259rind\u0259 Q\u0259l\u0259b\u0259nin 77-ci ild\u00f6n\u00fcm\u00fc m\u00fcnasib\u0259til\u0259 sizi t\u0259brik edir\u0259m! H\u0259r biriniz\u0259 m\u00f6hk\u0259m cansa\u011fl\u0131\u011f\u0131, V\u0259t\u0259nimiz\u0259 &#8211; s\u00fclh v\u0259 \u0259min-amanl\u0131q arzulay\u0131ram!\u201d &nbsp;","_links":{"self":[{"href":"https:\/\/arantv.az\/index.php?rest_route=\/wp\/v2\/posts\/472527"}],"collection":[{"href":"https:\/\/arantv.az\/index.php?rest_route=\/wp\/v2\/posts"}],"about":[{"href":"https:\/\/arantv.az\/index.php?rest_route=\/wp\/v2\/types\/post"}],"author":[{"embeddable":true,"href":"https:\/\/arantv.az\/index.php?rest_route=\/wp\/v2\/users\/2"}],"replies":[{"embeddable":true,"href":"https:\/\/arantv.az\/index.php?rest_route=%2Fwp%2Fv2%2Fcomments&post=472527"}],"version-history":[{"count":0,"href":"https:\/\/arantv.az\/index.php?rest_route=\/wp\/v2\/posts\/472527\/revisions"}],"wp:featuredmedia":[{"embeddable":true,"href":"https:\/\/arantv.az\/index.php?rest_route=\/wp\/v2\/media\/441088"}],"wp:attachment":[{"href":"https:\/\/arantv.az\/index.php?rest_route=%2Fwp%2Fv2%2Fmedia&parent=472527"}],"wp:term":[{"taxonomy":"category","embeddable":true,"href":"https:\/\/arantv.az\/index.php?rest_route=%2Fwp%2Fv2%2Fcategories&post=472527"},{"taxonomy":"post_tag","embeddable":true,"href":"https:\/\/arantv.az\/index.php?rest_route=%2Fwp%2Fv2%2Ftags&post=472527"}],"curies":[{"name":"wp","href":"https:\/\/api.w.org\/{rel}","templated":true}]}}