{"id":472532,"date":"2022-05-09T12:26:27","date_gmt":"2022-05-09T09:26:27","guid":{"rendered":"https:\/\/arantv.az\/?p=472532"},"modified":"2022-05-09T12:26:27","modified_gmt":"2022-05-09T09:26:27","slug":"f%c9%99day%c9%99-lacinin-adi-hallanan-cinay%c9%99t-isind%c9%99-qocanin-ortagi-il%c9%99-bagli-q%c9%99rar","status":"publish","type":"post","link":"https:\/\/arantv.az\/?p=472532","title":{"rendered":"F\u0259day\u0259 La\u00e7\u0131n\u0131n ad\u0131 hallanan cinay\u0259t i\u015find\u0259 \u201cQoca\u201dn\u0131n orta\u011f\u0131 il\u0259 ba\u011fl\u0131 Q\u018fRAR"},"content":{"rendered":"<p>\u015eirvan Apellyasiya M\u0259hk\u0259m\u0259sind\u0259 kriminal qrupla\u015fmalar aras\u0131nda ba\u015f ver\u0259n silahl\u0131 insidentd\u0259 i\u015ftirak etm\u0259kd\u0259 t\u0259qsirl\u0259ndiril\u0259n Kakavan Kavus Z\u0259f\u0259r o\u011flunun \u015fikay\u0259tin\u0259 bax\u0131l\u0131b.<\/p>\n<p>APA-n\u0131n Mil-Mu\u011fan b\u00fcrosu x\u0259b\u0259r verir ki, hakim Rafiq C\u0259f\u0259rovun s\u0259drliyi il\u0259 ke\u00e7iril\u0259n prosesd\u0259 q\u0259rar elan edilib.<\/p>\n<div class=\"AdviadNativeVideo\"><\/div>\n<p>Q\u0259rara \u0259sas\u0259n, t\u0259qsirl\u0259ndiril\u0259n \u015f\u0259xsin apellyasiya \u015fikay\u0259ti t\u0259min edilm\u0259yib v\u0259 birinci instansiya m\u0259hk\u0259m\u0259sinin q\u0259rar\u0131 q\u00fcvv\u0259d\u0259 saxlan\u0131l\u0131b.<\/p>\n<p>Qeyd ed\u0259k ki, Belarusdan Az\u0259rbaycana ekstradisiya edil\u0259n Kakavan Kavus Z\u0259f\u0259r o\u011flu 2015-ci ild\u0259 \u015eirvanda 2 n\u0259f\u0259rin q\u0259tl\u0259 yetirildiyi kriminal qrupla\u015fmalar aras\u0131nda ba\u015f ver\u0259n silahl\u0131 insidentd\u0259 i\u015ftirak edib. Hadis\u0259 vaxt\u0131 Nac\u0131yev Elvin Zaman\u0259li (Kriti Elvin) v\u0259 Sar\u0131balaev Zaur V\u0259fadar o\u011flu q\u0259tl\u0259 yetirilib.<\/p>\n<p>Hadis\u0259ni t\u00f6r\u0259tm\u0259kd\u0259 t\u0259qsirli bilin\u0259nl\u0259r &#8211; kriminal al\u0259min \u00fczvl\u0259ri \u018fli A\u011fami, Tahir M\u0259likov, M\u0259h\u0259mm\u0259d Heyd\u0259rov v\u0259 \u018ffs\u0259r \u0130brahimov saxlan\u0131l\u0131b, Kakavan Kavus Z\u0259f\u0259r o\u011flu is\u0259 istintaqdan qa\u00e7araq gizl\u0259nib.<\/p>\n<p>\u0130stintaq\u0131n davam\u0131nda is\u0259 hadis\u0259nin t\u0259\u015fkilat\u00e7\u0131s\u0131 Etibar M\u0259mm\u0259dov (\u201cQoca\u201d) tutularaq istintaqa t\u0259hvil verilib.<\/p>\n<p>Cinay\u0259t i\u015fin\u0259 L\u0259nk\u0259ran A\u011f\u0131r Cinay\u0259tl\u0259r M\u0259hk\u0259m\u0259sind\u0259 bax\u0131lan zaman Etibar M\u0259mm\u0259dov v\u0259 \u018fli A\u011fami L\u0259nk\u0259randan Bak\u0131ya etap edil\u0259rk\u0259n x\u00fcsusi t\u0259yinatl\u0131 qatardan qa\u00e7\u0131blar. Hadis\u0259d\u0259n bir m\u00fcdd\u0259t sonra \u018fli A\u011fami \u00f6z\u00fc t\u0259slim olub.<\/p>\n<p>H\u00fcquq-m\u00fchafiz\u0259 orqanlar\u0131n\u0131n \u0259m\u0259kda\u015flar\u0131 Etibar M\u0259mm\u0259dovun (\u201cQoca\u201d) tutulmas\u0131 il\u0259 ba\u011fl\u0131 \u0259m\u0259liyyat ke\u00e7ir\u0259n zaman polis \u0259m\u0259kda\u015flar\u0131na at\u0259\u015f a\u00e7\u0131b v\u0259 \u0259m\u0259liyyat n\u0259tic\u0259sind\u0259 o\u00a0\u00f6ld\u00fcr\u00fcl\u00fcb.<\/p>\n<p>L\u0259nk\u0259ran A\u011f\u0131r Cinay\u0259tl\u0259r M\u0259hk\u0259m\u0259sinin h\u00f6km\u00fc il\u0259 \u018fli A\u011fami 19 il, Tahir M\u0259likov, M\u0259h\u0259mm\u0259d Heyd\u0259rov v\u0259 \u018ffs\u0259r \u0130brahimov h\u0259r biri 18 il m\u00fcdd\u0259tin\u0259 azadl\u0131qdan m\u0259hrum edilibl\u0259r.<\/p>\n<p>\u00d6t\u0259n il L\u0259nk\u0259ran A\u011f\u0131r Cinay\u0259tl\u0259r M\u0259hk\u0259m\u0259sinin h\u00f6km\u00fc il\u0259 istintaqdan qa\u00e7araq yay\u0131nan Kakavan Kavus Z\u0259f\u0259r o\u011flu m\u0259hk\u0259m\u0259sinin h\u00f6km\u00fc il\u0259 cinay\u0259t m\u0259c\u0259ll\u0259sinin CM-in 120.2.1 v\u0259 228.2.1-ci madd\u0259l\u0259ri 18 il azadl\u0131qdan m\u0259hrum edilib.<\/p>\n<p>Qeyd ed\u0259k ki, F\u0259day\u0259 La\u00e7\u0131n 2017-ci ild\u0259\u00a0\u201cQoca\u201d l\u0259q\u0259bli kriminal avtoritet Etibar M\u0259mm\u0259dov v\u0259 \u018fli A\u011faminin dustaqlar\u0131n apar\u0131ld\u0131\u011f\u0131 x\u00fcsusi t\u0259yinatl\u0131 vaqondan qa\u00e7mas\u0131na k\u00f6m\u0259k etdiyi \u00fc\u00e7\u00fcn h\u0259bs olunmu\u015fdu.<\/p>\n","protected":false},"excerpt":{"rendered":"<p>\u015eirvan Apellyasiya M\u0259hk\u0259m\u0259sind\u0259 kriminal qrupla\u015fmalar aras\u0131nda ba\u015f ver\u0259n silahl\u0131 insidentd\u0259 i\u015ftirak etm\u0259kd\u0259 t\u0259qsirl\u0259ndiril\u0259n Kakavan Kavus Z\u0259f\u0259r o\u011flunun \u015fikay\u0259tin\u0259 bax\u0131l\u0131b. APA-n\u0131n Mil-Mu\u011fan b\u00fcrosu x\u0259b\u0259r verir ki, hakim Rafiq C\u0259f\u0259rovun s\u0259drliyi il\u0259 ke\u00e7iril\u0259n prosesd\u0259 q\u0259rar elan edilib. Q\u0259rara \u0259sas\u0259n, t\u0259qsirl\u0259ndiril\u0259n \u015f\u0259xsin apellyasiya \u015fikay\u0259ti t\u0259min edilm\u0259yib v\u0259 birinci instansiya m\u0259hk\u0259m\u0259sinin q\u0259rar\u0131 q\u00fcvv\u0259d\u0259 saxlan\u0131l\u0131b. Qeyd ed\u0259k ki, Belarusdan Az\u0259rbaycana ekstradisiya edil\u0259n Kakavan Kavus Z\u0259f\u0259r o\u011flu 2015-ci ild\u0259 \u015eirvanda 2 n\u0259f\u0259rin q\u0259tl\u0259 yetirildiyi kriminal qrupla\u015fmalar aras\u0131nda ba\u015f ver\u0259n silahl\u0131 insidentd\u0259 i\u015ftirak edib. Hadis\u0259 vaxt\u0131 Nac\u0131yev Elvin Zaman\u0259li (Kriti Elvin) v\u0259 Sar\u0131balaev Zaur V\u0259fadar o\u011flu q\u0259tl\u0259&hellip;<\/p>\n","protected":false},"author":2,"featured_media":472533,"comment_status":"closed","ping_status":"closed","sticky":false,"template":"","format":"standard","meta":{"om_disable_all_campaigns":false,"_monsterinsights_skip_tracking":false,"_monsterinsights_sitenote_active":false,"_monsterinsights_sitenote_note":"","_monsterinsights_sitenote_category":0},"categories":[5],"tags":[],"aioseo_notices":[],"gutentor_comment":0,"rttpg_featured_image_url":{"full":["https:\/\/arantv.az\/wp-content\/uploads\/2022\/05\/FotoJet-2022-05-09T123539.276.jpg",620,413,false],"landscape":["https:\/\/arantv.az\/wp-content\/uploads\/2022\/05\/FotoJet-2022-05-09T123539.276.jpg",620,413,false],"portraits":["https:\/\/arantv.az\/wp-content\/uploads\/2022\/05\/FotoJet-2022-05-09T123539.276.jpg",620,413,false],"thumbnail":["https:\/\/arantv.az\/wp-content\/uploads\/2022\/05\/FotoJet-2022-05-09T123539.276-500x280.jpg",500,280,true],"medium":["https:\/\/arantv.az\/wp-content\/uploads\/2022\/05\/FotoJet-2022-05-09T123539.276-548x365.jpg",548,365,true],"large":["https:\/\/arantv.az\/wp-content\/uploads\/2022\/05\/FotoJet-2022-05-09T123539.276.jpg",620,413,false],"1536x1536":["https:\/\/arantv.az\/wp-content\/uploads\/2022\/05\/FotoJet-2022-05-09T123539.276.jpg",620,413,false],"2048x2048":["https:\/\/arantv.az\/wp-content\/uploads\/2022\/05\/FotoJet-2022-05-09T123539.276.jpg",620,413,false],"post-thumbnail":["https:\/\/arantv.az\/wp-content\/uploads\/2022\/05\/FotoJet-2022-05-09T123539.276-240x172.jpg",240,172,true],"advps-thumb-one":["https:\/\/arantv.az\/wp-content\/uploads\/2022\/05\/FotoJet-2022-05-09T123539.276.jpg",620,413,false]},"rttpg_author":{"display_name":"V\u00fcsal Rafiqo\u011flu","author_link":"https:\/\/arantv.az\/?author=2"},"rttpg_comment":0,"rttpg_category":"<a href=\"https:\/\/arantv.az\/?cat=5\" rel=\"category\">Hadis\u0259<\/a>","rttpg_excerpt":"\u015eirvan Apellyasiya M\u0259hk\u0259m\u0259sind\u0259 kriminal qrupla\u015fmalar aras\u0131nda ba\u015f ver\u0259n silahl\u0131 insidentd\u0259 i\u015ftirak etm\u0259kd\u0259 t\u0259qsirl\u0259ndiril\u0259n Kakavan Kavus Z\u0259f\u0259r o\u011flunun \u015fikay\u0259tin\u0259 bax\u0131l\u0131b. APA-n\u0131n Mil-Mu\u011fan b\u00fcrosu x\u0259b\u0259r verir ki, hakim Rafiq C\u0259f\u0259rovun s\u0259drliyi il\u0259 ke\u00e7iril\u0259n prosesd\u0259 q\u0259rar elan edilib. Q\u0259rara \u0259sas\u0259n, t\u0259qsirl\u0259ndiril\u0259n \u015f\u0259xsin apellyasiya \u015fikay\u0259ti t\u0259min edilm\u0259yib v\u0259 birinci instansiya m\u0259hk\u0259m\u0259sinin q\u0259rar\u0131 q\u00fcvv\u0259d\u0259 saxlan\u0131l\u0131b. Qeyd ed\u0259k ki, Belarusdan Az\u0259rbaycana&hellip;","_links":{"self":[{"href":"https:\/\/arantv.az\/index.php?rest_route=\/wp\/v2\/posts\/472532"}],"collection":[{"href":"https:\/\/arantv.az\/index.php?rest_route=\/wp\/v2\/posts"}],"about":[{"href":"https:\/\/arantv.az\/index.php?rest_route=\/wp\/v2\/types\/post"}],"author":[{"embeddable":true,"href":"https:\/\/arantv.az\/index.php?rest_route=\/wp\/v2\/users\/2"}],"replies":[{"embeddable":true,"href":"https:\/\/arantv.az\/index.php?rest_route=%2Fwp%2Fv2%2Fcomments&post=472532"}],"version-history":[{"count":0,"href":"https:\/\/arantv.az\/index.php?rest_route=\/wp\/v2\/posts\/472532\/revisions"}],"wp:featuredmedia":[{"embeddable":true,"href":"https:\/\/arantv.az\/index.php?rest_route=\/wp\/v2\/media\/472533"}],"wp:attachment":[{"href":"https:\/\/arantv.az\/index.php?rest_route=%2Fwp%2Fv2%2Fmedia&parent=472532"}],"wp:term":[{"taxonomy":"category","embeddable":true,"href":"https:\/\/arantv.az\/index.php?rest_route=%2Fwp%2Fv2%2Fcategories&post=472532"},{"taxonomy":"post_tag","embeddable":true,"href":"https:\/\/arantv.az\/index.php?rest_route=%2Fwp%2Fv2%2Ftags&post=472532"}],"curies":[{"name":"wp","href":"https:\/\/api.w.org\/{rel}","templated":true}]}}