{"id":472538,"date":"2022-05-09T12:38:01","date_gmt":"2022-05-09T09:38:01","guid":{"rendered":"https:\/\/arantv.az\/?p=472538"},"modified":"2022-05-09T12:38:01","modified_gmt":"2022-05-09T09:38:01","slug":"ozunu-iyn%c9%99l%c9%99yib-sacini-k%c9%99sib-polis%c9%99-z%c9%99ng-etdi-maskalilar-evim%c9%99-girib-m%c9%99ni-az%c9%99rbaycanda-q%c9%99rib%c9%99-olay","status":"publish","type":"post","link":"https:\/\/arantv.az\/?p=472538","title":{"rendered":"\u00d6z\u00fcn\u00fc iyn\u0259l\u0259yib, sa\u00e7\u0131n\u0131 k\u0259sib polis\u0259 z\u0259ng etdi &#8211; Maskal\u0131lar evim\u0259 girib m\u0259ni&#8230; &#8211; Az\u0259rbaycanda q\u0259rib\u0259 olay"},"content":{"rendered":"<p>L\u0259nk\u0259randa qad\u0131n polis\u0259 bil\u0259r\u0259kd\u0259n yalan m\u0259lumat verib.<\/p>\n<p>Bu bar\u0259d\u0259 Daxili \u0130\u015fl\u0259r Nazirliyinin M\u0259tbuat Xidm\u0259tinin L\u0259nk\u0259ran regional qrupundan bildirilib.<\/p>\n<p>Qeyd edilib ki, rayon sakini \u015e.H. adl\u0131 qad\u0131n polis\u0259 m\u00fcraci\u0259t ed\u0259r\u0259k ya\u015fad\u0131\u011f\u0131 ev\u0259 2 n\u0259f\u0259r maskal\u0131 \u015f\u0259xsin daxil olaraq onu h\u0259d\u0259l\u0259diyini, zor t\u0259tbiq ed\u0259r\u0259k q\u0131z\u0131l-zin\u0259t \u0259\u015fyalar\u0131n\u0131 quldurluq yolu il\u0259 \u0259l\u0259 ke\u00e7irdiyini bildirib.<\/p>\n<p>M\u0259lumatla \u0259laq\u0259dar d\u0259rhal m\u00fcvafiq ara\u015fd\u0131rmalara ba\u015flan\u0131l\u0131b. Polis \u0259m\u0259kda\u015flar\u0131 t\u0259r\u0259find\u0259n ke\u00e7iril\u0259n \u0259m\u0259liyyat-istintaq t\u0259dbirl\u0259ri n\u0259tic\u0259sind\u0259 qad\u0131n\u0131n polis\u0259 bil\u0259r\u0259kd\u0259n yalan m\u0259lumat verdiyi v\u0259 he\u00e7 bir quldurluq hadis\u0259sinin ba\u015f verm\u0259diyi m\u00fc\u0259yy\u0259n edilib.<\/p>\n<p>Ara\u015fd\u0131rmalarla \u015e.H.-n\u0131n ail\u0259 \u00fczvl\u0259ri il\u0259 ya\u015fad\u0131\u011f\u0131 m\u00fcnaqi\u015f\u0259 z\u0259minind\u0259 qay\u00e7\u0131 il\u0259 \u00f6z sa\u00e7\u0131n\u0131 k\u0259sdiyi, iyn\u0259 il\u0259 \u00fcz nahiy\u0259sin\u0259 x\u0259sar\u0259tl\u0259r yetiridiyi v\u0259 zorak\u0131l\u0131\u011fa m\u0259ruz qalmas\u0131 il\u0259 ba\u011fl\u0131 polis\u0259 bil\u0259r\u0259kd\u0259n yalan m\u0259lumat verdiyi m\u0259lum olub.<\/p>\n<div>\n<div class=\"AdviadNativeVideo\"><\/div>\n<\/div>\n<p>Qeyd olunanlar bar\u0259d\u0259 bil\u0259r\u0259kd\u0259n yalan m\u0259lumat verdiyini h\u0259min \u015f\u0259xs \u00f6z\u00fc d\u0259 etiraf edib.<\/p>\n<p>Haz\u0131rda faktla ba\u011fl\u0131 L\u0259nk\u0259ran \u015e\u0259h\u0259r Rayon Polis \u015e\u00f6b\u0259sind\u0259 ara\u015fd\u0131rmalar apar\u0131l\u0131r.<\/p>\n","protected":false},"excerpt":{"rendered":"<p>L\u0259nk\u0259randa qad\u0131n polis\u0259 bil\u0259r\u0259kd\u0259n yalan m\u0259lumat verib. Bu bar\u0259d\u0259 Daxili \u0130\u015fl\u0259r Nazirliyinin M\u0259tbuat Xidm\u0259tinin L\u0259nk\u0259ran regional qrupundan bildirilib. Qeyd edilib ki, rayon sakini \u015e.H. adl\u0131 qad\u0131n polis\u0259 m\u00fcraci\u0259t ed\u0259r\u0259k ya\u015fad\u0131\u011f\u0131 ev\u0259 2 n\u0259f\u0259r maskal\u0131 \u015f\u0259xsin daxil olaraq onu h\u0259d\u0259l\u0259diyini, zor t\u0259tbiq ed\u0259r\u0259k q\u0131z\u0131l-zin\u0259t \u0259\u015fyalar\u0131n\u0131 quldurluq yolu il\u0259 \u0259l\u0259 ke\u00e7irdiyini bildirib. M\u0259lumatla \u0259laq\u0259dar d\u0259rhal m\u00fcvafiq ara\u015fd\u0131rmalara ba\u015flan\u0131l\u0131b. Polis \u0259m\u0259kda\u015flar\u0131 t\u0259r\u0259find\u0259n ke\u00e7iril\u0259n \u0259m\u0259liyyat-istintaq t\u0259dbirl\u0259ri n\u0259tic\u0259sind\u0259 qad\u0131n\u0131n polis\u0259 bil\u0259r\u0259kd\u0259n yalan m\u0259lumat verdiyi v\u0259 he\u00e7 bir quldurluq hadis\u0259sinin ba\u015f verm\u0259diyi m\u00fc\u0259yy\u0259n edilib. Ara\u015fd\u0131rmalarla \u015e.H.-n\u0131n ail\u0259 \u00fczvl\u0259ri il\u0259 ya\u015fad\u0131\u011f\u0131 m\u00fcnaqi\u015f\u0259 z\u0259minind\u0259 qay\u00e7\u0131 il\u0259 \u00f6z sa\u00e7\u0131n\u0131&hellip;<\/p>\n","protected":false},"author":2,"featured_media":472539,"comment_status":"closed","ping_status":"closed","sticky":false,"template":"","format":"standard","meta":{"om_disable_all_campaigns":false,"_monsterinsights_skip_tracking":false,"_monsterinsights_sitenote_active":false,"_monsterinsights_sitenote_note":"","_monsterinsights_sitenote_category":0},"categories":[5],"tags":[],"aioseo_notices":[],"gutentor_comment":0,"rttpg_featured_image_url":{"full":["https:\/\/arantv.az\/wp-content\/uploads\/2022\/05\/1041088.jpg",800,600,false],"landscape":["https:\/\/arantv.az\/wp-content\/uploads\/2022\/05\/1041088.jpg",800,600,false],"portraits":["https:\/\/arantv.az\/wp-content\/uploads\/2022\/05\/1041088.jpg",800,600,false],"thumbnail":["https:\/\/arantv.az\/wp-content\/uploads\/2022\/05\/1041088-500x280.jpg",500,280,true],"medium":["https:\/\/arantv.az\/wp-content\/uploads\/2022\/05\/1041088-487x365.jpg",487,365,true],"large":["https:\/\/arantv.az\/wp-content\/uploads\/2022\/05\/1041088.jpg",640,480,false],"1536x1536":["https:\/\/arantv.az\/wp-content\/uploads\/2022\/05\/1041088.jpg",800,600,false],"2048x2048":["https:\/\/arantv.az\/wp-content\/uploads\/2022\/05\/1041088.jpg",800,600,false],"post-thumbnail":["https:\/\/arantv.az\/wp-content\/uploads\/2022\/05\/1041088-240x172.jpg",240,172,true],"advps-thumb-one":["https:\/\/arantv.az\/wp-content\/uploads\/2022\/05\/1041088.jpg",800,600,false]},"rttpg_author":{"display_name":"V\u00fcsal Rafiqo\u011flu","author_link":"https:\/\/arantv.az\/?author=2"},"rttpg_comment":0,"rttpg_category":"<a href=\"https:\/\/arantv.az\/?cat=5\" rel=\"category\">Hadis\u0259<\/a>","rttpg_excerpt":"L\u0259nk\u0259randa qad\u0131n polis\u0259 bil\u0259r\u0259kd\u0259n yalan m\u0259lumat verib. Bu bar\u0259d\u0259 Daxili \u0130\u015fl\u0259r Nazirliyinin M\u0259tbuat Xidm\u0259tinin L\u0259nk\u0259ran regional qrupundan bildirilib. Qeyd edilib ki, rayon sakini \u015e.H. adl\u0131 qad\u0131n polis\u0259 m\u00fcraci\u0259t ed\u0259r\u0259k ya\u015fad\u0131\u011f\u0131 ev\u0259 2 n\u0259f\u0259r maskal\u0131 \u015f\u0259xsin daxil olaraq onu h\u0259d\u0259l\u0259diyini, zor t\u0259tbiq ed\u0259r\u0259k q\u0131z\u0131l-zin\u0259t \u0259\u015fyalar\u0131n\u0131 quldurluq yolu il\u0259 \u0259l\u0259 ke\u00e7irdiyini bildirib. M\u0259lumatla \u0259laq\u0259dar d\u0259rhal m\u00fcvafiq ara\u015fd\u0131rmalara&hellip;","_links":{"self":[{"href":"https:\/\/arantv.az\/index.php?rest_route=\/wp\/v2\/posts\/472538"}],"collection":[{"href":"https:\/\/arantv.az\/index.php?rest_route=\/wp\/v2\/posts"}],"about":[{"href":"https:\/\/arantv.az\/index.php?rest_route=\/wp\/v2\/types\/post"}],"author":[{"embeddable":true,"href":"https:\/\/arantv.az\/index.php?rest_route=\/wp\/v2\/users\/2"}],"replies":[{"embeddable":true,"href":"https:\/\/arantv.az\/index.php?rest_route=%2Fwp%2Fv2%2Fcomments&post=472538"}],"version-history":[{"count":0,"href":"https:\/\/arantv.az\/index.php?rest_route=\/wp\/v2\/posts\/472538\/revisions"}],"wp:featuredmedia":[{"embeddable":true,"href":"https:\/\/arantv.az\/index.php?rest_route=\/wp\/v2\/media\/472539"}],"wp:attachment":[{"href":"https:\/\/arantv.az\/index.php?rest_route=%2Fwp%2Fv2%2Fmedia&parent=472538"}],"wp:term":[{"taxonomy":"category","embeddable":true,"href":"https:\/\/arantv.az\/index.php?rest_route=%2Fwp%2Fv2%2Fcategories&post=472538"},{"taxonomy":"post_tag","embeddable":true,"href":"https:\/\/arantv.az\/index.php?rest_route=%2Fwp%2Fv2%2Ftags&post=472538"}],"curies":[{"name":"wp","href":"https:\/\/api.w.org\/{rel}","templated":true}]}}