{"id":47258,"date":"2019-03-26T08:25:42","date_gmt":"2019-03-26T05:25:42","guid":{"rendered":"http:\/\/arantv.az\/?p=47258"},"modified":"2019-03-26T08:25:42","modified_gmt":"2019-03-26T05:25:42","slug":"onu-az%c9%99rbaycanin-sibel-cani-adlandirdilar-foto","status":"publish","type":"post","link":"https:\/\/arantv.az\/?p=47258","title":{"rendered":"Onu \u201cAz\u0259rbaycan\u0131n Sibel Can\u0131\u201d adland\u0131rd\u0131lar \u2013 FOTO"},"content":{"rendered":"<p>M\u00fc\u011f\u0259nni \u015e\u0259bn\u0259m Tovuzlu son hiti olan &#8220;Unutmad\u0131nm\u0131?&#8221; il\u0259 t\u00fcrk median\u0131n diqq\u0259tini \u00f6z\u00fcn\u0259 \u00e7\u0259k\u0259 bilib. <strong>ARANTV.AZ<\/strong> x\u0259b\u0259r verir ki, t\u00fcrk m\u0259tbuat\u0131 \u015e.Tovuzlunu Sibel Cana b\u0259nz\u0259m\u0259sind\u0259n yazmaqla yana\u015f\u0131, rekorda imza atmas\u0131ndan da yaz\u0131b. Qeyd ed\u0259k ki, \u015e\u0259bn\u0259m Tovuzlu haqda T\u00fcrkiy\u0259nin \u0259n b\u00f6y\u00fck x\u0259b\u0259r agentliyi olan \u201cSabah\u201d, \u201cTakvim\u201d v\u0259 bir s\u0131ra saytlar yaz\u0131b.<\/p>\n<p><img loading=\"lazy\" class=\"alignnone size-medium wp-image-47259\" src=\"https:\/\/arantv.az\/wp-content\/uploads\/2019\/03\/55576212_434242253813291_1421901897467428864_n-300x300.jpg\" alt=\"\" width=\"300\" height=\"300\" \/><img loading=\"lazy\" class=\"alignnone size-medium wp-image-47260\" src=\"https:\/\/arantv.az\/wp-content\/uploads\/2019\/03\/55533219_2200490153533994_2865441002653483008_n-300x300.jpg\" alt=\"\" width=\"300\" height=\"300\" \/><img loading=\"lazy\" class=\"alignnone size-medium wp-image-47261\" src=\"https:\/\/arantv.az\/wp-content\/uploads\/2019\/03\/55736485_295146104717884_2932561475950084096_n-300x258.jpg\" alt=\"\" width=\"300\" height=\"258\" \/><\/p>\n","protected":false},"excerpt":{"rendered":"<p>M\u00fc\u011f\u0259nni \u015e\u0259bn\u0259m Tovuzlu son hiti olan &#8220;Unutmad\u0131nm\u0131?&#8221; il\u0259 t\u00fcrk median\u0131n diqq\u0259tini \u00f6z\u00fcn\u0259 \u00e7\u0259k\u0259 bilib. ARANTV.AZ x\u0259b\u0259r verir ki, t\u00fcrk m\u0259tbuat\u0131 \u015e.Tovuzlunu Sibel Cana b\u0259nz\u0259m\u0259sind\u0259n yazmaqla yana\u015f\u0131, rekorda imza atmas\u0131ndan da yaz\u0131b. Qeyd ed\u0259k ki, \u015e\u0259bn\u0259m Tovuzlu haqda T\u00fcrkiy\u0259nin \u0259n b\u00f6y\u00fck x\u0259b\u0259r agentliyi olan \u201cSabah\u201d, \u201cTakvim\u201d v\u0259 bir s\u0131ra saytlar yaz\u0131b.<\/p>\n","protected":false},"author":2,"featured_media":47262,"comment_status":"closed","ping_status":"closed","sticky":false,"template":"","format":"standard","meta":{"om_disable_all_campaigns":false,"_monsterinsights_skip_tracking":false,"_monsterinsights_sitenote_active":false,"_monsterinsights_sitenote_note":"","_monsterinsights_sitenote_category":0},"categories":[24],"tags":[],"aioseo_notices":[],"gutentor_comment":0,"rttpg_featured_image_url":{"full":["https:\/\/arantv.az\/wp-content\/uploads\/2019\/03\/54524878_376207859601882_4461963703301963776_n.jpg",960,640,false],"landscape":["https:\/\/arantv.az\/wp-content\/uploads\/2019\/03\/54524878_376207859601882_4461963703301963776_n.jpg",960,640,false],"portraits":["https:\/\/arantv.az\/wp-content\/uploads\/2019\/03\/54524878_376207859601882_4461963703301963776_n.jpg",960,640,false],"thumbnail":["https:\/\/arantv.az\/wp-content\/uploads\/2019\/03\/54524878_376207859601882_4461963703301963776_n-150x150.jpg",150,150,true],"medium":["https:\/\/arantv.az\/wp-content\/uploads\/2019\/03\/54524878_376207859601882_4461963703301963776_n-300x200.jpg",300,200,true],"large":["https:\/\/arantv.az\/wp-content\/uploads\/2019\/03\/54524878_376207859601882_4461963703301963776_n.jpg",640,427,false],"1536x1536":["https:\/\/arantv.az\/wp-content\/uploads\/2019\/03\/54524878_376207859601882_4461963703301963776_n.jpg",960,640,false],"2048x2048":["https:\/\/arantv.az\/wp-content\/uploads\/2019\/03\/54524878_376207859601882_4461963703301963776_n.jpg",960,640,false],"post-thumbnail":["https:\/\/arantv.az\/wp-content\/uploads\/2019\/03\/54524878_376207859601882_4461963703301963776_n-240x172.jpg",240,172,true],"advps-thumb-one":["https:\/\/arantv.az\/wp-content\/uploads\/2019\/03\/54524878_376207859601882_4461963703301963776_n-960x620.jpg",960,620,true]},"rttpg_author":{"display_name":"V\u00fcsal Rafiqo\u011flu","author_link":"https:\/\/arantv.az\/?author=2"},"rttpg_comment":0,"rttpg_category":"<a href=\"https:\/\/arantv.az\/?cat=24\" rel=\"category\">Maraql\u0131<\/a>","rttpg_excerpt":"M\u00fc\u011f\u0259nni \u015e\u0259bn\u0259m Tovuzlu son hiti olan &#8220;Unutmad\u0131nm\u0131?&#8221; il\u0259 t\u00fcrk median\u0131n diqq\u0259tini \u00f6z\u00fcn\u0259 \u00e7\u0259k\u0259 bilib. ARANTV.AZ x\u0259b\u0259r verir ki, t\u00fcrk m\u0259tbuat\u0131 \u015e.Tovuzlunu Sibel Cana b\u0259nz\u0259m\u0259sind\u0259n yazmaqla yana\u015f\u0131, rekorda imza atmas\u0131ndan da yaz\u0131b. Qeyd ed\u0259k ki, \u015e\u0259bn\u0259m Tovuzlu haqda T\u00fcrkiy\u0259nin \u0259n b\u00f6y\u00fck x\u0259b\u0259r agentliyi olan \u201cSabah\u201d, \u201cTakvim\u201d v\u0259 bir s\u0131ra saytlar yaz\u0131b.","_links":{"self":[{"href":"https:\/\/arantv.az\/index.php?rest_route=\/wp\/v2\/posts\/47258"}],"collection":[{"href":"https:\/\/arantv.az\/index.php?rest_route=\/wp\/v2\/posts"}],"about":[{"href":"https:\/\/arantv.az\/index.php?rest_route=\/wp\/v2\/types\/post"}],"author":[{"embeddable":true,"href":"https:\/\/arantv.az\/index.php?rest_route=\/wp\/v2\/users\/2"}],"replies":[{"embeddable":true,"href":"https:\/\/arantv.az\/index.php?rest_route=%2Fwp%2Fv2%2Fcomments&post=47258"}],"version-history":[{"count":0,"href":"https:\/\/arantv.az\/index.php?rest_route=\/wp\/v2\/posts\/47258\/revisions"}],"wp:featuredmedia":[{"embeddable":true,"href":"https:\/\/arantv.az\/index.php?rest_route=\/wp\/v2\/media\/47262"}],"wp:attachment":[{"href":"https:\/\/arantv.az\/index.php?rest_route=%2Fwp%2Fv2%2Fmedia&parent=47258"}],"wp:term":[{"taxonomy":"category","embeddable":true,"href":"https:\/\/arantv.az\/index.php?rest_route=%2Fwp%2Fv2%2Fcategories&post=47258"},{"taxonomy":"post_tag","embeddable":true,"href":"https:\/\/arantv.az\/index.php?rest_route=%2Fwp%2Fv2%2Ftags&post=47258"}],"curies":[{"name":"wp","href":"https:\/\/api.w.org\/{rel}","templated":true}]}}